{"id":694,"date":"2014-02-25T11:56:18","date_gmt":"2014-02-25T11:56:18","guid":{"rendered":"http:\/\/www.encontramontesclaros.com.br\/noticias\/?p=694"},"modified":"2014-02-25T11:56:18","modified_gmt":"2014-02-25T11:56:18","slug":"folia-em-montes-claros-crass-terao-comemoracoes-de-carnaval","status":"publish","type":"post","link":"https:\/\/www.encontramontesclaros.com.br\/noticias\/folia-em-montes-claros-crass-terao-comemoracoes-de-carnaval\/","title":{"rendered":"Folia em Montes Claros: CRAS&#8217;s ter\u00e3o comemora\u00e7\u00f5es de Carnaval"},"content":{"rendered":"<p><span style=\"color: #000000;\">A Secretaria de Desenvolvimento Social da prefeitura de Montes Claros, atrav\u00e9s do Servi\u00e7o de Conviv\u00eancia e Fortalecimentos de V\u00ednculos (SCFV), promover\u00e1 eventos carnavalescos nos Centros de Refer\u00eancia e Assist\u00eancia Social (CRAS) dos bairros S\u00e3o Judas, Maracan\u00e3 e Vila Oliveira. O principal objetivo \u00e9 promover a sociliza\u00e7\u00e3o, atrav\u00e9s de atividades l\u00fadicas relacionadas com a \u00e9poca.<\/span><\/p>\n<p><span style=\"color: #000000;\">As atividades ir\u00e3o acontecer hoje. 25, no CRAS do bairro S\u00e3o Judas, a partir das 13h e o p\u00fablico ser\u00e3o os idosos. Dia 27, o local das atividades ser\u00e1 no CRAS da Vila Oliveira, \u00e0s 16h e no dia 28, ap\u00f3s as 15h, as festividades ser\u00e3o no CRAS do bairro Maracan\u00e3.<\/span><\/p>\n<p><span style=\"color: #000000;\">O evento ser\u00e1 diferenciado para cada idade, com a participa\u00e7\u00e3o de crian\u00e7as, jovens e idosos.<\/p>\n<p>Para mais informa\u00e7\u00f5es ligue (38) 3212-1517 ou 3222-6551.<\/span><\/p>\n","protected":false},"excerpt":{"rendered":"<p>A Secretaria de Desenvolvimento Social da prefeitura de Montes Claros, atrav\u00e9s do Servi\u00e7o de Conviv\u00eancia e Fortalecimentos de V\u00ednculos (SCFV), promover\u00e1 eventos carnavalescos nos Centros de Refer\u00eancia e Assist\u00eancia Social (CRAS) dos bairros S\u00e3o Judas, Maracan\u00e3 e Vila Oliveira. O principal objetivo \u00e9 promover a sociliza\u00e7\u00e3o, atrav\u00e9s de atividades l\u00fadicas relacionadas com a \u00e9poca. As [&hellip;]<\/p>\n","protected":false},"author":1,"featured_media":0,"comment_status":"open","ping_status":"open","sticky":false,"template":"","format":"standard","meta":{"footnotes":""},"categories":[6],"tags":[],"class_list":["post-694","post","type-post","status-publish","format-standard","hentry","category-noticias-montes-claros"],"yoast_head":"<!-- This site is optimized with the Yoast SEO plugin v25.9 - https:\/\/yoast.com\/wordpress\/plugins\/seo\/ -->\n<title>Folia em Montes Claros: CRAS&#039;s ter\u00e3o comemora\u00e7\u00f5es de Carnaval - Not\u00edcias da Cidade Montes Claros<\/title>\n<meta name=\"robots\" content=\"index, follow, max-snippet:-1, max-image-preview:large, max-video-preview:-1\" \/>\n<link rel=\"canonical\" href=\"https:\/\/www.encontramontesclaros.com.br\/noticias\/folia-em-montes-claros-crass-terao-comemoracoes-de-carnaval\/\" \/>\n<meta property=\"og:locale\" content=\"pt_BR\" \/>\n<meta property=\"og:type\" content=\"article\" \/>\n<meta property=\"og:title\" content=\"Folia em Montes Claros: CRAS&#039;s ter\u00e3o comemora\u00e7\u00f5es de Carnaval - Not\u00edcias da Cidade Montes Claros\" \/>\n<meta property=\"og:description\" content=\"A Secretaria de Desenvolvimento Social da prefeitura de Montes Claros, atrav\u00e9s do Servi\u00e7o de Conviv\u00eancia e Fortalecimentos de V\u00ednculos (SCFV), promover\u00e1 eventos carnavalescos nos Centros de Refer\u00eancia e Assist\u00eancia Social (CRAS) dos bairros S\u00e3o Judas, Maracan\u00e3 e Vila Oliveira. O principal objetivo \u00e9 promover a sociliza\u00e7\u00e3o, atrav\u00e9s de atividades l\u00fadicas relacionadas com a \u00e9poca. As [&hellip;]\" \/>\n<meta property=\"og:url\" content=\"https:\/\/www.encontramontesclaros.com.br\/noticias\/folia-em-montes-claros-crass-terao-comemoracoes-de-carnaval\/\" \/>\n<meta property=\"og:site_name\" content=\"Not\u00edcias da Cidade Montes Claros\" \/>\n<meta property=\"article:published_time\" content=\"2014-02-25T11:56:18+00:00\" \/>\n<meta name=\"author\" content=\"Encontra Montes Claros\" \/>\n<meta name=\"twitter:card\" content=\"summary_large_image\" \/>\n<meta name=\"twitter:label1\" content=\"Escrito por\" \/>\n\t<meta name=\"twitter:data1\" content=\"Encontra Montes Claros\" \/>\n\t<meta name=\"twitter:label2\" content=\"Est. tempo de leitura\" \/>\n\t<meta name=\"twitter:data2\" content=\"1 minuto\" \/>\n<script type=\"application\/ld+json\" class=\"yoast-schema-graph\">{\"@context\":\"https:\/\/schema.org\",\"@graph\":[{\"@type\":\"WebPage\",\"@id\":\"https:\/\/www.encontramontesclaros.com.br\/noticias\/folia-em-montes-claros-crass-terao-comemoracoes-de-carnaval\/\",\"url\":\"https:\/\/www.encontramontesclaros.com.br\/noticias\/folia-em-montes-claros-crass-terao-comemoracoes-de-carnaval\/\",\"name\":\"Folia em Montes Claros: CRAS's ter\u00e3o comemora\u00e7\u00f5es de Carnaval - Not\u00edcias da Cidade Montes Claros\",\"isPartOf\":{\"@id\":\"https:\/\/www.encontramontesclaros.com.br\/noticias\/#website\"},\"datePublished\":\"2014-02-25T11:56:18+00:00\",\"author\":{\"@id\":\"https:\/\/www.encontramontesclaros.com.br\/noticias\/#\/schema\/person\/aee9ea87107989474197d40d1258976d\"},\"breadcrumb\":{\"@id\":\"https:\/\/www.encontramontesclaros.com.br\/noticias\/folia-em-montes-claros-crass-terao-comemoracoes-de-carnaval\/#breadcrumb\"},\"inLanguage\":\"pt-BR\",\"potentialAction\":[{\"@type\":\"ReadAction\",\"target\":[\"https:\/\/www.encontramontesclaros.com.br\/noticias\/folia-em-montes-claros-crass-terao-comemoracoes-de-carnaval\/\"]}]},{\"@type\":\"BreadcrumbList\",\"@id\":\"https:\/\/www.encontramontesclaros.com.br\/noticias\/folia-em-montes-claros-crass-terao-comemoracoes-de-carnaval\/#breadcrumb\",\"itemListElement\":[{\"@type\":\"ListItem\",\"position\":1,\"name\":\"In\u00edcio\",\"item\":\"https:\/\/www.encontramontesclaros.com.br\/noticias\/\"},{\"@type\":\"ListItem\",\"position\":2,\"name\":\"Folia em Montes Claros: CRAS&#8217;s ter\u00e3o comemora\u00e7\u00f5es de Carnaval\"}]},{\"@type\":\"WebSite\",\"@id\":\"https:\/\/www.encontramontesclaros.com.br\/noticias\/#website\",\"url\":\"https:\/\/www.encontramontesclaros.com.br\/noticias\/\",\"name\":\"Not\u00edcias da Cidade Montes Claros\",\"description\":\"Not\u00edcias, eventos, informa\u00e7\u00f5es e dicas da cidade de Montes Claros e regi\u00e3o\",\"potentialAction\":[{\"@type\":\"SearchAction\",\"target\":{\"@type\":\"EntryPoint\",\"urlTemplate\":\"https:\/\/www.encontramontesclaros.com.br\/noticias\/?s={search_term_string}\"},\"query-input\":{\"@type\":\"PropertyValueSpecification\",\"valueRequired\":true,\"valueName\":\"search_term_string\"}}],\"inLanguage\":\"pt-BR\"},{\"@type\":\"Person\",\"@id\":\"https:\/\/www.encontramontesclaros.com.br\/noticias\/#\/schema\/person\/aee9ea87107989474197d40d1258976d\",\"name\":\"Encontra Montes Claros\",\"image\":{\"@type\":\"ImageObject\",\"inLanguage\":\"pt-BR\",\"@id\":\"https:\/\/www.encontramontesclaros.com.br\/noticias\/#\/schema\/person\/image\/\",\"url\":\"https:\/\/secure.gravatar.com\/avatar\/507340682b8270222e1f208e23198b6ae7e2c6a1033ae84e99bc6bce4f82a387?s=96&d=mm&r=g\",\"contentUrl\":\"https:\/\/secure.gravatar.com\/avatar\/507340682b8270222e1f208e23198b6ae7e2c6a1033ae84e99bc6bce4f82a387?s=96&d=mm&r=g\",\"caption\":\"Encontra Montes Claros\"},\"sameAs\":[\"http:\/\/www.encontramontesclaros.com.br\"],\"url\":\"https:\/\/www.encontramontesclaros.com.br\/noticias\/author\/emontesclaros\/\"}]}<\/script>\n<!-- \/ Yoast SEO plugin. -->","yoast_head_json":{"title":"Folia em Montes Claros: CRAS's ter\u00e3o comemora\u00e7\u00f5es de Carnaval - Not\u00edcias da Cidade Montes Claros","robots":{"index":"index","follow":"follow","max-snippet":"max-snippet:-1","max-image-preview":"max-image-preview:large","max-video-preview":"max-video-preview:-1"},"canonical":"https:\/\/www.encontramontesclaros.com.br\/noticias\/folia-em-montes-claros-crass-terao-comemoracoes-de-carnaval\/","og_locale":"pt_BR","og_type":"article","og_title":"Folia em Montes Claros: CRAS's ter\u00e3o comemora\u00e7\u00f5es de Carnaval - Not\u00edcias da Cidade Montes Claros","og_description":"A Secretaria de Desenvolvimento Social da prefeitura de Montes Claros, atrav\u00e9s do Servi\u00e7o de Conviv\u00eancia e Fortalecimentos de V\u00ednculos (SCFV), promover\u00e1 eventos carnavalescos nos Centros de Refer\u00eancia e Assist\u00eancia Social (CRAS) dos bairros S\u00e3o Judas, Maracan\u00e3 e Vila Oliveira. O principal objetivo \u00e9 promover a sociliza\u00e7\u00e3o, atrav\u00e9s de atividades l\u00fadicas relacionadas com a \u00e9poca. As [&hellip;]","og_url":"https:\/\/www.encontramontesclaros.com.br\/noticias\/folia-em-montes-claros-crass-terao-comemoracoes-de-carnaval\/","og_site_name":"Not\u00edcias da Cidade Montes Claros","article_published_time":"2014-02-25T11:56:18+00:00","author":"Encontra Montes Claros","twitter_card":"summary_large_image","twitter_misc":{"Escrito por":"Encontra Montes Claros","Est. tempo de leitura":"1 minuto"},"schema":{"@context":"https:\/\/schema.org","@graph":[{"@type":"WebPage","@id":"https:\/\/www.encontramontesclaros.com.br\/noticias\/folia-em-montes-claros-crass-terao-comemoracoes-de-carnaval\/","url":"https:\/\/www.encontramontesclaros.com.br\/noticias\/folia-em-montes-claros-crass-terao-comemoracoes-de-carnaval\/","name":"Folia em Montes Claros: CRAS's ter\u00e3o comemora\u00e7\u00f5es de Carnaval - Not\u00edcias da Cidade Montes Claros","isPartOf":{"@id":"https:\/\/www.encontramontesclaros.com.br\/noticias\/#website"},"datePublished":"2014-02-25T11:56:18+00:00","author":{"@id":"https:\/\/www.encontramontesclaros.com.br\/noticias\/#\/schema\/person\/aee9ea87107989474197d40d1258976d"},"breadcrumb":{"@id":"https:\/\/www.encontramontesclaros.com.br\/noticias\/folia-em-montes-claros-crass-terao-comemoracoes-de-carnaval\/#breadcrumb"},"inLanguage":"pt-BR","potentialAction":[{"@type":"ReadAction","target":["https:\/\/www.encontramontesclaros.com.br\/noticias\/folia-em-montes-claros-crass-terao-comemoracoes-de-carnaval\/"]}]},{"@type":"BreadcrumbList","@id":"https:\/\/www.encontramontesclaros.com.br\/noticias\/folia-em-montes-claros-crass-terao-comemoracoes-de-carnaval\/#breadcrumb","itemListElement":[{"@type":"ListItem","position":1,"name":"In\u00edcio","item":"https:\/\/www.encontramontesclaros.com.br\/noticias\/"},{"@type":"ListItem","position":2,"name":"Folia em Montes Claros: CRAS&#8217;s ter\u00e3o comemora\u00e7\u00f5es de Carnaval"}]},{"@type":"WebSite","@id":"https:\/\/www.encontramontesclaros.com.br\/noticias\/#website","url":"https:\/\/www.encontramontesclaros.com.br\/noticias\/","name":"Not\u00edcias da Cidade Montes Claros","description":"Not\u00edcias, eventos, informa\u00e7\u00f5es e dicas da cidade de Montes Claros e regi\u00e3o","potentialAction":[{"@type":"SearchAction","target":{"@type":"EntryPoint","urlTemplate":"https:\/\/www.encontramontesclaros.com.br\/noticias\/?s={search_term_string}"},"query-input":{"@type":"PropertyValueSpecification","valueRequired":true,"valueName":"search_term_string"}}],"inLanguage":"pt-BR"},{"@type":"Person","@id":"https:\/\/www.encontramontesclaros.com.br\/noticias\/#\/schema\/person\/aee9ea87107989474197d40d1258976d","name":"Encontra Montes Claros","image":{"@type":"ImageObject","inLanguage":"pt-BR","@id":"https:\/\/www.encontramontesclaros.com.br\/noticias\/#\/schema\/person\/image\/","url":"https:\/\/secure.gravatar.com\/avatar\/507340682b8270222e1f208e23198b6ae7e2c6a1033ae84e99bc6bce4f82a387?s=96&d=mm&r=g","contentUrl":"https:\/\/secure.gravatar.com\/avatar\/507340682b8270222e1f208e23198b6ae7e2c6a1033ae84e99bc6bce4f82a387?s=96&d=mm&r=g","caption":"Encontra Montes Claros"},"sameAs":["http:\/\/www.encontramontesclaros.com.br"],"url":"https:\/\/www.encontramontesclaros.com.br\/noticias\/author\/emontesclaros\/"}]}},"_links":{"self":[{"href":"https:\/\/www.encontramontesclaros.com.br\/noticias\/wp-json\/wp\/v2\/posts\/694","targetHints":{"allow":["GET"]}}],"collection":[{"href":"https:\/\/www.encontramontesclaros.com.br\/noticias\/wp-json\/wp\/v2\/posts"}],"about":[{"href":"https:\/\/www.encontramontesclaros.com.br\/noticias\/wp-json\/wp\/v2\/types\/post"}],"author":[{"embeddable":true,"href":"https:\/\/www.encontramontesclaros.com.br\/noticias\/wp-json\/wp\/v2\/users\/1"}],"replies":[{"embeddable":true,"href":"https:\/\/www.encontramontesclaros.com.br\/noticias\/wp-json\/wp\/v2\/comments?post=694"}],"version-history":[{"count":1,"href":"https:\/\/www.encontramontesclaros.com.br\/noticias\/wp-json\/wp\/v2\/posts\/694\/revisions"}],"predecessor-version":[{"id":695,"href":"https:\/\/www.encontramontesclaros.com.br\/noticias\/wp-json\/wp\/v2\/posts\/694\/revisions\/695"}],"wp:attachment":[{"href":"https:\/\/www.encontramontesclaros.com.br\/noticias\/wp-json\/wp\/v2\/media?parent=694"}],"wp:term":[{"taxonomy":"category","embeddable":true,"href":"https:\/\/www.encontramontesclaros.com.br\/noticias\/wp-json\/wp\/v2\/categories?post=694"},{"taxonomy":"post_tag","embeddable":true,"href":"https:\/\/www.encontramontesclaros.com.br\/noticias\/wp-json\/wp\/v2\/tags?post=694"}],"curies":[{"name":"wp","href":"https:\/\/api.w.org\/{rel}","templated":true}]}}