{"id":686,"date":"2014-02-04T11:52:31","date_gmt":"2014-02-04T11:52:31","guid":{"rendered":"http:\/\/www.encontramontesclaros.com.br\/noticias\/?p=686"},"modified":"2014-02-04T11:52:31","modified_gmt":"2014-02-04T11:52:31","slug":"projeto-domingo-no-parque-levara-informacao-e-diversao-a-populacao-de-montes-claros","status":"publish","type":"post","link":"https:\/\/www.encontramontesclaros.com.br\/noticias\/projeto-domingo-no-parque-levara-informacao-e-diversao-a-populacao-de-montes-claros\/","title":{"rendered":"Projeto Domingo no Parque levar\u00e1 informa\u00e7\u00e3o e divers\u00e3o \u00e0 popula\u00e7\u00e3o de Montes Claros"},"content":{"rendered":"<p>A Secretaria de Esportes, em parceria com diversas ouras secretarias municipais, incluindo Sa\u00fade e Meio Ambiente, vai promover o evento, Domingo no Parque, no dia 16 de fevereiro. O primeiro ser\u00e1 no Parque das Mangueiras, bairro Jo\u00e3o Botelho. O foco principal s\u00e3o as crian\u00e7as que ter\u00e3o a sua disposi\u00e7\u00e3o atividades de lazer, entretenimento, educa\u00e7\u00e3o ambiental e no tr\u00e2nsito, entre outras.<\/p>\n<p>O organizador do evento, Josec\u00e9 Alves Souza, reuniu-se com representantes das secretarias e de institui\u00e7\u00f5es que participar\u00e3o do evento como o 10\u00ba Batalh\u00e3o de Pol\u00edcia Militar e a COPASA. \u201cA reuni\u00e3o \u00e9 para tra\u00e7armos as diretrizes do projeto, que ser\u00e1 itinerante. O pr\u00f3ximo acontecer\u00e1 no Parque da Sapucaia, e, depois, no Milton Parques. Ap\u00f3s executado em todos os parques de visita\u00e7\u00e3o p\u00fablica o evento ser\u00e1 levado at\u00e9 as pra\u00e7as nos bairros da cidade\u201d, afirmou.<\/p>\n<p>A Secretaria de Sa\u00fade vai promover a\u00e7\u00e3o de cidadania para as comunidades, levando informa\u00e7\u00f5es, cuidados b\u00e1sicos, aferimento de press\u00e3o arterial, teste de glicose em conjunto com as outras secretarias que tamb\u00e9m atuar\u00e3o na a\u00e7\u00e3o, cada uma dentro de sua \u00e1rea de abrang\u00eancia.<\/p>\n","protected":false},"excerpt":{"rendered":"<p>A Secretaria de Esportes, em parceria com diversas ouras secretarias municipais, incluindo Sa\u00fade e Meio Ambiente, vai promover o evento, Domingo no Parque, no dia 16 de fevereiro. O primeiro ser\u00e1 no Parque das Mangueiras, bairro Jo\u00e3o Botelho. O foco principal s\u00e3o as crian\u00e7as que ter\u00e3o a sua disposi\u00e7\u00e3o atividades de lazer, entretenimento, educa\u00e7\u00e3o ambiental [&hellip;]<\/p>\n","protected":false},"author":1,"featured_media":0,"comment_status":"open","ping_status":"open","sticky":false,"template":"","format":"standard","meta":{"footnotes":""},"categories":[6],"tags":[],"class_list":["post-686","post","type-post","status-publish","format-standard","hentry","category-noticias-montes-claros"],"yoast_head":"<!-- This site is optimized with the Yoast SEO plugin v25.9 - https:\/\/yoast.com\/wordpress\/plugins\/seo\/ -->\n<title>Projeto Domingo no Parque levar\u00e1 informa\u00e7\u00e3o e divers\u00e3o \u00e0 popula\u00e7\u00e3o de Montes Claros - Not\u00edcias da Cidade Montes Claros<\/title>\n<meta name=\"robots\" content=\"index, follow, max-snippet:-1, max-image-preview:large, max-video-preview:-1\" \/>\n<link rel=\"canonical\" href=\"https:\/\/www.encontramontesclaros.com.br\/noticias\/projeto-domingo-no-parque-levara-informacao-e-diversao-a-populacao-de-montes-claros\/\" \/>\n<meta property=\"og:locale\" content=\"pt_BR\" \/>\n<meta property=\"og:type\" content=\"article\" \/>\n<meta property=\"og:title\" content=\"Projeto Domingo no Parque levar\u00e1 informa\u00e7\u00e3o e divers\u00e3o \u00e0 popula\u00e7\u00e3o de Montes Claros - Not\u00edcias da Cidade Montes Claros\" \/>\n<meta property=\"og:description\" content=\"A Secretaria de Esportes, em parceria com diversas ouras secretarias municipais, incluindo Sa\u00fade e Meio Ambiente, vai promover o evento, Domingo no Parque, no dia 16 de fevereiro. O primeiro ser\u00e1 no Parque das Mangueiras, bairro Jo\u00e3o Botelho. O foco principal s\u00e3o as crian\u00e7as que ter\u00e3o a sua disposi\u00e7\u00e3o atividades de lazer, entretenimento, educa\u00e7\u00e3o ambiental [&hellip;]\" \/>\n<meta property=\"og:url\" content=\"https:\/\/www.encontramontesclaros.com.br\/noticias\/projeto-domingo-no-parque-levara-informacao-e-diversao-a-populacao-de-montes-claros\/\" \/>\n<meta property=\"og:site_name\" content=\"Not\u00edcias da Cidade Montes Claros\" \/>\n<meta property=\"article:published_time\" content=\"2014-02-04T11:52:31+00:00\" \/>\n<meta name=\"author\" content=\"Encontra Montes Claros\" \/>\n<meta name=\"twitter:card\" content=\"summary_large_image\" \/>\n<meta name=\"twitter:label1\" content=\"Escrito por\" \/>\n\t<meta name=\"twitter:data1\" content=\"Encontra Montes Claros\" \/>\n\t<meta name=\"twitter:label2\" content=\"Est. tempo de leitura\" \/>\n\t<meta name=\"twitter:data2\" content=\"1 minuto\" \/>\n<script type=\"application\/ld+json\" class=\"yoast-schema-graph\">{\"@context\":\"https:\/\/schema.org\",\"@graph\":[{\"@type\":\"WebPage\",\"@id\":\"https:\/\/www.encontramontesclaros.com.br\/noticias\/projeto-domingo-no-parque-levara-informacao-e-diversao-a-populacao-de-montes-claros\/\",\"url\":\"https:\/\/www.encontramontesclaros.com.br\/noticias\/projeto-domingo-no-parque-levara-informacao-e-diversao-a-populacao-de-montes-claros\/\",\"name\":\"Projeto Domingo no Parque levar\u00e1 informa\u00e7\u00e3o e divers\u00e3o \u00e0 popula\u00e7\u00e3o de Montes Claros - Not\u00edcias da Cidade Montes Claros\",\"isPartOf\":{\"@id\":\"https:\/\/www.encontramontesclaros.com.br\/noticias\/#website\"},\"datePublished\":\"2014-02-04T11:52:31+00:00\",\"author\":{\"@id\":\"https:\/\/www.encontramontesclaros.com.br\/noticias\/#\/schema\/person\/aee9ea87107989474197d40d1258976d\"},\"breadcrumb\":{\"@id\":\"https:\/\/www.encontramontesclaros.com.br\/noticias\/projeto-domingo-no-parque-levara-informacao-e-diversao-a-populacao-de-montes-claros\/#breadcrumb\"},\"inLanguage\":\"pt-BR\",\"potentialAction\":[{\"@type\":\"ReadAction\",\"target\":[\"https:\/\/www.encontramontesclaros.com.br\/noticias\/projeto-domingo-no-parque-levara-informacao-e-diversao-a-populacao-de-montes-claros\/\"]}]},{\"@type\":\"BreadcrumbList\",\"@id\":\"https:\/\/www.encontramontesclaros.com.br\/noticias\/projeto-domingo-no-parque-levara-informacao-e-diversao-a-populacao-de-montes-claros\/#breadcrumb\",\"itemListElement\":[{\"@type\":\"ListItem\",\"position\":1,\"name\":\"In\u00edcio\",\"item\":\"https:\/\/www.encontramontesclaros.com.br\/noticias\/\"},{\"@type\":\"ListItem\",\"position\":2,\"name\":\"Projeto Domingo no Parque levar\u00e1 informa\u00e7\u00e3o e divers\u00e3o \u00e0 popula\u00e7\u00e3o de Montes Claros\"}]},{\"@type\":\"WebSite\",\"@id\":\"https:\/\/www.encontramontesclaros.com.br\/noticias\/#website\",\"url\":\"https:\/\/www.encontramontesclaros.com.br\/noticias\/\",\"name\":\"Not\u00edcias da Cidade Montes Claros\",\"description\":\"Not\u00edcias, eventos, informa\u00e7\u00f5es e dicas da cidade de Montes Claros e regi\u00e3o\",\"potentialAction\":[{\"@type\":\"SearchAction\",\"target\":{\"@type\":\"EntryPoint\",\"urlTemplate\":\"https:\/\/www.encontramontesclaros.com.br\/noticias\/?s={search_term_string}\"},\"query-input\":{\"@type\":\"PropertyValueSpecification\",\"valueRequired\":true,\"valueName\":\"search_term_string\"}}],\"inLanguage\":\"pt-BR\"},{\"@type\":\"Person\",\"@id\":\"https:\/\/www.encontramontesclaros.com.br\/noticias\/#\/schema\/person\/aee9ea87107989474197d40d1258976d\",\"name\":\"Encontra Montes Claros\",\"image\":{\"@type\":\"ImageObject\",\"inLanguage\":\"pt-BR\",\"@id\":\"https:\/\/www.encontramontesclaros.com.br\/noticias\/#\/schema\/person\/image\/\",\"url\":\"https:\/\/secure.gravatar.com\/avatar\/507340682b8270222e1f208e23198b6ae7e2c6a1033ae84e99bc6bce4f82a387?s=96&d=mm&r=g\",\"contentUrl\":\"https:\/\/secure.gravatar.com\/avatar\/507340682b8270222e1f208e23198b6ae7e2c6a1033ae84e99bc6bce4f82a387?s=96&d=mm&r=g\",\"caption\":\"Encontra Montes Claros\"},\"sameAs\":[\"http:\/\/www.encontramontesclaros.com.br\"],\"url\":\"https:\/\/www.encontramontesclaros.com.br\/noticias\/author\/emontesclaros\/\"}]}<\/script>\n<!-- \/ Yoast SEO plugin. -->","yoast_head_json":{"title":"Projeto Domingo no Parque levar\u00e1 informa\u00e7\u00e3o e divers\u00e3o \u00e0 popula\u00e7\u00e3o de Montes Claros - Not\u00edcias da Cidade Montes Claros","robots":{"index":"index","follow":"follow","max-snippet":"max-snippet:-1","max-image-preview":"max-image-preview:large","max-video-preview":"max-video-preview:-1"},"canonical":"https:\/\/www.encontramontesclaros.com.br\/noticias\/projeto-domingo-no-parque-levara-informacao-e-diversao-a-populacao-de-montes-claros\/","og_locale":"pt_BR","og_type":"article","og_title":"Projeto Domingo no Parque levar\u00e1 informa\u00e7\u00e3o e divers\u00e3o \u00e0 popula\u00e7\u00e3o de Montes Claros - Not\u00edcias da Cidade Montes Claros","og_description":"A Secretaria de Esportes, em parceria com diversas ouras secretarias municipais, incluindo Sa\u00fade e Meio Ambiente, vai promover o evento, Domingo no Parque, no dia 16 de fevereiro. O primeiro ser\u00e1 no Parque das Mangueiras, bairro Jo\u00e3o Botelho. O foco principal s\u00e3o as crian\u00e7as que ter\u00e3o a sua disposi\u00e7\u00e3o atividades de lazer, entretenimento, educa\u00e7\u00e3o ambiental [&hellip;]","og_url":"https:\/\/www.encontramontesclaros.com.br\/noticias\/projeto-domingo-no-parque-levara-informacao-e-diversao-a-populacao-de-montes-claros\/","og_site_name":"Not\u00edcias da Cidade Montes Claros","article_published_time":"2014-02-04T11:52:31+00:00","author":"Encontra Montes Claros","twitter_card":"summary_large_image","twitter_misc":{"Escrito por":"Encontra Montes Claros","Est. tempo de leitura":"1 minuto"},"schema":{"@context":"https:\/\/schema.org","@graph":[{"@type":"WebPage","@id":"https:\/\/www.encontramontesclaros.com.br\/noticias\/projeto-domingo-no-parque-levara-informacao-e-diversao-a-populacao-de-montes-claros\/","url":"https:\/\/www.encontramontesclaros.com.br\/noticias\/projeto-domingo-no-parque-levara-informacao-e-diversao-a-populacao-de-montes-claros\/","name":"Projeto Domingo no Parque levar\u00e1 informa\u00e7\u00e3o e divers\u00e3o \u00e0 popula\u00e7\u00e3o de Montes Claros - Not\u00edcias da Cidade Montes Claros","isPartOf":{"@id":"https:\/\/www.encontramontesclaros.com.br\/noticias\/#website"},"datePublished":"2014-02-04T11:52:31+00:00","author":{"@id":"https:\/\/www.encontramontesclaros.com.br\/noticias\/#\/schema\/person\/aee9ea87107989474197d40d1258976d"},"breadcrumb":{"@id":"https:\/\/www.encontramontesclaros.com.br\/noticias\/projeto-domingo-no-parque-levara-informacao-e-diversao-a-populacao-de-montes-claros\/#breadcrumb"},"inLanguage":"pt-BR","potentialAction":[{"@type":"ReadAction","target":["https:\/\/www.encontramontesclaros.com.br\/noticias\/projeto-domingo-no-parque-levara-informacao-e-diversao-a-populacao-de-montes-claros\/"]}]},{"@type":"BreadcrumbList","@id":"https:\/\/www.encontramontesclaros.com.br\/noticias\/projeto-domingo-no-parque-levara-informacao-e-diversao-a-populacao-de-montes-claros\/#breadcrumb","itemListElement":[{"@type":"ListItem","position":1,"name":"In\u00edcio","item":"https:\/\/www.encontramontesclaros.com.br\/noticias\/"},{"@type":"ListItem","position":2,"name":"Projeto Domingo no Parque levar\u00e1 informa\u00e7\u00e3o e divers\u00e3o \u00e0 popula\u00e7\u00e3o de Montes Claros"}]},{"@type":"WebSite","@id":"https:\/\/www.encontramontesclaros.com.br\/noticias\/#website","url":"https:\/\/www.encontramontesclaros.com.br\/noticias\/","name":"Not\u00edcias da Cidade Montes Claros","description":"Not\u00edcias, eventos, informa\u00e7\u00f5es e dicas da cidade de Montes Claros e regi\u00e3o","potentialAction":[{"@type":"SearchAction","target":{"@type":"EntryPoint","urlTemplate":"https:\/\/www.encontramontesclaros.com.br\/noticias\/?s={search_term_string}"},"query-input":{"@type":"PropertyValueSpecification","valueRequired":true,"valueName":"search_term_string"}}],"inLanguage":"pt-BR"},{"@type":"Person","@id":"https:\/\/www.encontramontesclaros.com.br\/noticias\/#\/schema\/person\/aee9ea87107989474197d40d1258976d","name":"Encontra Montes Claros","image":{"@type":"ImageObject","inLanguage":"pt-BR","@id":"https:\/\/www.encontramontesclaros.com.br\/noticias\/#\/schema\/person\/image\/","url":"https:\/\/secure.gravatar.com\/avatar\/507340682b8270222e1f208e23198b6ae7e2c6a1033ae84e99bc6bce4f82a387?s=96&d=mm&r=g","contentUrl":"https:\/\/secure.gravatar.com\/avatar\/507340682b8270222e1f208e23198b6ae7e2c6a1033ae84e99bc6bce4f82a387?s=96&d=mm&r=g","caption":"Encontra Montes Claros"},"sameAs":["http:\/\/www.encontramontesclaros.com.br"],"url":"https:\/\/www.encontramontesclaros.com.br\/noticias\/author\/emontesclaros\/"}]}},"_links":{"self":[{"href":"https:\/\/www.encontramontesclaros.com.br\/noticias\/wp-json\/wp\/v2\/posts\/686","targetHints":{"allow":["GET"]}}],"collection":[{"href":"https:\/\/www.encontramontesclaros.com.br\/noticias\/wp-json\/wp\/v2\/posts"}],"about":[{"href":"https:\/\/www.encontramontesclaros.com.br\/noticias\/wp-json\/wp\/v2\/types\/post"}],"author":[{"embeddable":true,"href":"https:\/\/www.encontramontesclaros.com.br\/noticias\/wp-json\/wp\/v2\/users\/1"}],"replies":[{"embeddable":true,"href":"https:\/\/www.encontramontesclaros.com.br\/noticias\/wp-json\/wp\/v2\/comments?post=686"}],"version-history":[{"count":1,"href":"https:\/\/www.encontramontesclaros.com.br\/noticias\/wp-json\/wp\/v2\/posts\/686\/revisions"}],"predecessor-version":[{"id":687,"href":"https:\/\/www.encontramontesclaros.com.br\/noticias\/wp-json\/wp\/v2\/posts\/686\/revisions\/687"}],"wp:attachment":[{"href":"https:\/\/www.encontramontesclaros.com.br\/noticias\/wp-json\/wp\/v2\/media?parent=686"}],"wp:term":[{"taxonomy":"category","embeddable":true,"href":"https:\/\/www.encontramontesclaros.com.br\/noticias\/wp-json\/wp\/v2\/categories?post=686"},{"taxonomy":"post_tag","embeddable":true,"href":"https:\/\/www.encontramontesclaros.com.br\/noticias\/wp-json\/wp\/v2\/tags?post=686"}],"curies":[{"name":"wp","href":"https:\/\/api.w.org\/{rel}","templated":true}]}}