{"id":680,"date":"2014-01-15T14:30:29","date_gmt":"2014-01-15T14:30:29","guid":{"rendered":"http:\/\/www.encontramontesclaros.com.br\/noticias\/?p=680"},"modified":"2014-01-15T14:30:29","modified_gmt":"2014-01-15T14:30:29","slug":"biblioteca-da-casa-da-cidadania-e-opcao-de-lazer-para-as-ferias-em-montes-claros","status":"publish","type":"post","link":"https:\/\/www.encontramontesclaros.com.br\/noticias\/biblioteca-da-casa-da-cidadania-e-opcao-de-lazer-para-as-ferias-em-montes-claros\/","title":{"rendered":"Biblioteca da Casa da Cidadania \u00e9 op\u00e7\u00e3o de lazer para as f\u00e9rias em Montes Claros"},"content":{"rendered":"<p>Inaugurada no dia 4 de dezembro de 2013, a Biblioteca Sime\u00e3o Ribeiro Pires, localizada na Casa da Cidadania, \u00e9 um espa\u00e7o onde o leitor pode passar momentos agrad\u00e1veis e realizar pesquisas em contato com obras de grandes nomes da literatura. De acordo com o diretor de articula\u00e7\u00e3o pol\u00edtica e coordenador da Casa da Cidadania, Everaldo Ramos, o espa\u00e7o abriga cerca de cinco mil obras e foi disponibilizado \u00e0 popula\u00e7\u00e3o montes-clarense gra\u00e7as a uma parceria da Secretaria de Articula\u00e7\u00e3o Pol\u00edtica e Administra\u00e7\u00e3o Regional com o Instituto Hist\u00f3rico e Geogr\u00e1fico de Montes Claros.<\/p>\n<p>Para Everaldo Ramos, a Biblioteca Sime\u00e3o Ribeiro Pires \u00e9 respons\u00e1vel pelo resgate da mem\u00f3ria do povo, al\u00e9m de ser importante para a difus\u00e3o do conhecimento. No local, \u00e9 poss\u00edvel ler obras de grandes escritores da humanidade, como os franceses Honor\u00e9 de Balzac (1799-1850) e Victor Hugo (1802-1885).<\/p>\n<p>Tamb\u00e9m est\u00e3o dispon\u00edveis na biblioteca obras de escritores do Norte de Minas como Wanderlino Arruda e Itamaury Teles, edi\u00e7\u00f5es de revistas mensais e semanais como Veja e Super Interessante, al\u00e9m de obras que marcaram \u00e9poca como \u201cO Capital\u201d, do fil\u00f3sofo alem\u00e3o Karl Marx (1818-1883). No mesmo espa\u00e7o, que funciona entre 8 horas e meio-dia e das 14 \u00e0s 16 horas, de segunda \u00e0 sexta-feira, ainda existe uma sala que abriga objetos que pertenceram ao pr\u00f3prio Sime\u00e3o Ribeiro Pires, que atuou como vereador, prefeito, escritor, membro da Academia Montesclarense de Letras, da Academia Municipalista de Letras de Minas Gerais e do Instituto Hist\u00f3rico e Geogr\u00e1fico de Minas Gerais.<\/p>\n<p>A biblioteca funciona das 8 as 18 horas, de segunda a sexta, durante todo o per\u00edodo das f\u00e9rias. A entrada \u00e9 gratuita.<\/p>\n","protected":false},"excerpt":{"rendered":"<p>Inaugurada no dia 4 de dezembro de 2013, a Biblioteca Sime\u00e3o Ribeiro Pires, localizada na Casa da Cidadania, \u00e9 um espa\u00e7o onde o leitor pode passar momentos agrad\u00e1veis e realizar pesquisas em contato com obras de grandes nomes da literatura. De acordo com o diretor de articula\u00e7\u00e3o pol\u00edtica e coordenador da Casa da Cidadania, Everaldo [&hellip;]<\/p>\n","protected":false},"author":1,"featured_media":0,"comment_status":"open","ping_status":"open","sticky":false,"template":"","format":"standard","meta":{"footnotes":""},"categories":[6],"tags":[],"class_list":["post-680","post","type-post","status-publish","format-standard","hentry","category-noticias-montes-claros"],"yoast_head":"<!-- This site is optimized with the Yoast SEO plugin v25.9 - https:\/\/yoast.com\/wordpress\/plugins\/seo\/ -->\n<title>Biblioteca da Casa da Cidadania \u00e9 op\u00e7\u00e3o de lazer para as f\u00e9rias em Montes Claros - Not\u00edcias da Cidade Montes Claros<\/title>\n<meta name=\"robots\" content=\"index, follow, max-snippet:-1, max-image-preview:large, max-video-preview:-1\" \/>\n<link rel=\"canonical\" href=\"https:\/\/www.encontramontesclaros.com.br\/noticias\/biblioteca-da-casa-da-cidadania-e-opcao-de-lazer-para-as-ferias-em-montes-claros\/\" \/>\n<meta property=\"og:locale\" content=\"pt_BR\" \/>\n<meta property=\"og:type\" content=\"article\" \/>\n<meta property=\"og:title\" content=\"Biblioteca da Casa da Cidadania \u00e9 op\u00e7\u00e3o de lazer para as f\u00e9rias em Montes Claros - Not\u00edcias da Cidade Montes Claros\" \/>\n<meta property=\"og:description\" content=\"Inaugurada no dia 4 de dezembro de 2013, a Biblioteca Sime\u00e3o Ribeiro Pires, localizada na Casa da Cidadania, \u00e9 um espa\u00e7o onde o leitor pode passar momentos agrad\u00e1veis e realizar pesquisas em contato com obras de grandes nomes da literatura. De acordo com o diretor de articula\u00e7\u00e3o pol\u00edtica e coordenador da Casa da Cidadania, Everaldo [&hellip;]\" \/>\n<meta property=\"og:url\" content=\"https:\/\/www.encontramontesclaros.com.br\/noticias\/biblioteca-da-casa-da-cidadania-e-opcao-de-lazer-para-as-ferias-em-montes-claros\/\" \/>\n<meta property=\"og:site_name\" content=\"Not\u00edcias da Cidade Montes Claros\" \/>\n<meta property=\"article:published_time\" content=\"2014-01-15T14:30:29+00:00\" \/>\n<meta name=\"author\" content=\"Encontra Montes Claros\" \/>\n<meta name=\"twitter:card\" content=\"summary_large_image\" \/>\n<meta name=\"twitter:label1\" content=\"Escrito por\" \/>\n\t<meta name=\"twitter:data1\" content=\"Encontra Montes Claros\" \/>\n\t<meta name=\"twitter:label2\" content=\"Est. tempo de leitura\" \/>\n\t<meta name=\"twitter:data2\" content=\"1 minuto\" \/>\n<script type=\"application\/ld+json\" class=\"yoast-schema-graph\">{\"@context\":\"https:\/\/schema.org\",\"@graph\":[{\"@type\":\"WebPage\",\"@id\":\"https:\/\/www.encontramontesclaros.com.br\/noticias\/biblioteca-da-casa-da-cidadania-e-opcao-de-lazer-para-as-ferias-em-montes-claros\/\",\"url\":\"https:\/\/www.encontramontesclaros.com.br\/noticias\/biblioteca-da-casa-da-cidadania-e-opcao-de-lazer-para-as-ferias-em-montes-claros\/\",\"name\":\"Biblioteca da Casa da Cidadania \u00e9 op\u00e7\u00e3o de lazer para as f\u00e9rias em Montes Claros - Not\u00edcias da Cidade Montes Claros\",\"isPartOf\":{\"@id\":\"https:\/\/www.encontramontesclaros.com.br\/noticias\/#website\"},\"datePublished\":\"2014-01-15T14:30:29+00:00\",\"author\":{\"@id\":\"https:\/\/www.encontramontesclaros.com.br\/noticias\/#\/schema\/person\/aee9ea87107989474197d40d1258976d\"},\"breadcrumb\":{\"@id\":\"https:\/\/www.encontramontesclaros.com.br\/noticias\/biblioteca-da-casa-da-cidadania-e-opcao-de-lazer-para-as-ferias-em-montes-claros\/#breadcrumb\"},\"inLanguage\":\"pt-BR\",\"potentialAction\":[{\"@type\":\"ReadAction\",\"target\":[\"https:\/\/www.encontramontesclaros.com.br\/noticias\/biblioteca-da-casa-da-cidadania-e-opcao-de-lazer-para-as-ferias-em-montes-claros\/\"]}]},{\"@type\":\"BreadcrumbList\",\"@id\":\"https:\/\/www.encontramontesclaros.com.br\/noticias\/biblioteca-da-casa-da-cidadania-e-opcao-de-lazer-para-as-ferias-em-montes-claros\/#breadcrumb\",\"itemListElement\":[{\"@type\":\"ListItem\",\"position\":1,\"name\":\"In\u00edcio\",\"item\":\"https:\/\/www.encontramontesclaros.com.br\/noticias\/\"},{\"@type\":\"ListItem\",\"position\":2,\"name\":\"Biblioteca da Casa da Cidadania \u00e9 op\u00e7\u00e3o de lazer para as f\u00e9rias em Montes Claros\"}]},{\"@type\":\"WebSite\",\"@id\":\"https:\/\/www.encontramontesclaros.com.br\/noticias\/#website\",\"url\":\"https:\/\/www.encontramontesclaros.com.br\/noticias\/\",\"name\":\"Not\u00edcias da Cidade Montes Claros\",\"description\":\"Not\u00edcias, eventos, informa\u00e7\u00f5es e dicas da cidade de Montes Claros e regi\u00e3o\",\"potentialAction\":[{\"@type\":\"SearchAction\",\"target\":{\"@type\":\"EntryPoint\",\"urlTemplate\":\"https:\/\/www.encontramontesclaros.com.br\/noticias\/?s={search_term_string}\"},\"query-input\":{\"@type\":\"PropertyValueSpecification\",\"valueRequired\":true,\"valueName\":\"search_term_string\"}}],\"inLanguage\":\"pt-BR\"},{\"@type\":\"Person\",\"@id\":\"https:\/\/www.encontramontesclaros.com.br\/noticias\/#\/schema\/person\/aee9ea87107989474197d40d1258976d\",\"name\":\"Encontra Montes Claros\",\"image\":{\"@type\":\"ImageObject\",\"inLanguage\":\"pt-BR\",\"@id\":\"https:\/\/www.encontramontesclaros.com.br\/noticias\/#\/schema\/person\/image\/\",\"url\":\"https:\/\/secure.gravatar.com\/avatar\/507340682b8270222e1f208e23198b6ae7e2c6a1033ae84e99bc6bce4f82a387?s=96&d=mm&r=g\",\"contentUrl\":\"https:\/\/secure.gravatar.com\/avatar\/507340682b8270222e1f208e23198b6ae7e2c6a1033ae84e99bc6bce4f82a387?s=96&d=mm&r=g\",\"caption\":\"Encontra Montes Claros\"},\"sameAs\":[\"http:\/\/www.encontramontesclaros.com.br\"],\"url\":\"https:\/\/www.encontramontesclaros.com.br\/noticias\/author\/emontesclaros\/\"}]}<\/script>\n<!-- \/ Yoast SEO plugin. -->","yoast_head_json":{"title":"Biblioteca da Casa da Cidadania \u00e9 op\u00e7\u00e3o de lazer para as f\u00e9rias em Montes Claros - Not\u00edcias da Cidade Montes Claros","robots":{"index":"index","follow":"follow","max-snippet":"max-snippet:-1","max-image-preview":"max-image-preview:large","max-video-preview":"max-video-preview:-1"},"canonical":"https:\/\/www.encontramontesclaros.com.br\/noticias\/biblioteca-da-casa-da-cidadania-e-opcao-de-lazer-para-as-ferias-em-montes-claros\/","og_locale":"pt_BR","og_type":"article","og_title":"Biblioteca da Casa da Cidadania \u00e9 op\u00e7\u00e3o de lazer para as f\u00e9rias em Montes Claros - Not\u00edcias da Cidade Montes Claros","og_description":"Inaugurada no dia 4 de dezembro de 2013, a Biblioteca Sime\u00e3o Ribeiro Pires, localizada na Casa da Cidadania, \u00e9 um espa\u00e7o onde o leitor pode passar momentos agrad\u00e1veis e realizar pesquisas em contato com obras de grandes nomes da literatura. De acordo com o diretor de articula\u00e7\u00e3o pol\u00edtica e coordenador da Casa da Cidadania, Everaldo [&hellip;]","og_url":"https:\/\/www.encontramontesclaros.com.br\/noticias\/biblioteca-da-casa-da-cidadania-e-opcao-de-lazer-para-as-ferias-em-montes-claros\/","og_site_name":"Not\u00edcias da Cidade Montes Claros","article_published_time":"2014-01-15T14:30:29+00:00","author":"Encontra Montes Claros","twitter_card":"summary_large_image","twitter_misc":{"Escrito por":"Encontra Montes Claros","Est. tempo de leitura":"1 minuto"},"schema":{"@context":"https:\/\/schema.org","@graph":[{"@type":"WebPage","@id":"https:\/\/www.encontramontesclaros.com.br\/noticias\/biblioteca-da-casa-da-cidadania-e-opcao-de-lazer-para-as-ferias-em-montes-claros\/","url":"https:\/\/www.encontramontesclaros.com.br\/noticias\/biblioteca-da-casa-da-cidadania-e-opcao-de-lazer-para-as-ferias-em-montes-claros\/","name":"Biblioteca da Casa da Cidadania \u00e9 op\u00e7\u00e3o de lazer para as f\u00e9rias em Montes Claros - Not\u00edcias da Cidade Montes Claros","isPartOf":{"@id":"https:\/\/www.encontramontesclaros.com.br\/noticias\/#website"},"datePublished":"2014-01-15T14:30:29+00:00","author":{"@id":"https:\/\/www.encontramontesclaros.com.br\/noticias\/#\/schema\/person\/aee9ea87107989474197d40d1258976d"},"breadcrumb":{"@id":"https:\/\/www.encontramontesclaros.com.br\/noticias\/biblioteca-da-casa-da-cidadania-e-opcao-de-lazer-para-as-ferias-em-montes-claros\/#breadcrumb"},"inLanguage":"pt-BR","potentialAction":[{"@type":"ReadAction","target":["https:\/\/www.encontramontesclaros.com.br\/noticias\/biblioteca-da-casa-da-cidadania-e-opcao-de-lazer-para-as-ferias-em-montes-claros\/"]}]},{"@type":"BreadcrumbList","@id":"https:\/\/www.encontramontesclaros.com.br\/noticias\/biblioteca-da-casa-da-cidadania-e-opcao-de-lazer-para-as-ferias-em-montes-claros\/#breadcrumb","itemListElement":[{"@type":"ListItem","position":1,"name":"In\u00edcio","item":"https:\/\/www.encontramontesclaros.com.br\/noticias\/"},{"@type":"ListItem","position":2,"name":"Biblioteca da Casa da Cidadania \u00e9 op\u00e7\u00e3o de lazer para as f\u00e9rias em Montes Claros"}]},{"@type":"WebSite","@id":"https:\/\/www.encontramontesclaros.com.br\/noticias\/#website","url":"https:\/\/www.encontramontesclaros.com.br\/noticias\/","name":"Not\u00edcias da Cidade Montes Claros","description":"Not\u00edcias, eventos, informa\u00e7\u00f5es e dicas da cidade de Montes Claros e regi\u00e3o","potentialAction":[{"@type":"SearchAction","target":{"@type":"EntryPoint","urlTemplate":"https:\/\/www.encontramontesclaros.com.br\/noticias\/?s={search_term_string}"},"query-input":{"@type":"PropertyValueSpecification","valueRequired":true,"valueName":"search_term_string"}}],"inLanguage":"pt-BR"},{"@type":"Person","@id":"https:\/\/www.encontramontesclaros.com.br\/noticias\/#\/schema\/person\/aee9ea87107989474197d40d1258976d","name":"Encontra Montes Claros","image":{"@type":"ImageObject","inLanguage":"pt-BR","@id":"https:\/\/www.encontramontesclaros.com.br\/noticias\/#\/schema\/person\/image\/","url":"https:\/\/secure.gravatar.com\/avatar\/507340682b8270222e1f208e23198b6ae7e2c6a1033ae84e99bc6bce4f82a387?s=96&d=mm&r=g","contentUrl":"https:\/\/secure.gravatar.com\/avatar\/507340682b8270222e1f208e23198b6ae7e2c6a1033ae84e99bc6bce4f82a387?s=96&d=mm&r=g","caption":"Encontra Montes Claros"},"sameAs":["http:\/\/www.encontramontesclaros.com.br"],"url":"https:\/\/www.encontramontesclaros.com.br\/noticias\/author\/emontesclaros\/"}]}},"_links":{"self":[{"href":"https:\/\/www.encontramontesclaros.com.br\/noticias\/wp-json\/wp\/v2\/posts\/680","targetHints":{"allow":["GET"]}}],"collection":[{"href":"https:\/\/www.encontramontesclaros.com.br\/noticias\/wp-json\/wp\/v2\/posts"}],"about":[{"href":"https:\/\/www.encontramontesclaros.com.br\/noticias\/wp-json\/wp\/v2\/types\/post"}],"author":[{"embeddable":true,"href":"https:\/\/www.encontramontesclaros.com.br\/noticias\/wp-json\/wp\/v2\/users\/1"}],"replies":[{"embeddable":true,"href":"https:\/\/www.encontramontesclaros.com.br\/noticias\/wp-json\/wp\/v2\/comments?post=680"}],"version-history":[{"count":1,"href":"https:\/\/www.encontramontesclaros.com.br\/noticias\/wp-json\/wp\/v2\/posts\/680\/revisions"}],"predecessor-version":[{"id":681,"href":"https:\/\/www.encontramontesclaros.com.br\/noticias\/wp-json\/wp\/v2\/posts\/680\/revisions\/681"}],"wp:attachment":[{"href":"https:\/\/www.encontramontesclaros.com.br\/noticias\/wp-json\/wp\/v2\/media?parent=680"}],"wp:term":[{"taxonomy":"category","embeddable":true,"href":"https:\/\/www.encontramontesclaros.com.br\/noticias\/wp-json\/wp\/v2\/categories?post=680"},{"taxonomy":"post_tag","embeddable":true,"href":"https:\/\/www.encontramontesclaros.com.br\/noticias\/wp-json\/wp\/v2\/tags?post=680"}],"curies":[{"name":"wp","href":"https:\/\/api.w.org\/{rel}","templated":true}]}}