{"id":667,"date":"2013-12-10T12:45:21","date_gmt":"2013-12-10T12:45:21","guid":{"rendered":"http:\/\/www.encontramontesclaros.com.br\/noticias\/?p=667"},"modified":"2013-12-10T12:45:21","modified_gmt":"2013-12-10T12:45:21","slug":"montes-claros-realiza-a-23a-edicao-da-festa-nacional-do-pequi","status":"publish","type":"post","link":"https:\/\/www.encontramontesclaros.com.br\/noticias\/montes-claros-realiza-a-23a-edicao-da-festa-nacional-do-pequi\/","title":{"rendered":"Montes Claros realiza a 23\u00aa edi\u00e7\u00e3o da Festa Nacional do Pequi"},"content":{"rendered":"<p>A solenidade oficial de abertura da 23\u00aa edi\u00e7\u00e3o da Festa Nacional do Pequi ser\u00e1 realizada na pr\u00f3xima sexta-feira, 13 de dezembro, no Centro Cultural Hermes de Paula, na Pra\u00e7a da Matriz. Promovido pela <a title=\"Prefeitura de Montes Claros\" href=\"http:\/\/www.encontramontesclaros.com.br\/montes-claros\/prefeitura-municipal-de-montes-claros.shtml\" target=\"_blank\">Prefeitura de Montes Claros<\/a>, atrav\u00e9s da Secretaria de Cultura, o evento ter\u00e1 uma vasta programa\u00e7\u00e3o em seu primeiro dia.<\/p>\n<p>A partir das 20 horas, a solenidade de abertura ter\u00e1 in\u00edcio com a apresenta\u00e7\u00e3o da Banda de M\u00fasica Municipal de Montes Claros. Logo ap\u00f3s, acontecer\u00e1 o lan\u00e7amento dos livros \u201cA Bruxa que N\u00e3o Gostava de Escola\u201d, de Amelina Chaves; \u201c70 anos de Hist\u00f3ria\u201d, de T\u00e9o Azevedo; e \u201cA Baixada, Nosso Ber\u00e7o (Um Peda\u00e7o da Nossa Hist\u00f3ria)\u201d, de Jo\u00e3o Afonso Guerra Maur\u00edcio.<\/p>\n<p>O primeiro dia da 23\u00aa edi\u00e7\u00e3o da Festa Nacional do Pequi tamb\u00e9m ter\u00e1 a exposi\u00e7\u00e3o\u201cFotografia de Pinhole &#8211; A Cidade em Foco\u201d, de Lidiane da Silva Santos.<\/p>\n<p>No encerramento da noite de abertura do festival ser\u00e1 realizado show com Rodrigo Azevedo; Marimbondo Chap\u00e9u; Cadu da Viola e Rebolo; e T\u00e9o Azevedo, que, recentemente, teve seu \u00e1lbum &#8220;Salve Gonzag\u00e3o 100 anos&#8221; agraciado com o Grammy Latino.<\/p>\n","protected":false},"excerpt":{"rendered":"<p>A solenidade oficial de abertura da 23\u00aa edi\u00e7\u00e3o da Festa Nacional do Pequi ser\u00e1 realizada na pr\u00f3xima sexta-feira, 13 de dezembro, no Centro Cultural Hermes de Paula, na Pra\u00e7a da Matriz. Promovido pela Prefeitura de Montes Claros, atrav\u00e9s da Secretaria de Cultura, o evento ter\u00e1 uma vasta programa\u00e7\u00e3o em seu primeiro dia. A partir das [&hellip;]<\/p>\n","protected":false},"author":1,"featured_media":0,"comment_status":"open","ping_status":"open","sticky":false,"template":"","format":"standard","meta":{"footnotes":""},"categories":[6],"tags":[],"class_list":["post-667","post","type-post","status-publish","format-standard","hentry","category-noticias-montes-claros"],"yoast_head":"<!-- This site is optimized with the Yoast SEO plugin v25.9 - https:\/\/yoast.com\/wordpress\/plugins\/seo\/ -->\n<title>Montes Claros realiza a 23\u00aa edi\u00e7\u00e3o da Festa Nacional do Pequi - Not\u00edcias da Cidade Montes Claros<\/title>\n<meta name=\"robots\" content=\"index, follow, max-snippet:-1, max-image-preview:large, max-video-preview:-1\" \/>\n<link rel=\"canonical\" href=\"https:\/\/www.encontramontesclaros.com.br\/noticias\/montes-claros-realiza-a-23a-edicao-da-festa-nacional-do-pequi\/\" \/>\n<meta property=\"og:locale\" content=\"pt_BR\" \/>\n<meta property=\"og:type\" content=\"article\" \/>\n<meta property=\"og:title\" content=\"Montes Claros realiza a 23\u00aa edi\u00e7\u00e3o da Festa Nacional do Pequi - Not\u00edcias da Cidade Montes Claros\" \/>\n<meta property=\"og:description\" content=\"A solenidade oficial de abertura da 23\u00aa edi\u00e7\u00e3o da Festa Nacional do Pequi ser\u00e1 realizada na pr\u00f3xima sexta-feira, 13 de dezembro, no Centro Cultural Hermes de Paula, na Pra\u00e7a da Matriz. Promovido pela Prefeitura de Montes Claros, atrav\u00e9s da Secretaria de Cultura, o evento ter\u00e1 uma vasta programa\u00e7\u00e3o em seu primeiro dia. A partir das [&hellip;]\" \/>\n<meta property=\"og:url\" content=\"https:\/\/www.encontramontesclaros.com.br\/noticias\/montes-claros-realiza-a-23a-edicao-da-festa-nacional-do-pequi\/\" \/>\n<meta property=\"og:site_name\" content=\"Not\u00edcias da Cidade Montes Claros\" \/>\n<meta property=\"article:published_time\" content=\"2013-12-10T12:45:21+00:00\" \/>\n<meta name=\"author\" content=\"Encontra Montes Claros\" \/>\n<meta name=\"twitter:card\" content=\"summary_large_image\" \/>\n<meta name=\"twitter:label1\" content=\"Escrito por\" \/>\n\t<meta name=\"twitter:data1\" content=\"Encontra Montes Claros\" \/>\n\t<meta name=\"twitter:label2\" content=\"Est. tempo de leitura\" \/>\n\t<meta name=\"twitter:data2\" content=\"1 minuto\" \/>\n<script type=\"application\/ld+json\" class=\"yoast-schema-graph\">{\"@context\":\"https:\/\/schema.org\",\"@graph\":[{\"@type\":\"WebPage\",\"@id\":\"https:\/\/www.encontramontesclaros.com.br\/noticias\/montes-claros-realiza-a-23a-edicao-da-festa-nacional-do-pequi\/\",\"url\":\"https:\/\/www.encontramontesclaros.com.br\/noticias\/montes-claros-realiza-a-23a-edicao-da-festa-nacional-do-pequi\/\",\"name\":\"Montes Claros realiza a 23\u00aa edi\u00e7\u00e3o da Festa Nacional do Pequi - Not\u00edcias da Cidade Montes Claros\",\"isPartOf\":{\"@id\":\"https:\/\/www.encontramontesclaros.com.br\/noticias\/#website\"},\"datePublished\":\"2013-12-10T12:45:21+00:00\",\"author\":{\"@id\":\"https:\/\/www.encontramontesclaros.com.br\/noticias\/#\/schema\/person\/aee9ea87107989474197d40d1258976d\"},\"breadcrumb\":{\"@id\":\"https:\/\/www.encontramontesclaros.com.br\/noticias\/montes-claros-realiza-a-23a-edicao-da-festa-nacional-do-pequi\/#breadcrumb\"},\"inLanguage\":\"pt-BR\",\"potentialAction\":[{\"@type\":\"ReadAction\",\"target\":[\"https:\/\/www.encontramontesclaros.com.br\/noticias\/montes-claros-realiza-a-23a-edicao-da-festa-nacional-do-pequi\/\"]}]},{\"@type\":\"BreadcrumbList\",\"@id\":\"https:\/\/www.encontramontesclaros.com.br\/noticias\/montes-claros-realiza-a-23a-edicao-da-festa-nacional-do-pequi\/#breadcrumb\",\"itemListElement\":[{\"@type\":\"ListItem\",\"position\":1,\"name\":\"In\u00edcio\",\"item\":\"https:\/\/www.encontramontesclaros.com.br\/noticias\/\"},{\"@type\":\"ListItem\",\"position\":2,\"name\":\"Montes Claros realiza a 23\u00aa edi\u00e7\u00e3o da Festa Nacional do Pequi\"}]},{\"@type\":\"WebSite\",\"@id\":\"https:\/\/www.encontramontesclaros.com.br\/noticias\/#website\",\"url\":\"https:\/\/www.encontramontesclaros.com.br\/noticias\/\",\"name\":\"Not\u00edcias da Cidade Montes Claros\",\"description\":\"Not\u00edcias, eventos, informa\u00e7\u00f5es e dicas da cidade de Montes Claros e regi\u00e3o\",\"potentialAction\":[{\"@type\":\"SearchAction\",\"target\":{\"@type\":\"EntryPoint\",\"urlTemplate\":\"https:\/\/www.encontramontesclaros.com.br\/noticias\/?s={search_term_string}\"},\"query-input\":{\"@type\":\"PropertyValueSpecification\",\"valueRequired\":true,\"valueName\":\"search_term_string\"}}],\"inLanguage\":\"pt-BR\"},{\"@type\":\"Person\",\"@id\":\"https:\/\/www.encontramontesclaros.com.br\/noticias\/#\/schema\/person\/aee9ea87107989474197d40d1258976d\",\"name\":\"Encontra Montes Claros\",\"image\":{\"@type\":\"ImageObject\",\"inLanguage\":\"pt-BR\",\"@id\":\"https:\/\/www.encontramontesclaros.com.br\/noticias\/#\/schema\/person\/image\/\",\"url\":\"https:\/\/secure.gravatar.com\/avatar\/507340682b8270222e1f208e23198b6ae7e2c6a1033ae84e99bc6bce4f82a387?s=96&d=mm&r=g\",\"contentUrl\":\"https:\/\/secure.gravatar.com\/avatar\/507340682b8270222e1f208e23198b6ae7e2c6a1033ae84e99bc6bce4f82a387?s=96&d=mm&r=g\",\"caption\":\"Encontra Montes Claros\"},\"sameAs\":[\"http:\/\/www.encontramontesclaros.com.br\"],\"url\":\"https:\/\/www.encontramontesclaros.com.br\/noticias\/author\/emontesclaros\/\"}]}<\/script>\n<!-- \/ Yoast SEO plugin. -->","yoast_head_json":{"title":"Montes Claros realiza a 23\u00aa edi\u00e7\u00e3o da Festa Nacional do Pequi - Not\u00edcias da Cidade Montes Claros","robots":{"index":"index","follow":"follow","max-snippet":"max-snippet:-1","max-image-preview":"max-image-preview:large","max-video-preview":"max-video-preview:-1"},"canonical":"https:\/\/www.encontramontesclaros.com.br\/noticias\/montes-claros-realiza-a-23a-edicao-da-festa-nacional-do-pequi\/","og_locale":"pt_BR","og_type":"article","og_title":"Montes Claros realiza a 23\u00aa edi\u00e7\u00e3o da Festa Nacional do Pequi - Not\u00edcias da Cidade Montes Claros","og_description":"A solenidade oficial de abertura da 23\u00aa edi\u00e7\u00e3o da Festa Nacional do Pequi ser\u00e1 realizada na pr\u00f3xima sexta-feira, 13 de dezembro, no Centro Cultural Hermes de Paula, na Pra\u00e7a da Matriz. Promovido pela Prefeitura de Montes Claros, atrav\u00e9s da Secretaria de Cultura, o evento ter\u00e1 uma vasta programa\u00e7\u00e3o em seu primeiro dia. A partir das [&hellip;]","og_url":"https:\/\/www.encontramontesclaros.com.br\/noticias\/montes-claros-realiza-a-23a-edicao-da-festa-nacional-do-pequi\/","og_site_name":"Not\u00edcias da Cidade Montes Claros","article_published_time":"2013-12-10T12:45:21+00:00","author":"Encontra Montes Claros","twitter_card":"summary_large_image","twitter_misc":{"Escrito por":"Encontra Montes Claros","Est. tempo de leitura":"1 minuto"},"schema":{"@context":"https:\/\/schema.org","@graph":[{"@type":"WebPage","@id":"https:\/\/www.encontramontesclaros.com.br\/noticias\/montes-claros-realiza-a-23a-edicao-da-festa-nacional-do-pequi\/","url":"https:\/\/www.encontramontesclaros.com.br\/noticias\/montes-claros-realiza-a-23a-edicao-da-festa-nacional-do-pequi\/","name":"Montes Claros realiza a 23\u00aa edi\u00e7\u00e3o da Festa Nacional do Pequi - Not\u00edcias da Cidade Montes Claros","isPartOf":{"@id":"https:\/\/www.encontramontesclaros.com.br\/noticias\/#website"},"datePublished":"2013-12-10T12:45:21+00:00","author":{"@id":"https:\/\/www.encontramontesclaros.com.br\/noticias\/#\/schema\/person\/aee9ea87107989474197d40d1258976d"},"breadcrumb":{"@id":"https:\/\/www.encontramontesclaros.com.br\/noticias\/montes-claros-realiza-a-23a-edicao-da-festa-nacional-do-pequi\/#breadcrumb"},"inLanguage":"pt-BR","potentialAction":[{"@type":"ReadAction","target":["https:\/\/www.encontramontesclaros.com.br\/noticias\/montes-claros-realiza-a-23a-edicao-da-festa-nacional-do-pequi\/"]}]},{"@type":"BreadcrumbList","@id":"https:\/\/www.encontramontesclaros.com.br\/noticias\/montes-claros-realiza-a-23a-edicao-da-festa-nacional-do-pequi\/#breadcrumb","itemListElement":[{"@type":"ListItem","position":1,"name":"In\u00edcio","item":"https:\/\/www.encontramontesclaros.com.br\/noticias\/"},{"@type":"ListItem","position":2,"name":"Montes Claros realiza a 23\u00aa edi\u00e7\u00e3o da Festa Nacional do Pequi"}]},{"@type":"WebSite","@id":"https:\/\/www.encontramontesclaros.com.br\/noticias\/#website","url":"https:\/\/www.encontramontesclaros.com.br\/noticias\/","name":"Not\u00edcias da Cidade Montes Claros","description":"Not\u00edcias, eventos, informa\u00e7\u00f5es e dicas da cidade de Montes Claros e regi\u00e3o","potentialAction":[{"@type":"SearchAction","target":{"@type":"EntryPoint","urlTemplate":"https:\/\/www.encontramontesclaros.com.br\/noticias\/?s={search_term_string}"},"query-input":{"@type":"PropertyValueSpecification","valueRequired":true,"valueName":"search_term_string"}}],"inLanguage":"pt-BR"},{"@type":"Person","@id":"https:\/\/www.encontramontesclaros.com.br\/noticias\/#\/schema\/person\/aee9ea87107989474197d40d1258976d","name":"Encontra Montes Claros","image":{"@type":"ImageObject","inLanguage":"pt-BR","@id":"https:\/\/www.encontramontesclaros.com.br\/noticias\/#\/schema\/person\/image\/","url":"https:\/\/secure.gravatar.com\/avatar\/507340682b8270222e1f208e23198b6ae7e2c6a1033ae84e99bc6bce4f82a387?s=96&d=mm&r=g","contentUrl":"https:\/\/secure.gravatar.com\/avatar\/507340682b8270222e1f208e23198b6ae7e2c6a1033ae84e99bc6bce4f82a387?s=96&d=mm&r=g","caption":"Encontra Montes Claros"},"sameAs":["http:\/\/www.encontramontesclaros.com.br"],"url":"https:\/\/www.encontramontesclaros.com.br\/noticias\/author\/emontesclaros\/"}]}},"_links":{"self":[{"href":"https:\/\/www.encontramontesclaros.com.br\/noticias\/wp-json\/wp\/v2\/posts\/667","targetHints":{"allow":["GET"]}}],"collection":[{"href":"https:\/\/www.encontramontesclaros.com.br\/noticias\/wp-json\/wp\/v2\/posts"}],"about":[{"href":"https:\/\/www.encontramontesclaros.com.br\/noticias\/wp-json\/wp\/v2\/types\/post"}],"author":[{"embeddable":true,"href":"https:\/\/www.encontramontesclaros.com.br\/noticias\/wp-json\/wp\/v2\/users\/1"}],"replies":[{"embeddable":true,"href":"https:\/\/www.encontramontesclaros.com.br\/noticias\/wp-json\/wp\/v2\/comments?post=667"}],"version-history":[{"count":1,"href":"https:\/\/www.encontramontesclaros.com.br\/noticias\/wp-json\/wp\/v2\/posts\/667\/revisions"}],"predecessor-version":[{"id":668,"href":"https:\/\/www.encontramontesclaros.com.br\/noticias\/wp-json\/wp\/v2\/posts\/667\/revisions\/668"}],"wp:attachment":[{"href":"https:\/\/www.encontramontesclaros.com.br\/noticias\/wp-json\/wp\/v2\/media?parent=667"}],"wp:term":[{"taxonomy":"category","embeddable":true,"href":"https:\/\/www.encontramontesclaros.com.br\/noticias\/wp-json\/wp\/v2\/categories?post=667"},{"taxonomy":"post_tag","embeddable":true,"href":"https:\/\/www.encontramontesclaros.com.br\/noticias\/wp-json\/wp\/v2\/tags?post=667"}],"curies":[{"name":"wp","href":"https:\/\/api.w.org\/{rel}","templated":true}]}}