{"id":659,"date":"2013-11-21T11:09:00","date_gmt":"2013-11-21T11:09:00","guid":{"rendered":"http:\/\/www.encontramontesclaros.com.br\/noticias\/?p=659"},"modified":"2013-11-21T11:09:00","modified_gmt":"2013-11-21T11:09:00","slug":"prorrogadas-as-inscricoes-do-pre-enem-e-pre-concurso-municipal-em-montes-claros","status":"publish","type":"post","link":"https:\/\/www.encontramontesclaros.com.br\/noticias\/prorrogadas-as-inscricoes-do-pre-enem-e-pre-concurso-municipal-em-montes-claros\/","title":{"rendered":"Prorrogadas as inscri\u00e7\u00f5es do Pr\u00e9-  Enem e Pr\u00e9-Concurso Municipal em Montes Claros"},"content":{"rendered":"<p>Foram prorrogadas as inscri\u00e7\u00f5es para o primeiro processo seletivo do Pr\u00e9-Enem e Pr\u00e9-Concurso Municipal 2014, realizado pela Secretaria Municipal de Educa\u00e7\u00e3o. O novo prazo para a realiza\u00e7\u00e3o de inscri\u00e7\u00f5es e entrega de documenta\u00e7\u00e3o vai at\u00e9 o dia 29 de novembro. A prova de sele\u00e7\u00e3o para os cursos ser\u00e1 no dia 3 de dezembro.<\/p>\n<p>Segundo a coordenadora do Pr\u00e9-Enem e Pr\u00e9-Concurso Municipal, Vera L\u00facia de Carvalho, a prorroga\u00e7\u00e3o tem como objetivo \u201cpreencher as vagas dispon\u00edveis em alguns n\u00facleos\u201d.<\/p>\n<p>As aulas do Pr\u00e9-Enem e Pr\u00e9-Concurso Municipal s\u00e3o realizadas em dez n\u00facleos, sendo 7 na \u00e1rea urbana e 3 na zona rural, onde tamb\u00e9m podem ser feitas as inscri\u00e7\u00f5es.<\/p>\n<p>O Formul\u00e1rio de Inscri\u00e7\u00e3o e o edital dos cursos est\u00e3o dispon\u00edveis no site educamoc.com.br.<\/p>\n","protected":false},"excerpt":{"rendered":"<p>Foram prorrogadas as inscri\u00e7\u00f5es para o primeiro processo seletivo do Pr\u00e9-Enem e Pr\u00e9-Concurso Municipal 2014, realizado pela Secretaria Municipal de Educa\u00e7\u00e3o. O novo prazo para a realiza\u00e7\u00e3o de inscri\u00e7\u00f5es e entrega de documenta\u00e7\u00e3o vai at\u00e9 o dia 29 de novembro. A prova de sele\u00e7\u00e3o para os cursos ser\u00e1 no dia 3 de dezembro. Segundo a [&hellip;]<\/p>\n","protected":false},"author":1,"featured_media":0,"comment_status":"open","ping_status":"open","sticky":false,"template":"","format":"standard","meta":{"footnotes":""},"categories":[6],"tags":[],"class_list":["post-659","post","type-post","status-publish","format-standard","hentry","category-noticias-montes-claros"],"yoast_head":"<!-- This site is optimized with the Yoast SEO plugin v25.9 - https:\/\/yoast.com\/wordpress\/plugins\/seo\/ -->\n<title>Prorrogadas as inscri\u00e7\u00f5es do Pr\u00e9- Enem e Pr\u00e9-Concurso Municipal em Montes Claros - Not\u00edcias da Cidade Montes Claros<\/title>\n<meta name=\"robots\" content=\"index, follow, max-snippet:-1, max-image-preview:large, max-video-preview:-1\" \/>\n<link rel=\"canonical\" href=\"https:\/\/www.encontramontesclaros.com.br\/noticias\/prorrogadas-as-inscricoes-do-pre-enem-e-pre-concurso-municipal-em-montes-claros\/\" \/>\n<meta property=\"og:locale\" content=\"pt_BR\" \/>\n<meta property=\"og:type\" content=\"article\" \/>\n<meta property=\"og:title\" content=\"Prorrogadas as inscri\u00e7\u00f5es do Pr\u00e9- Enem e Pr\u00e9-Concurso Municipal em Montes Claros - Not\u00edcias da Cidade Montes Claros\" \/>\n<meta property=\"og:description\" content=\"Foram prorrogadas as inscri\u00e7\u00f5es para o primeiro processo seletivo do Pr\u00e9-Enem e Pr\u00e9-Concurso Municipal 2014, realizado pela Secretaria Municipal de Educa\u00e7\u00e3o. O novo prazo para a realiza\u00e7\u00e3o de inscri\u00e7\u00f5es e entrega de documenta\u00e7\u00e3o vai at\u00e9 o dia 29 de novembro. A prova de sele\u00e7\u00e3o para os cursos ser\u00e1 no dia 3 de dezembro. Segundo a [&hellip;]\" \/>\n<meta property=\"og:url\" content=\"https:\/\/www.encontramontesclaros.com.br\/noticias\/prorrogadas-as-inscricoes-do-pre-enem-e-pre-concurso-municipal-em-montes-claros\/\" \/>\n<meta property=\"og:site_name\" content=\"Not\u00edcias da Cidade Montes Claros\" \/>\n<meta property=\"article:published_time\" content=\"2013-11-21T11:09:00+00:00\" \/>\n<meta name=\"author\" content=\"Encontra Montes Claros\" \/>\n<meta name=\"twitter:card\" content=\"summary_large_image\" \/>\n<meta name=\"twitter:label1\" content=\"Escrito por\" \/>\n\t<meta name=\"twitter:data1\" content=\"Encontra Montes Claros\" \/>\n\t<meta name=\"twitter:label2\" content=\"Est. tempo de leitura\" \/>\n\t<meta name=\"twitter:data2\" content=\"1 minuto\" \/>\n<script type=\"application\/ld+json\" class=\"yoast-schema-graph\">{\"@context\":\"https:\/\/schema.org\",\"@graph\":[{\"@type\":\"WebPage\",\"@id\":\"https:\/\/www.encontramontesclaros.com.br\/noticias\/prorrogadas-as-inscricoes-do-pre-enem-e-pre-concurso-municipal-em-montes-claros\/\",\"url\":\"https:\/\/www.encontramontesclaros.com.br\/noticias\/prorrogadas-as-inscricoes-do-pre-enem-e-pre-concurso-municipal-em-montes-claros\/\",\"name\":\"Prorrogadas as inscri\u00e7\u00f5es do Pr\u00e9- Enem e Pr\u00e9-Concurso Municipal em Montes Claros - Not\u00edcias da Cidade Montes Claros\",\"isPartOf\":{\"@id\":\"https:\/\/www.encontramontesclaros.com.br\/noticias\/#website\"},\"datePublished\":\"2013-11-21T11:09:00+00:00\",\"author\":{\"@id\":\"https:\/\/www.encontramontesclaros.com.br\/noticias\/#\/schema\/person\/aee9ea87107989474197d40d1258976d\"},\"breadcrumb\":{\"@id\":\"https:\/\/www.encontramontesclaros.com.br\/noticias\/prorrogadas-as-inscricoes-do-pre-enem-e-pre-concurso-municipal-em-montes-claros\/#breadcrumb\"},\"inLanguage\":\"pt-BR\",\"potentialAction\":[{\"@type\":\"ReadAction\",\"target\":[\"https:\/\/www.encontramontesclaros.com.br\/noticias\/prorrogadas-as-inscricoes-do-pre-enem-e-pre-concurso-municipal-em-montes-claros\/\"]}]},{\"@type\":\"BreadcrumbList\",\"@id\":\"https:\/\/www.encontramontesclaros.com.br\/noticias\/prorrogadas-as-inscricoes-do-pre-enem-e-pre-concurso-municipal-em-montes-claros\/#breadcrumb\",\"itemListElement\":[{\"@type\":\"ListItem\",\"position\":1,\"name\":\"In\u00edcio\",\"item\":\"https:\/\/www.encontramontesclaros.com.br\/noticias\/\"},{\"@type\":\"ListItem\",\"position\":2,\"name\":\"Prorrogadas as inscri\u00e7\u00f5es do Pr\u00e9- Enem e Pr\u00e9-Concurso Municipal em Montes Claros\"}]},{\"@type\":\"WebSite\",\"@id\":\"https:\/\/www.encontramontesclaros.com.br\/noticias\/#website\",\"url\":\"https:\/\/www.encontramontesclaros.com.br\/noticias\/\",\"name\":\"Not\u00edcias da Cidade Montes Claros\",\"description\":\"Not\u00edcias, eventos, informa\u00e7\u00f5es e dicas da cidade de Montes Claros e regi\u00e3o\",\"potentialAction\":[{\"@type\":\"SearchAction\",\"target\":{\"@type\":\"EntryPoint\",\"urlTemplate\":\"https:\/\/www.encontramontesclaros.com.br\/noticias\/?s={search_term_string}\"},\"query-input\":{\"@type\":\"PropertyValueSpecification\",\"valueRequired\":true,\"valueName\":\"search_term_string\"}}],\"inLanguage\":\"pt-BR\"},{\"@type\":\"Person\",\"@id\":\"https:\/\/www.encontramontesclaros.com.br\/noticias\/#\/schema\/person\/aee9ea87107989474197d40d1258976d\",\"name\":\"Encontra Montes Claros\",\"image\":{\"@type\":\"ImageObject\",\"inLanguage\":\"pt-BR\",\"@id\":\"https:\/\/www.encontramontesclaros.com.br\/noticias\/#\/schema\/person\/image\/\",\"url\":\"https:\/\/secure.gravatar.com\/avatar\/507340682b8270222e1f208e23198b6ae7e2c6a1033ae84e99bc6bce4f82a387?s=96&d=mm&r=g\",\"contentUrl\":\"https:\/\/secure.gravatar.com\/avatar\/507340682b8270222e1f208e23198b6ae7e2c6a1033ae84e99bc6bce4f82a387?s=96&d=mm&r=g\",\"caption\":\"Encontra Montes Claros\"},\"sameAs\":[\"http:\/\/www.encontramontesclaros.com.br\"],\"url\":\"https:\/\/www.encontramontesclaros.com.br\/noticias\/author\/emontesclaros\/\"}]}<\/script>\n<!-- \/ Yoast SEO plugin. -->","yoast_head_json":{"title":"Prorrogadas as inscri\u00e7\u00f5es do Pr\u00e9- Enem e Pr\u00e9-Concurso Municipal em Montes Claros - Not\u00edcias da Cidade Montes Claros","robots":{"index":"index","follow":"follow","max-snippet":"max-snippet:-1","max-image-preview":"max-image-preview:large","max-video-preview":"max-video-preview:-1"},"canonical":"https:\/\/www.encontramontesclaros.com.br\/noticias\/prorrogadas-as-inscricoes-do-pre-enem-e-pre-concurso-municipal-em-montes-claros\/","og_locale":"pt_BR","og_type":"article","og_title":"Prorrogadas as inscri\u00e7\u00f5es do Pr\u00e9- Enem e Pr\u00e9-Concurso Municipal em Montes Claros - Not\u00edcias da Cidade Montes Claros","og_description":"Foram prorrogadas as inscri\u00e7\u00f5es para o primeiro processo seletivo do Pr\u00e9-Enem e Pr\u00e9-Concurso Municipal 2014, realizado pela Secretaria Municipal de Educa\u00e7\u00e3o. O novo prazo para a realiza\u00e7\u00e3o de inscri\u00e7\u00f5es e entrega de documenta\u00e7\u00e3o vai at\u00e9 o dia 29 de novembro. A prova de sele\u00e7\u00e3o para os cursos ser\u00e1 no dia 3 de dezembro. Segundo a [&hellip;]","og_url":"https:\/\/www.encontramontesclaros.com.br\/noticias\/prorrogadas-as-inscricoes-do-pre-enem-e-pre-concurso-municipal-em-montes-claros\/","og_site_name":"Not\u00edcias da Cidade Montes Claros","article_published_time":"2013-11-21T11:09:00+00:00","author":"Encontra Montes Claros","twitter_card":"summary_large_image","twitter_misc":{"Escrito por":"Encontra Montes Claros","Est. tempo de leitura":"1 minuto"},"schema":{"@context":"https:\/\/schema.org","@graph":[{"@type":"WebPage","@id":"https:\/\/www.encontramontesclaros.com.br\/noticias\/prorrogadas-as-inscricoes-do-pre-enem-e-pre-concurso-municipal-em-montes-claros\/","url":"https:\/\/www.encontramontesclaros.com.br\/noticias\/prorrogadas-as-inscricoes-do-pre-enem-e-pre-concurso-municipal-em-montes-claros\/","name":"Prorrogadas as inscri\u00e7\u00f5es do Pr\u00e9- Enem e Pr\u00e9-Concurso Municipal em Montes Claros - Not\u00edcias da Cidade Montes Claros","isPartOf":{"@id":"https:\/\/www.encontramontesclaros.com.br\/noticias\/#website"},"datePublished":"2013-11-21T11:09:00+00:00","author":{"@id":"https:\/\/www.encontramontesclaros.com.br\/noticias\/#\/schema\/person\/aee9ea87107989474197d40d1258976d"},"breadcrumb":{"@id":"https:\/\/www.encontramontesclaros.com.br\/noticias\/prorrogadas-as-inscricoes-do-pre-enem-e-pre-concurso-municipal-em-montes-claros\/#breadcrumb"},"inLanguage":"pt-BR","potentialAction":[{"@type":"ReadAction","target":["https:\/\/www.encontramontesclaros.com.br\/noticias\/prorrogadas-as-inscricoes-do-pre-enem-e-pre-concurso-municipal-em-montes-claros\/"]}]},{"@type":"BreadcrumbList","@id":"https:\/\/www.encontramontesclaros.com.br\/noticias\/prorrogadas-as-inscricoes-do-pre-enem-e-pre-concurso-municipal-em-montes-claros\/#breadcrumb","itemListElement":[{"@type":"ListItem","position":1,"name":"In\u00edcio","item":"https:\/\/www.encontramontesclaros.com.br\/noticias\/"},{"@type":"ListItem","position":2,"name":"Prorrogadas as inscri\u00e7\u00f5es do Pr\u00e9- Enem e Pr\u00e9-Concurso Municipal em Montes Claros"}]},{"@type":"WebSite","@id":"https:\/\/www.encontramontesclaros.com.br\/noticias\/#website","url":"https:\/\/www.encontramontesclaros.com.br\/noticias\/","name":"Not\u00edcias da Cidade Montes Claros","description":"Not\u00edcias, eventos, informa\u00e7\u00f5es e dicas da cidade de Montes Claros e regi\u00e3o","potentialAction":[{"@type":"SearchAction","target":{"@type":"EntryPoint","urlTemplate":"https:\/\/www.encontramontesclaros.com.br\/noticias\/?s={search_term_string}"},"query-input":{"@type":"PropertyValueSpecification","valueRequired":true,"valueName":"search_term_string"}}],"inLanguage":"pt-BR"},{"@type":"Person","@id":"https:\/\/www.encontramontesclaros.com.br\/noticias\/#\/schema\/person\/aee9ea87107989474197d40d1258976d","name":"Encontra Montes Claros","image":{"@type":"ImageObject","inLanguage":"pt-BR","@id":"https:\/\/www.encontramontesclaros.com.br\/noticias\/#\/schema\/person\/image\/","url":"https:\/\/secure.gravatar.com\/avatar\/507340682b8270222e1f208e23198b6ae7e2c6a1033ae84e99bc6bce4f82a387?s=96&d=mm&r=g","contentUrl":"https:\/\/secure.gravatar.com\/avatar\/507340682b8270222e1f208e23198b6ae7e2c6a1033ae84e99bc6bce4f82a387?s=96&d=mm&r=g","caption":"Encontra Montes Claros"},"sameAs":["http:\/\/www.encontramontesclaros.com.br"],"url":"https:\/\/www.encontramontesclaros.com.br\/noticias\/author\/emontesclaros\/"}]}},"_links":{"self":[{"href":"https:\/\/www.encontramontesclaros.com.br\/noticias\/wp-json\/wp\/v2\/posts\/659","targetHints":{"allow":["GET"]}}],"collection":[{"href":"https:\/\/www.encontramontesclaros.com.br\/noticias\/wp-json\/wp\/v2\/posts"}],"about":[{"href":"https:\/\/www.encontramontesclaros.com.br\/noticias\/wp-json\/wp\/v2\/types\/post"}],"author":[{"embeddable":true,"href":"https:\/\/www.encontramontesclaros.com.br\/noticias\/wp-json\/wp\/v2\/users\/1"}],"replies":[{"embeddable":true,"href":"https:\/\/www.encontramontesclaros.com.br\/noticias\/wp-json\/wp\/v2\/comments?post=659"}],"version-history":[{"count":1,"href":"https:\/\/www.encontramontesclaros.com.br\/noticias\/wp-json\/wp\/v2\/posts\/659\/revisions"}],"predecessor-version":[{"id":660,"href":"https:\/\/www.encontramontesclaros.com.br\/noticias\/wp-json\/wp\/v2\/posts\/659\/revisions\/660"}],"wp:attachment":[{"href":"https:\/\/www.encontramontesclaros.com.br\/noticias\/wp-json\/wp\/v2\/media?parent=659"}],"wp:term":[{"taxonomy":"category","embeddable":true,"href":"https:\/\/www.encontramontesclaros.com.br\/noticias\/wp-json\/wp\/v2\/categories?post=659"},{"taxonomy":"post_tag","embeddable":true,"href":"https:\/\/www.encontramontesclaros.com.br\/noticias\/wp-json\/wp\/v2\/tags?post=659"}],"curies":[{"name":"wp","href":"https:\/\/api.w.org\/{rel}","templated":true}]}}