{"id":657,"date":"2013-11-14T12:56:10","date_gmt":"2013-11-14T12:56:10","guid":{"rendered":"http:\/\/www.encontramontesclaros.com.br\/noticias\/?p=657"},"modified":"2013-11-14T12:56:10","modified_gmt":"2013-11-14T12:56:10","slug":"montes-claros-promove-acoes-voltadas-para-a-promocao-da-igualdade-racial","status":"publish","type":"post","link":"https:\/\/www.encontramontesclaros.com.br\/noticias\/montes-claros-promove-acoes-voltadas-para-a-promocao-da-igualdade-racial\/","title":{"rendered":"Montes Claros promove a\u00e7\u00f5es voltadas  para a promo\u00e7\u00e3o da igualdade racial"},"content":{"rendered":"<p>O Brasil ir\u00e1 celebrar, na pr\u00f3xima semana, o Dia Nacional da Consci\u00eancia Negra, em 20 de novembro. A data foi escolhida por ser o dia da morte de Zumbi dos Palmares, que se tornou s\u00edmbolo da luta contra a escravid\u00e3o e o preconceito racial. Para marcar a data, a Coordenadoria de Pol\u00edticas de Promo\u00e7\u00e3o de Igualdade Racial da Prefeitura de Montes Claros ir\u00e1 promover uma s\u00e9rie de a\u00e7\u00f5es alusivas ao tema.<\/p>\n<p>A programa\u00e7\u00e3o come\u00e7a no dia 18 de novembro, segunda-feira, com a abertura oficial da Semana da Consci\u00eancia Negra, no hall de entrada da <a title=\"Prefeitura de Montes Claros\" href=\"http:\/\/www.encontramontesclaros.com.br\/montes-claros\/prefeitura-municipal-de-montes-claros.shtml\" target=\"_blank\">Prefeitura de Montes Claros<\/a>. A solenidade ir\u00e1 come\u00e7ar \u00e0s 17 horas e incluir\u00e1 uma apresenta\u00e7\u00e3o cultural.<\/p>\n<p>No dia 19, no Campus S\u00e3o Norberto da Funorte, ser\u00e1 realizado o Semin\u00e1rio Regional \u201cSa\u00fade, Cidadania e Educa\u00e7\u00e3o sem Racismo\u201d, voltado para a capacita\u00e7\u00e3o de gestores, profissionais da Sa\u00fade e da Educa\u00e7\u00e3o e integrantes de movimentos sociais. Durante o dia ser\u00e3o realizadas palestras com os seguintes temas: \u201cRacismo Institucional\u201d; \u201c Sa\u00fade da Popula\u00e7\u00e3o Negra &#8211; Avan\u00e7os e Desafios\u201d; \u201cPlano de A\u00e7\u00e3o de Pol\u00edticas de G\u00eanero e Ra\u00e7a (recorte da Mulher Negra)\u201d; \u201cLeis 10.639\/2003 e 11.645\/2008 \u2013 Avan\u00e7os e Desafios\u201d; \u201cReligi\u00f5es &#8211; Recorte Religi\u00f5es de Matriz Africana\u201d; e \u201cO Negro no Mercado de Trabalho (recorte mulher negra)\u201d.<\/p>\n<p>Entre os palestrantes, M\u00e1rcia Beatriz In\u00e1cio (cientista social, especialista em Pol\u00edticas P\u00fablicas, coordenadora do Centro de Refer\u00eancia Especializado em Assist\u00eancia Social \u2013 CREAS \u2013 de Francisco S\u00e1), M\u00f4nica Aguiar (coordenadora geral do Centro de Refer\u00eancia de Cultura da Mulher Negra de Minas Gerais e coordenadora geral do F\u00f3rum Estadual Mulheres Negras), Cl\u00e1udia Marques de Oliveira (mestre em Educa\u00e7\u00e3o das Rela\u00e7\u00f5es \u00c9tnico-Raciais, descendente do povo gorutubano), Jos\u00e9 Paulo Ferreira Gomes (coordenador do N\u00facleo de Estudos Afro Brasileiro \u2013NEAB\/UNIMONTES) e Cristina Borges (graduada em Filosofia, mestre em Ci\u00eancias da Religi\u00e3o pela PUC\/SP, doutoranda em Ci\u00eancias da Religi\u00e3o pela PUC\/SP, autora do livro Umbanda Sertaneja). Tamb\u00e9m ser\u00e1 exibido o document\u00e1rio \u201cRA\u00c7A \u2013 Um filme sobre a igualdade\u201d, seguido por debate.<\/p>\n<p>No dia 20 de novembro ser\u00e1 o encerramento oficial da Semana, com a realiza\u00e7\u00e3o da grande final da 5\u00aa Edi\u00e7\u00e3o do Concurso Beleza Negra, que acontecer\u00e1 na sede da AMAMS. Ser\u00e3o escolhidos o Mister e a Miss Beleza Negra 2013, nas categorias mirim e juvenil.<\/p>\n","protected":false},"excerpt":{"rendered":"<p>O Brasil ir\u00e1 celebrar, na pr\u00f3xima semana, o Dia Nacional da Consci\u00eancia Negra, em 20 de novembro. A data foi escolhida por ser o dia da morte de Zumbi dos Palmares, que se tornou s\u00edmbolo da luta contra a escravid\u00e3o e o preconceito racial. Para marcar a data, a Coordenadoria de Pol\u00edticas de Promo\u00e7\u00e3o de [&hellip;]<\/p>\n","protected":false},"author":1,"featured_media":0,"comment_status":"open","ping_status":"open","sticky":false,"template":"","format":"standard","meta":{"footnotes":""},"categories":[6],"tags":[],"class_list":["post-657","post","type-post","status-publish","format-standard","hentry","category-noticias-montes-claros"],"yoast_head":"<!-- This site is optimized with the Yoast SEO plugin v25.9 - https:\/\/yoast.com\/wordpress\/plugins\/seo\/ -->\n<title>Montes Claros promove a\u00e7\u00f5es voltadas para a promo\u00e7\u00e3o da igualdade racial - Not\u00edcias da Cidade Montes Claros<\/title>\n<meta name=\"robots\" content=\"index, follow, max-snippet:-1, max-image-preview:large, max-video-preview:-1\" \/>\n<link rel=\"canonical\" href=\"https:\/\/www.encontramontesclaros.com.br\/noticias\/montes-claros-promove-acoes-voltadas-para-a-promocao-da-igualdade-racial\/\" \/>\n<meta property=\"og:locale\" content=\"pt_BR\" \/>\n<meta property=\"og:type\" content=\"article\" \/>\n<meta property=\"og:title\" content=\"Montes Claros promove a\u00e7\u00f5es voltadas para a promo\u00e7\u00e3o da igualdade racial - Not\u00edcias da Cidade Montes Claros\" \/>\n<meta property=\"og:description\" content=\"O Brasil ir\u00e1 celebrar, na pr\u00f3xima semana, o Dia Nacional da Consci\u00eancia Negra, em 20 de novembro. A data foi escolhida por ser o dia da morte de Zumbi dos Palmares, que se tornou s\u00edmbolo da luta contra a escravid\u00e3o e o preconceito racial. Para marcar a data, a Coordenadoria de Pol\u00edticas de Promo\u00e7\u00e3o de [&hellip;]\" \/>\n<meta property=\"og:url\" content=\"https:\/\/www.encontramontesclaros.com.br\/noticias\/montes-claros-promove-acoes-voltadas-para-a-promocao-da-igualdade-racial\/\" \/>\n<meta property=\"og:site_name\" content=\"Not\u00edcias da Cidade Montes Claros\" \/>\n<meta property=\"article:published_time\" content=\"2013-11-14T12:56:10+00:00\" \/>\n<meta name=\"author\" content=\"Encontra Montes Claros\" \/>\n<meta name=\"twitter:card\" content=\"summary_large_image\" \/>\n<meta name=\"twitter:label1\" content=\"Escrito por\" \/>\n\t<meta name=\"twitter:data1\" content=\"Encontra Montes Claros\" \/>\n\t<meta name=\"twitter:label2\" content=\"Est. tempo de leitura\" \/>\n\t<meta name=\"twitter:data2\" content=\"2 minutos\" \/>\n<script type=\"application\/ld+json\" class=\"yoast-schema-graph\">{\"@context\":\"https:\/\/schema.org\",\"@graph\":[{\"@type\":\"WebPage\",\"@id\":\"https:\/\/www.encontramontesclaros.com.br\/noticias\/montes-claros-promove-acoes-voltadas-para-a-promocao-da-igualdade-racial\/\",\"url\":\"https:\/\/www.encontramontesclaros.com.br\/noticias\/montes-claros-promove-acoes-voltadas-para-a-promocao-da-igualdade-racial\/\",\"name\":\"Montes Claros promove a\u00e7\u00f5es voltadas para a promo\u00e7\u00e3o da igualdade racial - Not\u00edcias da Cidade Montes Claros\",\"isPartOf\":{\"@id\":\"https:\/\/www.encontramontesclaros.com.br\/noticias\/#website\"},\"datePublished\":\"2013-11-14T12:56:10+00:00\",\"author\":{\"@id\":\"https:\/\/www.encontramontesclaros.com.br\/noticias\/#\/schema\/person\/aee9ea87107989474197d40d1258976d\"},\"breadcrumb\":{\"@id\":\"https:\/\/www.encontramontesclaros.com.br\/noticias\/montes-claros-promove-acoes-voltadas-para-a-promocao-da-igualdade-racial\/#breadcrumb\"},\"inLanguage\":\"pt-BR\",\"potentialAction\":[{\"@type\":\"ReadAction\",\"target\":[\"https:\/\/www.encontramontesclaros.com.br\/noticias\/montes-claros-promove-acoes-voltadas-para-a-promocao-da-igualdade-racial\/\"]}]},{\"@type\":\"BreadcrumbList\",\"@id\":\"https:\/\/www.encontramontesclaros.com.br\/noticias\/montes-claros-promove-acoes-voltadas-para-a-promocao-da-igualdade-racial\/#breadcrumb\",\"itemListElement\":[{\"@type\":\"ListItem\",\"position\":1,\"name\":\"In\u00edcio\",\"item\":\"https:\/\/www.encontramontesclaros.com.br\/noticias\/\"},{\"@type\":\"ListItem\",\"position\":2,\"name\":\"Montes Claros promove a\u00e7\u00f5es voltadas para a promo\u00e7\u00e3o da igualdade racial\"}]},{\"@type\":\"WebSite\",\"@id\":\"https:\/\/www.encontramontesclaros.com.br\/noticias\/#website\",\"url\":\"https:\/\/www.encontramontesclaros.com.br\/noticias\/\",\"name\":\"Not\u00edcias da Cidade Montes Claros\",\"description\":\"Not\u00edcias, eventos, informa\u00e7\u00f5es e dicas da cidade de Montes Claros e regi\u00e3o\",\"potentialAction\":[{\"@type\":\"SearchAction\",\"target\":{\"@type\":\"EntryPoint\",\"urlTemplate\":\"https:\/\/www.encontramontesclaros.com.br\/noticias\/?s={search_term_string}\"},\"query-input\":{\"@type\":\"PropertyValueSpecification\",\"valueRequired\":true,\"valueName\":\"search_term_string\"}}],\"inLanguage\":\"pt-BR\"},{\"@type\":\"Person\",\"@id\":\"https:\/\/www.encontramontesclaros.com.br\/noticias\/#\/schema\/person\/aee9ea87107989474197d40d1258976d\",\"name\":\"Encontra Montes Claros\",\"image\":{\"@type\":\"ImageObject\",\"inLanguage\":\"pt-BR\",\"@id\":\"https:\/\/www.encontramontesclaros.com.br\/noticias\/#\/schema\/person\/image\/\",\"url\":\"https:\/\/secure.gravatar.com\/avatar\/507340682b8270222e1f208e23198b6ae7e2c6a1033ae84e99bc6bce4f82a387?s=96&d=mm&r=g\",\"contentUrl\":\"https:\/\/secure.gravatar.com\/avatar\/507340682b8270222e1f208e23198b6ae7e2c6a1033ae84e99bc6bce4f82a387?s=96&d=mm&r=g\",\"caption\":\"Encontra Montes Claros\"},\"sameAs\":[\"http:\/\/www.encontramontesclaros.com.br\"],\"url\":\"https:\/\/www.encontramontesclaros.com.br\/noticias\/author\/emontesclaros\/\"}]}<\/script>\n<!-- \/ Yoast SEO plugin. -->","yoast_head_json":{"title":"Montes Claros promove a\u00e7\u00f5es voltadas para a promo\u00e7\u00e3o da igualdade racial - Not\u00edcias da Cidade Montes Claros","robots":{"index":"index","follow":"follow","max-snippet":"max-snippet:-1","max-image-preview":"max-image-preview:large","max-video-preview":"max-video-preview:-1"},"canonical":"https:\/\/www.encontramontesclaros.com.br\/noticias\/montes-claros-promove-acoes-voltadas-para-a-promocao-da-igualdade-racial\/","og_locale":"pt_BR","og_type":"article","og_title":"Montes Claros promove a\u00e7\u00f5es voltadas para a promo\u00e7\u00e3o da igualdade racial - Not\u00edcias da Cidade Montes Claros","og_description":"O Brasil ir\u00e1 celebrar, na pr\u00f3xima semana, o Dia Nacional da Consci\u00eancia Negra, em 20 de novembro. A data foi escolhida por ser o dia da morte de Zumbi dos Palmares, que se tornou s\u00edmbolo da luta contra a escravid\u00e3o e o preconceito racial. Para marcar a data, a Coordenadoria de Pol\u00edticas de Promo\u00e7\u00e3o de [&hellip;]","og_url":"https:\/\/www.encontramontesclaros.com.br\/noticias\/montes-claros-promove-acoes-voltadas-para-a-promocao-da-igualdade-racial\/","og_site_name":"Not\u00edcias da Cidade Montes Claros","article_published_time":"2013-11-14T12:56:10+00:00","author":"Encontra Montes Claros","twitter_card":"summary_large_image","twitter_misc":{"Escrito por":"Encontra Montes Claros","Est. tempo de leitura":"2 minutos"},"schema":{"@context":"https:\/\/schema.org","@graph":[{"@type":"WebPage","@id":"https:\/\/www.encontramontesclaros.com.br\/noticias\/montes-claros-promove-acoes-voltadas-para-a-promocao-da-igualdade-racial\/","url":"https:\/\/www.encontramontesclaros.com.br\/noticias\/montes-claros-promove-acoes-voltadas-para-a-promocao-da-igualdade-racial\/","name":"Montes Claros promove a\u00e7\u00f5es voltadas para a promo\u00e7\u00e3o da igualdade racial - Not\u00edcias da Cidade Montes Claros","isPartOf":{"@id":"https:\/\/www.encontramontesclaros.com.br\/noticias\/#website"},"datePublished":"2013-11-14T12:56:10+00:00","author":{"@id":"https:\/\/www.encontramontesclaros.com.br\/noticias\/#\/schema\/person\/aee9ea87107989474197d40d1258976d"},"breadcrumb":{"@id":"https:\/\/www.encontramontesclaros.com.br\/noticias\/montes-claros-promove-acoes-voltadas-para-a-promocao-da-igualdade-racial\/#breadcrumb"},"inLanguage":"pt-BR","potentialAction":[{"@type":"ReadAction","target":["https:\/\/www.encontramontesclaros.com.br\/noticias\/montes-claros-promove-acoes-voltadas-para-a-promocao-da-igualdade-racial\/"]}]},{"@type":"BreadcrumbList","@id":"https:\/\/www.encontramontesclaros.com.br\/noticias\/montes-claros-promove-acoes-voltadas-para-a-promocao-da-igualdade-racial\/#breadcrumb","itemListElement":[{"@type":"ListItem","position":1,"name":"In\u00edcio","item":"https:\/\/www.encontramontesclaros.com.br\/noticias\/"},{"@type":"ListItem","position":2,"name":"Montes Claros promove a\u00e7\u00f5es voltadas para a promo\u00e7\u00e3o da igualdade racial"}]},{"@type":"WebSite","@id":"https:\/\/www.encontramontesclaros.com.br\/noticias\/#website","url":"https:\/\/www.encontramontesclaros.com.br\/noticias\/","name":"Not\u00edcias da Cidade Montes Claros","description":"Not\u00edcias, eventos, informa\u00e7\u00f5es e dicas da cidade de Montes Claros e regi\u00e3o","potentialAction":[{"@type":"SearchAction","target":{"@type":"EntryPoint","urlTemplate":"https:\/\/www.encontramontesclaros.com.br\/noticias\/?s={search_term_string}"},"query-input":{"@type":"PropertyValueSpecification","valueRequired":true,"valueName":"search_term_string"}}],"inLanguage":"pt-BR"},{"@type":"Person","@id":"https:\/\/www.encontramontesclaros.com.br\/noticias\/#\/schema\/person\/aee9ea87107989474197d40d1258976d","name":"Encontra Montes Claros","image":{"@type":"ImageObject","inLanguage":"pt-BR","@id":"https:\/\/www.encontramontesclaros.com.br\/noticias\/#\/schema\/person\/image\/","url":"https:\/\/secure.gravatar.com\/avatar\/507340682b8270222e1f208e23198b6ae7e2c6a1033ae84e99bc6bce4f82a387?s=96&d=mm&r=g","contentUrl":"https:\/\/secure.gravatar.com\/avatar\/507340682b8270222e1f208e23198b6ae7e2c6a1033ae84e99bc6bce4f82a387?s=96&d=mm&r=g","caption":"Encontra Montes Claros"},"sameAs":["http:\/\/www.encontramontesclaros.com.br"],"url":"https:\/\/www.encontramontesclaros.com.br\/noticias\/author\/emontesclaros\/"}]}},"_links":{"self":[{"href":"https:\/\/www.encontramontesclaros.com.br\/noticias\/wp-json\/wp\/v2\/posts\/657","targetHints":{"allow":["GET"]}}],"collection":[{"href":"https:\/\/www.encontramontesclaros.com.br\/noticias\/wp-json\/wp\/v2\/posts"}],"about":[{"href":"https:\/\/www.encontramontesclaros.com.br\/noticias\/wp-json\/wp\/v2\/types\/post"}],"author":[{"embeddable":true,"href":"https:\/\/www.encontramontesclaros.com.br\/noticias\/wp-json\/wp\/v2\/users\/1"}],"replies":[{"embeddable":true,"href":"https:\/\/www.encontramontesclaros.com.br\/noticias\/wp-json\/wp\/v2\/comments?post=657"}],"version-history":[{"count":1,"href":"https:\/\/www.encontramontesclaros.com.br\/noticias\/wp-json\/wp\/v2\/posts\/657\/revisions"}],"predecessor-version":[{"id":658,"href":"https:\/\/www.encontramontesclaros.com.br\/noticias\/wp-json\/wp\/v2\/posts\/657\/revisions\/658"}],"wp:attachment":[{"href":"https:\/\/www.encontramontesclaros.com.br\/noticias\/wp-json\/wp\/v2\/media?parent=657"}],"wp:term":[{"taxonomy":"category","embeddable":true,"href":"https:\/\/www.encontramontesclaros.com.br\/noticias\/wp-json\/wp\/v2\/categories?post=657"},{"taxonomy":"post_tag","embeddable":true,"href":"https:\/\/www.encontramontesclaros.com.br\/noticias\/wp-json\/wp\/v2\/tags?post=657"}],"curies":[{"name":"wp","href":"https:\/\/api.w.org\/{rel}","templated":true}]}}