{"id":654,"date":"2013-11-05T11:50:38","date_gmt":"2013-11-05T11:50:38","guid":{"rendered":"http:\/\/www.encontramontesclaros.com.br\/noticias\/?p=654"},"modified":"2013-11-05T11:50:38","modified_gmt":"2013-11-05T11:50:38","slug":"abertas-em-montes-claros-inscricoes-para-cursos-gratuitos-do-pronatec","status":"publish","type":"post","link":"https:\/\/www.encontramontesclaros.com.br\/noticias\/abertas-em-montes-claros-inscricoes-para-cursos-gratuitos-do-pronatec\/","title":{"rendered":"Abertas em Montes Claros inscri\u00e7\u00f5es para  cursos gratuitos do Pronatec"},"content":{"rendered":"<p>A <a title=\"Prefeitura de Montes Claros\" href=\"http:\/\/www.encontramontesclaros.com.br\/montes-claros\/prefeitura-municipal-de-montes-claros.shtml\" target=\"_blank\">Prefeitura de Montes Claros<\/a>, atrav\u00e9s da Secretaria Municipal de Desenvolvimento Social, est\u00e1 selecionando inscritos no Cadastro \u00danico para Programas Sociais do Governo Federal para participar de cursos gratuitos de qualifica\u00e7\u00e3o profissional oferecidos atrav\u00e9s do Pronatec (Programa Nacional de Acesso ao Ensino T\u00e9cnico e Emprego).<\/p>\n<p>Est\u00e3o sendo oferecidas vagas para os cursos de: Manicure e Pedicure (matutino e vespertino); Maquiador (matutino e noturno); Frentista (noturno); Eletricista Predial de Baixa Tens\u00e3o (noturno); Soldador Processo Eletrodo (matutino e vespertino); Eletricista de Autom\u00f3veis (vespertino); Costura Industrial (matutino); e Modelista (noturno). Todos os cursos podem ser realizados por pessoas com idade entre 16 e 59 anos e que tenham o Ensino Fundamental. A \u00fanica exce\u00e7\u00e3o \u00e9 o curso de Frentista, para o qual exige-se que o candidato tenha mais de 18 anos e o Ensino M\u00e9dio.<\/p>\n<p>Podem se inscrever nos cursos beneficiados por pelo menos um programa social, como Bolsa-fam\u00edlia, Poupan\u00e7a Jovem, Minha Casa Minha Vida, entre outros. As inscri\u00e7\u00f5es est\u00e3o sendo realizadas na sede da Secretaria Municipal de Desenvolvimento Social, localizada na avenida Dulce Sarmento, 2076, bairro Monte Carmelo (antigo Hospital da Unimed), ou nos Centros de Refer\u00eancia de Assist\u00eancia Social (CRAS).<\/p>\n<p>No ato da inscri\u00e7\u00e3o \u00e9 necess\u00e1rio apresentar Carteira de Identidade, CPF, T\u00edtulo de Eleitor, Carteira de Trabalho, Certificado de Reservista (para homens maiores de 18 anos) e documentos dos respons\u00e1veis legais (para menores de 18 anos). Ser\u00e1 indispens\u00e1vel a apresenta\u00e7\u00e3o do NIS ou PIS\/PASEP ou Cart\u00e3o do Bolsa-fam\u00edlia ou Cart\u00e3o Cidad\u00e3o.<\/p>\n","protected":false},"excerpt":{"rendered":"<p>A Prefeitura de Montes Claros, atrav\u00e9s da Secretaria Municipal de Desenvolvimento Social, est\u00e1 selecionando inscritos no Cadastro \u00danico para Programas Sociais do Governo Federal para participar de cursos gratuitos de qualifica\u00e7\u00e3o profissional oferecidos atrav\u00e9s do Pronatec (Programa Nacional de Acesso ao Ensino T\u00e9cnico e Emprego). Est\u00e3o sendo oferecidas vagas para os cursos de: Manicure e [&hellip;]<\/p>\n","protected":false},"author":1,"featured_media":0,"comment_status":"open","ping_status":"open","sticky":false,"template":"","format":"standard","meta":{"footnotes":""},"categories":[6],"tags":[],"class_list":["post-654","post","type-post","status-publish","format-standard","hentry","category-noticias-montes-claros"],"yoast_head":"<!-- This site is optimized with the Yoast SEO plugin v25.9 - https:\/\/yoast.com\/wordpress\/plugins\/seo\/ -->\n<title>Abertas em Montes Claros inscri\u00e7\u00f5es para cursos gratuitos do Pronatec - Not\u00edcias da Cidade Montes Claros<\/title>\n<meta name=\"robots\" content=\"index, follow, max-snippet:-1, max-image-preview:large, max-video-preview:-1\" \/>\n<link rel=\"canonical\" href=\"https:\/\/www.encontramontesclaros.com.br\/noticias\/abertas-em-montes-claros-inscricoes-para-cursos-gratuitos-do-pronatec\/\" \/>\n<meta property=\"og:locale\" content=\"pt_BR\" \/>\n<meta property=\"og:type\" content=\"article\" \/>\n<meta property=\"og:title\" content=\"Abertas em Montes Claros inscri\u00e7\u00f5es para cursos gratuitos do Pronatec - Not\u00edcias da Cidade Montes Claros\" \/>\n<meta property=\"og:description\" content=\"A Prefeitura de Montes Claros, atrav\u00e9s da Secretaria Municipal de Desenvolvimento Social, est\u00e1 selecionando inscritos no Cadastro \u00danico para Programas Sociais do Governo Federal para participar de cursos gratuitos de qualifica\u00e7\u00e3o profissional oferecidos atrav\u00e9s do Pronatec (Programa Nacional de Acesso ao Ensino T\u00e9cnico e Emprego). Est\u00e3o sendo oferecidas vagas para os cursos de: Manicure e [&hellip;]\" \/>\n<meta property=\"og:url\" content=\"https:\/\/www.encontramontesclaros.com.br\/noticias\/abertas-em-montes-claros-inscricoes-para-cursos-gratuitos-do-pronatec\/\" \/>\n<meta property=\"og:site_name\" content=\"Not\u00edcias da Cidade Montes Claros\" \/>\n<meta property=\"article:published_time\" content=\"2013-11-05T11:50:38+00:00\" \/>\n<meta name=\"author\" content=\"Encontra Montes Claros\" \/>\n<meta name=\"twitter:card\" content=\"summary_large_image\" \/>\n<meta name=\"twitter:label1\" content=\"Escrito por\" \/>\n\t<meta name=\"twitter:data1\" content=\"Encontra Montes Claros\" \/>\n\t<meta name=\"twitter:label2\" content=\"Est. tempo de leitura\" \/>\n\t<meta name=\"twitter:data2\" content=\"1 minuto\" \/>\n<script type=\"application\/ld+json\" class=\"yoast-schema-graph\">{\"@context\":\"https:\/\/schema.org\",\"@graph\":[{\"@type\":\"WebPage\",\"@id\":\"https:\/\/www.encontramontesclaros.com.br\/noticias\/abertas-em-montes-claros-inscricoes-para-cursos-gratuitos-do-pronatec\/\",\"url\":\"https:\/\/www.encontramontesclaros.com.br\/noticias\/abertas-em-montes-claros-inscricoes-para-cursos-gratuitos-do-pronatec\/\",\"name\":\"Abertas em Montes Claros inscri\u00e7\u00f5es para cursos gratuitos do Pronatec - Not\u00edcias da Cidade Montes Claros\",\"isPartOf\":{\"@id\":\"https:\/\/www.encontramontesclaros.com.br\/noticias\/#website\"},\"datePublished\":\"2013-11-05T11:50:38+00:00\",\"author\":{\"@id\":\"https:\/\/www.encontramontesclaros.com.br\/noticias\/#\/schema\/person\/aee9ea87107989474197d40d1258976d\"},\"breadcrumb\":{\"@id\":\"https:\/\/www.encontramontesclaros.com.br\/noticias\/abertas-em-montes-claros-inscricoes-para-cursos-gratuitos-do-pronatec\/#breadcrumb\"},\"inLanguage\":\"pt-BR\",\"potentialAction\":[{\"@type\":\"ReadAction\",\"target\":[\"https:\/\/www.encontramontesclaros.com.br\/noticias\/abertas-em-montes-claros-inscricoes-para-cursos-gratuitos-do-pronatec\/\"]}]},{\"@type\":\"BreadcrumbList\",\"@id\":\"https:\/\/www.encontramontesclaros.com.br\/noticias\/abertas-em-montes-claros-inscricoes-para-cursos-gratuitos-do-pronatec\/#breadcrumb\",\"itemListElement\":[{\"@type\":\"ListItem\",\"position\":1,\"name\":\"In\u00edcio\",\"item\":\"https:\/\/www.encontramontesclaros.com.br\/noticias\/\"},{\"@type\":\"ListItem\",\"position\":2,\"name\":\"Abertas em Montes Claros inscri\u00e7\u00f5es para cursos gratuitos do Pronatec\"}]},{\"@type\":\"WebSite\",\"@id\":\"https:\/\/www.encontramontesclaros.com.br\/noticias\/#website\",\"url\":\"https:\/\/www.encontramontesclaros.com.br\/noticias\/\",\"name\":\"Not\u00edcias da Cidade Montes Claros\",\"description\":\"Not\u00edcias, eventos, informa\u00e7\u00f5es e dicas da cidade de Montes Claros e regi\u00e3o\",\"potentialAction\":[{\"@type\":\"SearchAction\",\"target\":{\"@type\":\"EntryPoint\",\"urlTemplate\":\"https:\/\/www.encontramontesclaros.com.br\/noticias\/?s={search_term_string}\"},\"query-input\":{\"@type\":\"PropertyValueSpecification\",\"valueRequired\":true,\"valueName\":\"search_term_string\"}}],\"inLanguage\":\"pt-BR\"},{\"@type\":\"Person\",\"@id\":\"https:\/\/www.encontramontesclaros.com.br\/noticias\/#\/schema\/person\/aee9ea87107989474197d40d1258976d\",\"name\":\"Encontra Montes Claros\",\"image\":{\"@type\":\"ImageObject\",\"inLanguage\":\"pt-BR\",\"@id\":\"https:\/\/www.encontramontesclaros.com.br\/noticias\/#\/schema\/person\/image\/\",\"url\":\"https:\/\/secure.gravatar.com\/avatar\/507340682b8270222e1f208e23198b6ae7e2c6a1033ae84e99bc6bce4f82a387?s=96&d=mm&r=g\",\"contentUrl\":\"https:\/\/secure.gravatar.com\/avatar\/507340682b8270222e1f208e23198b6ae7e2c6a1033ae84e99bc6bce4f82a387?s=96&d=mm&r=g\",\"caption\":\"Encontra Montes Claros\"},\"sameAs\":[\"http:\/\/www.encontramontesclaros.com.br\"],\"url\":\"https:\/\/www.encontramontesclaros.com.br\/noticias\/author\/emontesclaros\/\"}]}<\/script>\n<!-- \/ Yoast SEO plugin. -->","yoast_head_json":{"title":"Abertas em Montes Claros inscri\u00e7\u00f5es para cursos gratuitos do Pronatec - Not\u00edcias da Cidade Montes Claros","robots":{"index":"index","follow":"follow","max-snippet":"max-snippet:-1","max-image-preview":"max-image-preview:large","max-video-preview":"max-video-preview:-1"},"canonical":"https:\/\/www.encontramontesclaros.com.br\/noticias\/abertas-em-montes-claros-inscricoes-para-cursos-gratuitos-do-pronatec\/","og_locale":"pt_BR","og_type":"article","og_title":"Abertas em Montes Claros inscri\u00e7\u00f5es para cursos gratuitos do Pronatec - Not\u00edcias da Cidade Montes Claros","og_description":"A Prefeitura de Montes Claros, atrav\u00e9s da Secretaria Municipal de Desenvolvimento Social, est\u00e1 selecionando inscritos no Cadastro \u00danico para Programas Sociais do Governo Federal para participar de cursos gratuitos de qualifica\u00e7\u00e3o profissional oferecidos atrav\u00e9s do Pronatec (Programa Nacional de Acesso ao Ensino T\u00e9cnico e Emprego). Est\u00e3o sendo oferecidas vagas para os cursos de: Manicure e [&hellip;]","og_url":"https:\/\/www.encontramontesclaros.com.br\/noticias\/abertas-em-montes-claros-inscricoes-para-cursos-gratuitos-do-pronatec\/","og_site_name":"Not\u00edcias da Cidade Montes Claros","article_published_time":"2013-11-05T11:50:38+00:00","author":"Encontra Montes Claros","twitter_card":"summary_large_image","twitter_misc":{"Escrito por":"Encontra Montes Claros","Est. tempo de leitura":"1 minuto"},"schema":{"@context":"https:\/\/schema.org","@graph":[{"@type":"WebPage","@id":"https:\/\/www.encontramontesclaros.com.br\/noticias\/abertas-em-montes-claros-inscricoes-para-cursos-gratuitos-do-pronatec\/","url":"https:\/\/www.encontramontesclaros.com.br\/noticias\/abertas-em-montes-claros-inscricoes-para-cursos-gratuitos-do-pronatec\/","name":"Abertas em Montes Claros inscri\u00e7\u00f5es para cursos gratuitos do Pronatec - Not\u00edcias da Cidade Montes Claros","isPartOf":{"@id":"https:\/\/www.encontramontesclaros.com.br\/noticias\/#website"},"datePublished":"2013-11-05T11:50:38+00:00","author":{"@id":"https:\/\/www.encontramontesclaros.com.br\/noticias\/#\/schema\/person\/aee9ea87107989474197d40d1258976d"},"breadcrumb":{"@id":"https:\/\/www.encontramontesclaros.com.br\/noticias\/abertas-em-montes-claros-inscricoes-para-cursos-gratuitos-do-pronatec\/#breadcrumb"},"inLanguage":"pt-BR","potentialAction":[{"@type":"ReadAction","target":["https:\/\/www.encontramontesclaros.com.br\/noticias\/abertas-em-montes-claros-inscricoes-para-cursos-gratuitos-do-pronatec\/"]}]},{"@type":"BreadcrumbList","@id":"https:\/\/www.encontramontesclaros.com.br\/noticias\/abertas-em-montes-claros-inscricoes-para-cursos-gratuitos-do-pronatec\/#breadcrumb","itemListElement":[{"@type":"ListItem","position":1,"name":"In\u00edcio","item":"https:\/\/www.encontramontesclaros.com.br\/noticias\/"},{"@type":"ListItem","position":2,"name":"Abertas em Montes Claros inscri\u00e7\u00f5es para cursos gratuitos do Pronatec"}]},{"@type":"WebSite","@id":"https:\/\/www.encontramontesclaros.com.br\/noticias\/#website","url":"https:\/\/www.encontramontesclaros.com.br\/noticias\/","name":"Not\u00edcias da Cidade Montes Claros","description":"Not\u00edcias, eventos, informa\u00e7\u00f5es e dicas da cidade de Montes Claros e regi\u00e3o","potentialAction":[{"@type":"SearchAction","target":{"@type":"EntryPoint","urlTemplate":"https:\/\/www.encontramontesclaros.com.br\/noticias\/?s={search_term_string}"},"query-input":{"@type":"PropertyValueSpecification","valueRequired":true,"valueName":"search_term_string"}}],"inLanguage":"pt-BR"},{"@type":"Person","@id":"https:\/\/www.encontramontesclaros.com.br\/noticias\/#\/schema\/person\/aee9ea87107989474197d40d1258976d","name":"Encontra Montes Claros","image":{"@type":"ImageObject","inLanguage":"pt-BR","@id":"https:\/\/www.encontramontesclaros.com.br\/noticias\/#\/schema\/person\/image\/","url":"https:\/\/secure.gravatar.com\/avatar\/507340682b8270222e1f208e23198b6ae7e2c6a1033ae84e99bc6bce4f82a387?s=96&d=mm&r=g","contentUrl":"https:\/\/secure.gravatar.com\/avatar\/507340682b8270222e1f208e23198b6ae7e2c6a1033ae84e99bc6bce4f82a387?s=96&d=mm&r=g","caption":"Encontra Montes Claros"},"sameAs":["http:\/\/www.encontramontesclaros.com.br"],"url":"https:\/\/www.encontramontesclaros.com.br\/noticias\/author\/emontesclaros\/"}]}},"_links":{"self":[{"href":"https:\/\/www.encontramontesclaros.com.br\/noticias\/wp-json\/wp\/v2\/posts\/654","targetHints":{"allow":["GET"]}}],"collection":[{"href":"https:\/\/www.encontramontesclaros.com.br\/noticias\/wp-json\/wp\/v2\/posts"}],"about":[{"href":"https:\/\/www.encontramontesclaros.com.br\/noticias\/wp-json\/wp\/v2\/types\/post"}],"author":[{"embeddable":true,"href":"https:\/\/www.encontramontesclaros.com.br\/noticias\/wp-json\/wp\/v2\/users\/1"}],"replies":[{"embeddable":true,"href":"https:\/\/www.encontramontesclaros.com.br\/noticias\/wp-json\/wp\/v2\/comments?post=654"}],"version-history":[{"count":1,"href":"https:\/\/www.encontramontesclaros.com.br\/noticias\/wp-json\/wp\/v2\/posts\/654\/revisions"}],"predecessor-version":[{"id":655,"href":"https:\/\/www.encontramontesclaros.com.br\/noticias\/wp-json\/wp\/v2\/posts\/654\/revisions\/655"}],"wp:attachment":[{"href":"https:\/\/www.encontramontesclaros.com.br\/noticias\/wp-json\/wp\/v2\/media?parent=654"}],"wp:term":[{"taxonomy":"category","embeddable":true,"href":"https:\/\/www.encontramontesclaros.com.br\/noticias\/wp-json\/wp\/v2\/categories?post=654"},{"taxonomy":"post_tag","embeddable":true,"href":"https:\/\/www.encontramontesclaros.com.br\/noticias\/wp-json\/wp\/v2\/tags?post=654"}],"curies":[{"name":"wp","href":"https:\/\/api.w.org\/{rel}","templated":true}]}}