{"id":633,"date":"2013-08-29T13:40:39","date_gmt":"2013-08-29T13:40:39","guid":{"rendered":"http:\/\/www.encontramontesclaros.com.br\/noticias\/?p=633"},"modified":"2013-08-29T13:40:59","modified_gmt":"2013-08-29T13:40:59","slug":"sesc-montes-claros-lanca-campanha-de-combate-ao-fumo-alcool-e-drogas","status":"publish","type":"post","link":"https:\/\/www.encontramontesclaros.com.br\/noticias\/sesc-montes-claros-lanca-campanha-de-combate-ao-fumo-alcool-e-drogas\/","title":{"rendered":"Sesc Montes Claros lan\u00e7a campanha de combate ao fumo, \u00e1lcool e drogas"},"content":{"rendered":"<p>O Servi\u00e7o Social do Com\u00e9rcio de Minas Gerais (Sesc Minas) lan\u00e7ou uma campanha para combater o fumo, o \u00e1lcool e as drogas no estado. O objetivo \u00e9 conscientizar a popula\u00e7\u00e3o sobre os riscos do tabagismo.<\/p>\n<p>O \u00faltimo levantamento da Organiza\u00e7\u00e3o Mundial da Sa\u00fade apontou que seis milh\u00f5es de pessoas morrem, anualmente, por causa do cigarro.<\/p>\n<p>&nbsp;<\/p>\n<p><strong>Veja os locais onde \u00e9 feita a campanha<\/strong><\/p>\n<p>O Servi\u00e7o Social do Com\u00e9rcio de Minas Gerais (Sesc Minas) lan\u00e7ou uma campanha para combater o fumo, o \u00e1lcool e as drogas no estado. O objetivo \u00e9 conscientizar a popula\u00e7\u00e3o sobre os riscos do tabagismo.<\/p>\n<p>O \u00faltimo levantamento da Organiza\u00e7\u00e3o Mundial da Sa\u00fade apontou que seis milh\u00f5es de pessoas morrem, anualmente, por causa do cigarro.<\/p>\n<p><strong>Veja os locais onde \u00e9 feita a campanha<\/strong><\/p>\n<p><strong>Belo Horizonte<\/strong><br \/>\nSesc Desportivo \u2013 Rua Te\u00f3filo Otoni, 433, Carlos Prates | (31) 3279-1443<br \/>\nSesc Floresta \u2013 Rua Pouso Alegre, 1.647, Floresta | (31) 3465-4919<br \/>\nSesc Santa Luzia \u2013 Av. Bras\u00edlia, 3.505, S\u00e3o Benedito \u2013 Santa Luzia | (31) 3637-2336<br \/>\nSesc Santa Quit\u00e9ria \u2013 Rua Santa Quit\u00e9ria, 566, Carlos Prates | (31) 3419-6111<br \/>\nSesc Tupinamb\u00e1s \u2013 Rua Tupinamb\u00e1s, 908, Centro | (31) 3279-1572<br \/>\nSesc Venda Nova \u2013 Rua Maria Borboleta, s\/n\u00ba, Let\u00edcia | (31) 3048-7439<\/p>\n<p><strong>Interior de Minas<\/strong><br \/>\nSesc Almenara \u2013 Rodovia BR 367, Km 92, Cidade Nova \u2013 Almenara | (33) 3721-1047<br \/>\nSesc Arax\u00e1 \u2013 Rua Dr. Edmar Cunha, 150, Santa Terezinha \u2013 Arax\u00e1 | (34) 3461-3804<br \/>\nSesc Bom Despacho \u2013 Av. Maria da Concei\u00e7\u00e3o Del Duca, (D. Sa\u00e7\u00e3), 150, Jaragu\u00e1 \u2013 Bom Despacho | (37) 3522-7253<br \/>\nSesc Governador Valadares\u00a0 \u2013 Av. Veneza, 877, Gr\u00e3-Duquesa \u2013 Governador Valadares | (33) 3271-1092<br \/>\nSesc Janu\u00e1ria \u2013 Av. Aeroporto, 250, Aeroporto \u2013 Janu\u00e1ria | (38) 3621-1089<br \/>\nSesc Juiz de Fora \u2013 Av. Bar\u00e3o do Rio Branco, 3.090, Centro \u2013 Juiz de Fora | (32) 3215-1908<br \/>\n<em><strong>Sesc Montes Claros \u2013 Rua Vi\u00fava Francisco Ribeiro, 200, Centro \u2013 Montes Claros | (38) 3221-1018<\/strong><\/em><br \/>\nSesc Paracatu \u2013 Rua Euridamas Avelino Barros, 347, Lavrado \u2013 Paracatu | (38) 3672-1545<br \/>\nSesc Po\u00e7os de Caldas \u2013 Rua Jo\u00e3o In\u00e1cio Dalmont, 65, Funcion\u00e1rios \u2013 Po\u00e7os de Caldas | (35) 3722-1393<br \/>\nSesc Sete Lagoas \u2013 Rua Francisco Vicente, 23, Centro \u2013 Sete Lagoas | (31) 3773-2764<br \/>\nSesc Te\u00f3filo Otoni \u2013 Av. Bernarda Barbosa Laender, 146, Centro \u2013 Te\u00f3filo Otoni | (33) 3522-3585<br \/>\nSesc Uberaba \u2013 Rua Ricardo Misson, 411, Fabr\u00edcio \u2013 Uberaba | (34) 3333-3250<br \/>\nSesc Uberl\u00e2ndia \u2013 Rua Benjamim Constant, 844, Aparecida \u2013 Uberl\u00e2ndia | (34) 3279-1441<\/p>\n","protected":false},"excerpt":{"rendered":"<p>O Servi\u00e7o Social do Com\u00e9rcio de Minas Gerais (Sesc Minas) lan\u00e7ou uma campanha para combater o fumo, o \u00e1lcool e as drogas no estado. O objetivo \u00e9 conscientizar a popula\u00e7\u00e3o sobre os riscos do tabagismo. O \u00faltimo levantamento da Organiza\u00e7\u00e3o Mundial da Sa\u00fade apontou que seis milh\u00f5es de pessoas morrem, anualmente, por causa do cigarro. [&hellip;]<\/p>\n","protected":false},"author":1,"featured_media":0,"comment_status":"open","ping_status":"open","sticky":false,"template":"","format":"standard","meta":{"footnotes":""},"categories":[6],"tags":[],"class_list":["post-633","post","type-post","status-publish","format-standard","hentry","category-noticias-montes-claros"],"yoast_head":"<!-- This site is optimized with the Yoast SEO plugin v25.9 - https:\/\/yoast.com\/wordpress\/plugins\/seo\/ -->\n<title>Sesc Montes Claros lan\u00e7a campanha de combate ao fumo, \u00e1lcool e drogas - Not\u00edcias da Cidade Montes Claros<\/title>\n<meta name=\"robots\" content=\"index, follow, max-snippet:-1, max-image-preview:large, max-video-preview:-1\" \/>\n<link rel=\"canonical\" href=\"https:\/\/www.encontramontesclaros.com.br\/noticias\/sesc-montes-claros-lanca-campanha-de-combate-ao-fumo-alcool-e-drogas\/\" \/>\n<meta property=\"og:locale\" content=\"pt_BR\" \/>\n<meta property=\"og:type\" content=\"article\" \/>\n<meta property=\"og:title\" content=\"Sesc Montes Claros lan\u00e7a campanha de combate ao fumo, \u00e1lcool e drogas - Not\u00edcias da Cidade Montes Claros\" \/>\n<meta property=\"og:description\" content=\"O Servi\u00e7o Social do Com\u00e9rcio de Minas Gerais (Sesc Minas) lan\u00e7ou uma campanha para combater o fumo, o \u00e1lcool e as drogas no estado. O objetivo \u00e9 conscientizar a popula\u00e7\u00e3o sobre os riscos do tabagismo. O \u00faltimo levantamento da Organiza\u00e7\u00e3o Mundial da Sa\u00fade apontou que seis milh\u00f5es de pessoas morrem, anualmente, por causa do cigarro. [&hellip;]\" \/>\n<meta property=\"og:url\" content=\"https:\/\/www.encontramontesclaros.com.br\/noticias\/sesc-montes-claros-lanca-campanha-de-combate-ao-fumo-alcool-e-drogas\/\" \/>\n<meta property=\"og:site_name\" content=\"Not\u00edcias da Cidade Montes Claros\" \/>\n<meta property=\"article:published_time\" content=\"2013-08-29T13:40:39+00:00\" \/>\n<meta property=\"article:modified_time\" content=\"2013-08-29T13:40:59+00:00\" \/>\n<meta name=\"author\" content=\"Encontra Montes Claros\" \/>\n<meta name=\"twitter:card\" content=\"summary_large_image\" \/>\n<meta name=\"twitter:label1\" content=\"Escrito por\" \/>\n\t<meta name=\"twitter:data1\" content=\"Encontra Montes Claros\" \/>\n\t<meta name=\"twitter:label2\" content=\"Est. tempo de leitura\" \/>\n\t<meta name=\"twitter:data2\" content=\"2 minutos\" \/>\n<script type=\"application\/ld+json\" class=\"yoast-schema-graph\">{\"@context\":\"https:\/\/schema.org\",\"@graph\":[{\"@type\":\"WebPage\",\"@id\":\"https:\/\/www.encontramontesclaros.com.br\/noticias\/sesc-montes-claros-lanca-campanha-de-combate-ao-fumo-alcool-e-drogas\/\",\"url\":\"https:\/\/www.encontramontesclaros.com.br\/noticias\/sesc-montes-claros-lanca-campanha-de-combate-ao-fumo-alcool-e-drogas\/\",\"name\":\"Sesc Montes Claros lan\u00e7a campanha de combate ao fumo, \u00e1lcool e drogas - Not\u00edcias da Cidade Montes Claros\",\"isPartOf\":{\"@id\":\"https:\/\/www.encontramontesclaros.com.br\/noticias\/#website\"},\"datePublished\":\"2013-08-29T13:40:39+00:00\",\"dateModified\":\"2013-08-29T13:40:59+00:00\",\"author\":{\"@id\":\"https:\/\/www.encontramontesclaros.com.br\/noticias\/#\/schema\/person\/aee9ea87107989474197d40d1258976d\"},\"breadcrumb\":{\"@id\":\"https:\/\/www.encontramontesclaros.com.br\/noticias\/sesc-montes-claros-lanca-campanha-de-combate-ao-fumo-alcool-e-drogas\/#breadcrumb\"},\"inLanguage\":\"pt-BR\",\"potentialAction\":[{\"@type\":\"ReadAction\",\"target\":[\"https:\/\/www.encontramontesclaros.com.br\/noticias\/sesc-montes-claros-lanca-campanha-de-combate-ao-fumo-alcool-e-drogas\/\"]}]},{\"@type\":\"BreadcrumbList\",\"@id\":\"https:\/\/www.encontramontesclaros.com.br\/noticias\/sesc-montes-claros-lanca-campanha-de-combate-ao-fumo-alcool-e-drogas\/#breadcrumb\",\"itemListElement\":[{\"@type\":\"ListItem\",\"position\":1,\"name\":\"In\u00edcio\",\"item\":\"https:\/\/www.encontramontesclaros.com.br\/noticias\/\"},{\"@type\":\"ListItem\",\"position\":2,\"name\":\"Sesc Montes Claros lan\u00e7a campanha de combate ao fumo, \u00e1lcool e drogas\"}]},{\"@type\":\"WebSite\",\"@id\":\"https:\/\/www.encontramontesclaros.com.br\/noticias\/#website\",\"url\":\"https:\/\/www.encontramontesclaros.com.br\/noticias\/\",\"name\":\"Not\u00edcias da Cidade Montes Claros\",\"description\":\"Not\u00edcias, eventos, informa\u00e7\u00f5es e dicas da cidade de Montes Claros e regi\u00e3o\",\"potentialAction\":[{\"@type\":\"SearchAction\",\"target\":{\"@type\":\"EntryPoint\",\"urlTemplate\":\"https:\/\/www.encontramontesclaros.com.br\/noticias\/?s={search_term_string}\"},\"query-input\":{\"@type\":\"PropertyValueSpecification\",\"valueRequired\":true,\"valueName\":\"search_term_string\"}}],\"inLanguage\":\"pt-BR\"},{\"@type\":\"Person\",\"@id\":\"https:\/\/www.encontramontesclaros.com.br\/noticias\/#\/schema\/person\/aee9ea87107989474197d40d1258976d\",\"name\":\"Encontra Montes Claros\",\"image\":{\"@type\":\"ImageObject\",\"inLanguage\":\"pt-BR\",\"@id\":\"https:\/\/www.encontramontesclaros.com.br\/noticias\/#\/schema\/person\/image\/\",\"url\":\"https:\/\/secure.gravatar.com\/avatar\/507340682b8270222e1f208e23198b6ae7e2c6a1033ae84e99bc6bce4f82a387?s=96&d=mm&r=g\",\"contentUrl\":\"https:\/\/secure.gravatar.com\/avatar\/507340682b8270222e1f208e23198b6ae7e2c6a1033ae84e99bc6bce4f82a387?s=96&d=mm&r=g\",\"caption\":\"Encontra Montes Claros\"},\"sameAs\":[\"http:\/\/www.encontramontesclaros.com.br\"],\"url\":\"https:\/\/www.encontramontesclaros.com.br\/noticias\/author\/emontesclaros\/\"}]}<\/script>\n<!-- \/ Yoast SEO plugin. -->","yoast_head_json":{"title":"Sesc Montes Claros lan\u00e7a campanha de combate ao fumo, \u00e1lcool e drogas - Not\u00edcias da Cidade Montes Claros","robots":{"index":"index","follow":"follow","max-snippet":"max-snippet:-1","max-image-preview":"max-image-preview:large","max-video-preview":"max-video-preview:-1"},"canonical":"https:\/\/www.encontramontesclaros.com.br\/noticias\/sesc-montes-claros-lanca-campanha-de-combate-ao-fumo-alcool-e-drogas\/","og_locale":"pt_BR","og_type":"article","og_title":"Sesc Montes Claros lan\u00e7a campanha de combate ao fumo, \u00e1lcool e drogas - Not\u00edcias da Cidade Montes Claros","og_description":"O Servi\u00e7o Social do Com\u00e9rcio de Minas Gerais (Sesc Minas) lan\u00e7ou uma campanha para combater o fumo, o \u00e1lcool e as drogas no estado. O objetivo \u00e9 conscientizar a popula\u00e7\u00e3o sobre os riscos do tabagismo. O \u00faltimo levantamento da Organiza\u00e7\u00e3o Mundial da Sa\u00fade apontou que seis milh\u00f5es de pessoas morrem, anualmente, por causa do cigarro. [&hellip;]","og_url":"https:\/\/www.encontramontesclaros.com.br\/noticias\/sesc-montes-claros-lanca-campanha-de-combate-ao-fumo-alcool-e-drogas\/","og_site_name":"Not\u00edcias da Cidade Montes Claros","article_published_time":"2013-08-29T13:40:39+00:00","article_modified_time":"2013-08-29T13:40:59+00:00","author":"Encontra Montes Claros","twitter_card":"summary_large_image","twitter_misc":{"Escrito por":"Encontra Montes Claros","Est. tempo de leitura":"2 minutos"},"schema":{"@context":"https:\/\/schema.org","@graph":[{"@type":"WebPage","@id":"https:\/\/www.encontramontesclaros.com.br\/noticias\/sesc-montes-claros-lanca-campanha-de-combate-ao-fumo-alcool-e-drogas\/","url":"https:\/\/www.encontramontesclaros.com.br\/noticias\/sesc-montes-claros-lanca-campanha-de-combate-ao-fumo-alcool-e-drogas\/","name":"Sesc Montes Claros lan\u00e7a campanha de combate ao fumo, \u00e1lcool e drogas - Not\u00edcias da Cidade Montes Claros","isPartOf":{"@id":"https:\/\/www.encontramontesclaros.com.br\/noticias\/#website"},"datePublished":"2013-08-29T13:40:39+00:00","dateModified":"2013-08-29T13:40:59+00:00","author":{"@id":"https:\/\/www.encontramontesclaros.com.br\/noticias\/#\/schema\/person\/aee9ea87107989474197d40d1258976d"},"breadcrumb":{"@id":"https:\/\/www.encontramontesclaros.com.br\/noticias\/sesc-montes-claros-lanca-campanha-de-combate-ao-fumo-alcool-e-drogas\/#breadcrumb"},"inLanguage":"pt-BR","potentialAction":[{"@type":"ReadAction","target":["https:\/\/www.encontramontesclaros.com.br\/noticias\/sesc-montes-claros-lanca-campanha-de-combate-ao-fumo-alcool-e-drogas\/"]}]},{"@type":"BreadcrumbList","@id":"https:\/\/www.encontramontesclaros.com.br\/noticias\/sesc-montes-claros-lanca-campanha-de-combate-ao-fumo-alcool-e-drogas\/#breadcrumb","itemListElement":[{"@type":"ListItem","position":1,"name":"In\u00edcio","item":"https:\/\/www.encontramontesclaros.com.br\/noticias\/"},{"@type":"ListItem","position":2,"name":"Sesc Montes Claros lan\u00e7a campanha de combate ao fumo, \u00e1lcool e drogas"}]},{"@type":"WebSite","@id":"https:\/\/www.encontramontesclaros.com.br\/noticias\/#website","url":"https:\/\/www.encontramontesclaros.com.br\/noticias\/","name":"Not\u00edcias da Cidade Montes Claros","description":"Not\u00edcias, eventos, informa\u00e7\u00f5es e dicas da cidade de Montes Claros e regi\u00e3o","potentialAction":[{"@type":"SearchAction","target":{"@type":"EntryPoint","urlTemplate":"https:\/\/www.encontramontesclaros.com.br\/noticias\/?s={search_term_string}"},"query-input":{"@type":"PropertyValueSpecification","valueRequired":true,"valueName":"search_term_string"}}],"inLanguage":"pt-BR"},{"@type":"Person","@id":"https:\/\/www.encontramontesclaros.com.br\/noticias\/#\/schema\/person\/aee9ea87107989474197d40d1258976d","name":"Encontra Montes Claros","image":{"@type":"ImageObject","inLanguage":"pt-BR","@id":"https:\/\/www.encontramontesclaros.com.br\/noticias\/#\/schema\/person\/image\/","url":"https:\/\/secure.gravatar.com\/avatar\/507340682b8270222e1f208e23198b6ae7e2c6a1033ae84e99bc6bce4f82a387?s=96&d=mm&r=g","contentUrl":"https:\/\/secure.gravatar.com\/avatar\/507340682b8270222e1f208e23198b6ae7e2c6a1033ae84e99bc6bce4f82a387?s=96&d=mm&r=g","caption":"Encontra Montes Claros"},"sameAs":["http:\/\/www.encontramontesclaros.com.br"],"url":"https:\/\/www.encontramontesclaros.com.br\/noticias\/author\/emontesclaros\/"}]}},"_links":{"self":[{"href":"https:\/\/www.encontramontesclaros.com.br\/noticias\/wp-json\/wp\/v2\/posts\/633","targetHints":{"allow":["GET"]}}],"collection":[{"href":"https:\/\/www.encontramontesclaros.com.br\/noticias\/wp-json\/wp\/v2\/posts"}],"about":[{"href":"https:\/\/www.encontramontesclaros.com.br\/noticias\/wp-json\/wp\/v2\/types\/post"}],"author":[{"embeddable":true,"href":"https:\/\/www.encontramontesclaros.com.br\/noticias\/wp-json\/wp\/v2\/users\/1"}],"replies":[{"embeddable":true,"href":"https:\/\/www.encontramontesclaros.com.br\/noticias\/wp-json\/wp\/v2\/comments?post=633"}],"version-history":[{"count":2,"href":"https:\/\/www.encontramontesclaros.com.br\/noticias\/wp-json\/wp\/v2\/posts\/633\/revisions"}],"predecessor-version":[{"id":635,"href":"https:\/\/www.encontramontesclaros.com.br\/noticias\/wp-json\/wp\/v2\/posts\/633\/revisions\/635"}],"wp:attachment":[{"href":"https:\/\/www.encontramontesclaros.com.br\/noticias\/wp-json\/wp\/v2\/media?parent=633"}],"wp:term":[{"taxonomy":"category","embeddable":true,"href":"https:\/\/www.encontramontesclaros.com.br\/noticias\/wp-json\/wp\/v2\/categories?post=633"},{"taxonomy":"post_tag","embeddable":true,"href":"https:\/\/www.encontramontesclaros.com.br\/noticias\/wp-json\/wp\/v2\/tags?post=633"}],"curies":[{"name":"wp","href":"https:\/\/api.w.org\/{rel}","templated":true}]}}