{"id":392,"date":"2013-04-26T03:57:41","date_gmt":"2013-04-26T03:57:41","guid":{"rendered":"http:\/\/www.encontramontesclaros.com.br\/noticias\/?p=392"},"modified":"2013-08-19T12:09:23","modified_gmt":"2013-08-19T12:09:23","slug":"motoristas-sao-surpreendidos-por-blitz-no-centro-de-montes-claros","status":"publish","type":"post","link":"https:\/\/www.encontramontesclaros.com.br\/noticias\/motoristas-sao-surpreendidos-por-blitz-no-centro-de-montes-claros\/","title":{"rendered":"Motoristas s\u00e3o surpreendidos por blitz no centro de Montes Claros"},"content":{"rendered":"<p>Os motoristas montes-clarenses foram surpreendidos na tarde da \u00faltima ter\u00e7a-feira (23) por uma grande bilitz de tr\u00e2nsito em pleno centro da cidade.<\/p>\n<p>Outras opera\u00e7\u00f5es foram realizadas simultaneamente em diversos pontos de Montes Claros. De acordo com a PM, a a\u00e7\u00e3o conta com 215 policiais e vai se repetir em hor\u00e1rios alternados.<\/p>\n<p>\u201cAs blitzes ser\u00e3o realizadas em dias e hor\u00e1rios alternados com o objetivo de tirar de circula\u00e7\u00e3o aqueles infratores que costumam praticar crimes\u201d, afirma o comandante do Pelot\u00e3o de Tr\u00e2nsito da PM em Montes Claros, tenente Willian Pereira.<\/p>\n<p>Na tarde da \u00faltima ter\u00e7a-feira, foi montado um corredor de policiais na Rua Doutor Santos, uma das mais movimentadas da cidade. Os policiais abordaram os condutores, principalmente os motociclistas na cidade de Montes Claros. \u201cEstamos priorizando a abordagem aos motociclistas porque a motocicleta \u00e9 muito utilizada na cidade para a pr\u00e1tica de crimes\u201d, diz o tenente Willian.<\/p>\n<p>A opera\u00e7\u00e3o foi aprovada pelos motociclistas. O eletricista Eliseu Fernando acredita que a a\u00e7\u00e3o pode ajudar a coibir a viol\u00eancia no tr\u00e2nsito. \u201cTem que fazer mesmo.Tem muita inadimpl\u00eancia, e\u00a0 muita gente errada causando acidentes\u201d, declarou.<\/p>\n<p>Segundo a PM, est\u00e3o sendo exigidos os documentos pessoais do condutor e a documenta\u00e7\u00e3o do ve\u00edculo referente ao exerc\u00edcio do ano de 2012.<\/p>\n<p><em>Fonte: G1<\/em><\/p>\n","protected":false},"excerpt":{"rendered":"<p>Os motoristas montes-clarenses foram surpreendidos na tarde da \u00faltima ter\u00e7a-feira (23) por uma grande bilitz de tr\u00e2nsito em pleno centro da cidade. Outras opera\u00e7\u00f5es foram realizadas simultaneamente em diversos pontos de Montes Claros. De acordo com a PM, a a\u00e7\u00e3o conta com 215 policiais e vai se repetir em hor\u00e1rios alternados. \u201cAs blitzes ser\u00e3o realizadas [&hellip;]<\/p>\n","protected":false},"author":1,"featured_media":0,"comment_status":"open","ping_status":"open","sticky":false,"template":"","format":"standard","meta":{"footnotes":""},"categories":[6],"tags":[],"class_list":["post-392","post","type-post","status-publish","format-standard","hentry","category-noticias-montes-claros"],"yoast_head":"<!-- This site is optimized with the Yoast SEO plugin v25.9 - https:\/\/yoast.com\/wordpress\/plugins\/seo\/ -->\n<title>Motoristas s\u00e3o surpreendidos por blitz no centro de Montes Claros - Not\u00edcias da Cidade Montes Claros<\/title>\n<meta name=\"robots\" content=\"index, follow, max-snippet:-1, max-image-preview:large, max-video-preview:-1\" \/>\n<link rel=\"canonical\" href=\"https:\/\/www.encontramontesclaros.com.br\/noticias\/motoristas-sao-surpreendidos-por-blitz-no-centro-de-montes-claros\/\" \/>\n<meta property=\"og:locale\" content=\"pt_BR\" \/>\n<meta property=\"og:type\" content=\"article\" \/>\n<meta property=\"og:title\" content=\"Motoristas s\u00e3o surpreendidos por blitz no centro de Montes Claros - Not\u00edcias da Cidade Montes Claros\" \/>\n<meta property=\"og:description\" content=\"Os motoristas montes-clarenses foram surpreendidos na tarde da \u00faltima ter\u00e7a-feira (23) por uma grande bilitz de tr\u00e2nsito em pleno centro da cidade. Outras opera\u00e7\u00f5es foram realizadas simultaneamente em diversos pontos de Montes Claros. De acordo com a PM, a a\u00e7\u00e3o conta com 215 policiais e vai se repetir em hor\u00e1rios alternados. \u201cAs blitzes ser\u00e3o realizadas [&hellip;]\" \/>\n<meta property=\"og:url\" content=\"https:\/\/www.encontramontesclaros.com.br\/noticias\/motoristas-sao-surpreendidos-por-blitz-no-centro-de-montes-claros\/\" \/>\n<meta property=\"og:site_name\" content=\"Not\u00edcias da Cidade Montes Claros\" \/>\n<meta property=\"article:published_time\" content=\"2013-04-26T03:57:41+00:00\" \/>\n<meta property=\"article:modified_time\" content=\"2013-08-19T12:09:23+00:00\" \/>\n<meta name=\"author\" content=\"Encontra Montes Claros\" \/>\n<meta name=\"twitter:card\" content=\"summary_large_image\" \/>\n<meta name=\"twitter:label1\" content=\"Escrito por\" \/>\n\t<meta name=\"twitter:data1\" content=\"Encontra Montes Claros\" \/>\n\t<meta name=\"twitter:label2\" content=\"Est. tempo de leitura\" \/>\n\t<meta name=\"twitter:data2\" content=\"1 minuto\" \/>\n<script type=\"application\/ld+json\" class=\"yoast-schema-graph\">{\"@context\":\"https:\/\/schema.org\",\"@graph\":[{\"@type\":\"WebPage\",\"@id\":\"https:\/\/www.encontramontesclaros.com.br\/noticias\/motoristas-sao-surpreendidos-por-blitz-no-centro-de-montes-claros\/\",\"url\":\"https:\/\/www.encontramontesclaros.com.br\/noticias\/motoristas-sao-surpreendidos-por-blitz-no-centro-de-montes-claros\/\",\"name\":\"Motoristas s\u00e3o surpreendidos por blitz no centro de Montes Claros - Not\u00edcias da Cidade Montes Claros\",\"isPartOf\":{\"@id\":\"https:\/\/www.encontramontesclaros.com.br\/noticias\/#website\"},\"datePublished\":\"2013-04-26T03:57:41+00:00\",\"dateModified\":\"2013-08-19T12:09:23+00:00\",\"author\":{\"@id\":\"https:\/\/www.encontramontesclaros.com.br\/noticias\/#\/schema\/person\/aee9ea87107989474197d40d1258976d\"},\"breadcrumb\":{\"@id\":\"https:\/\/www.encontramontesclaros.com.br\/noticias\/motoristas-sao-surpreendidos-por-blitz-no-centro-de-montes-claros\/#breadcrumb\"},\"inLanguage\":\"pt-BR\",\"potentialAction\":[{\"@type\":\"ReadAction\",\"target\":[\"https:\/\/www.encontramontesclaros.com.br\/noticias\/motoristas-sao-surpreendidos-por-blitz-no-centro-de-montes-claros\/\"]}]},{\"@type\":\"BreadcrumbList\",\"@id\":\"https:\/\/www.encontramontesclaros.com.br\/noticias\/motoristas-sao-surpreendidos-por-blitz-no-centro-de-montes-claros\/#breadcrumb\",\"itemListElement\":[{\"@type\":\"ListItem\",\"position\":1,\"name\":\"In\u00edcio\",\"item\":\"https:\/\/www.encontramontesclaros.com.br\/noticias\/\"},{\"@type\":\"ListItem\",\"position\":2,\"name\":\"Motoristas s\u00e3o surpreendidos por blitz no centro de Montes Claros\"}]},{\"@type\":\"WebSite\",\"@id\":\"https:\/\/www.encontramontesclaros.com.br\/noticias\/#website\",\"url\":\"https:\/\/www.encontramontesclaros.com.br\/noticias\/\",\"name\":\"Not\u00edcias da Cidade Montes Claros\",\"description\":\"Not\u00edcias, eventos, informa\u00e7\u00f5es e dicas da cidade de Montes Claros e regi\u00e3o\",\"potentialAction\":[{\"@type\":\"SearchAction\",\"target\":{\"@type\":\"EntryPoint\",\"urlTemplate\":\"https:\/\/www.encontramontesclaros.com.br\/noticias\/?s={search_term_string}\"},\"query-input\":{\"@type\":\"PropertyValueSpecification\",\"valueRequired\":true,\"valueName\":\"search_term_string\"}}],\"inLanguage\":\"pt-BR\"},{\"@type\":\"Person\",\"@id\":\"https:\/\/www.encontramontesclaros.com.br\/noticias\/#\/schema\/person\/aee9ea87107989474197d40d1258976d\",\"name\":\"Encontra Montes Claros\",\"image\":{\"@type\":\"ImageObject\",\"inLanguage\":\"pt-BR\",\"@id\":\"https:\/\/www.encontramontesclaros.com.br\/noticias\/#\/schema\/person\/image\/\",\"url\":\"https:\/\/secure.gravatar.com\/avatar\/507340682b8270222e1f208e23198b6ae7e2c6a1033ae84e99bc6bce4f82a387?s=96&d=mm&r=g\",\"contentUrl\":\"https:\/\/secure.gravatar.com\/avatar\/507340682b8270222e1f208e23198b6ae7e2c6a1033ae84e99bc6bce4f82a387?s=96&d=mm&r=g\",\"caption\":\"Encontra Montes Claros\"},\"sameAs\":[\"http:\/\/www.encontramontesclaros.com.br\"],\"url\":\"https:\/\/www.encontramontesclaros.com.br\/noticias\/author\/emontesclaros\/\"}]}<\/script>\n<!-- \/ Yoast SEO plugin. -->","yoast_head_json":{"title":"Motoristas s\u00e3o surpreendidos por blitz no centro de Montes Claros - Not\u00edcias da Cidade Montes Claros","robots":{"index":"index","follow":"follow","max-snippet":"max-snippet:-1","max-image-preview":"max-image-preview:large","max-video-preview":"max-video-preview:-1"},"canonical":"https:\/\/www.encontramontesclaros.com.br\/noticias\/motoristas-sao-surpreendidos-por-blitz-no-centro-de-montes-claros\/","og_locale":"pt_BR","og_type":"article","og_title":"Motoristas s\u00e3o surpreendidos por blitz no centro de Montes Claros - Not\u00edcias da Cidade Montes Claros","og_description":"Os motoristas montes-clarenses foram surpreendidos na tarde da \u00faltima ter\u00e7a-feira (23) por uma grande bilitz de tr\u00e2nsito em pleno centro da cidade. Outras opera\u00e7\u00f5es foram realizadas simultaneamente em diversos pontos de Montes Claros. De acordo com a PM, a a\u00e7\u00e3o conta com 215 policiais e vai se repetir em hor\u00e1rios alternados. \u201cAs blitzes ser\u00e3o realizadas [&hellip;]","og_url":"https:\/\/www.encontramontesclaros.com.br\/noticias\/motoristas-sao-surpreendidos-por-blitz-no-centro-de-montes-claros\/","og_site_name":"Not\u00edcias da Cidade Montes Claros","article_published_time":"2013-04-26T03:57:41+00:00","article_modified_time":"2013-08-19T12:09:23+00:00","author":"Encontra Montes Claros","twitter_card":"summary_large_image","twitter_misc":{"Escrito por":"Encontra Montes Claros","Est. tempo de leitura":"1 minuto"},"schema":{"@context":"https:\/\/schema.org","@graph":[{"@type":"WebPage","@id":"https:\/\/www.encontramontesclaros.com.br\/noticias\/motoristas-sao-surpreendidos-por-blitz-no-centro-de-montes-claros\/","url":"https:\/\/www.encontramontesclaros.com.br\/noticias\/motoristas-sao-surpreendidos-por-blitz-no-centro-de-montes-claros\/","name":"Motoristas s\u00e3o surpreendidos por blitz no centro de Montes Claros - Not\u00edcias da Cidade Montes Claros","isPartOf":{"@id":"https:\/\/www.encontramontesclaros.com.br\/noticias\/#website"},"datePublished":"2013-04-26T03:57:41+00:00","dateModified":"2013-08-19T12:09:23+00:00","author":{"@id":"https:\/\/www.encontramontesclaros.com.br\/noticias\/#\/schema\/person\/aee9ea87107989474197d40d1258976d"},"breadcrumb":{"@id":"https:\/\/www.encontramontesclaros.com.br\/noticias\/motoristas-sao-surpreendidos-por-blitz-no-centro-de-montes-claros\/#breadcrumb"},"inLanguage":"pt-BR","potentialAction":[{"@type":"ReadAction","target":["https:\/\/www.encontramontesclaros.com.br\/noticias\/motoristas-sao-surpreendidos-por-blitz-no-centro-de-montes-claros\/"]}]},{"@type":"BreadcrumbList","@id":"https:\/\/www.encontramontesclaros.com.br\/noticias\/motoristas-sao-surpreendidos-por-blitz-no-centro-de-montes-claros\/#breadcrumb","itemListElement":[{"@type":"ListItem","position":1,"name":"In\u00edcio","item":"https:\/\/www.encontramontesclaros.com.br\/noticias\/"},{"@type":"ListItem","position":2,"name":"Motoristas s\u00e3o surpreendidos por blitz no centro de Montes Claros"}]},{"@type":"WebSite","@id":"https:\/\/www.encontramontesclaros.com.br\/noticias\/#website","url":"https:\/\/www.encontramontesclaros.com.br\/noticias\/","name":"Not\u00edcias da Cidade Montes Claros","description":"Not\u00edcias, eventos, informa\u00e7\u00f5es e dicas da cidade de Montes Claros e regi\u00e3o","potentialAction":[{"@type":"SearchAction","target":{"@type":"EntryPoint","urlTemplate":"https:\/\/www.encontramontesclaros.com.br\/noticias\/?s={search_term_string}"},"query-input":{"@type":"PropertyValueSpecification","valueRequired":true,"valueName":"search_term_string"}}],"inLanguage":"pt-BR"},{"@type":"Person","@id":"https:\/\/www.encontramontesclaros.com.br\/noticias\/#\/schema\/person\/aee9ea87107989474197d40d1258976d","name":"Encontra Montes Claros","image":{"@type":"ImageObject","inLanguage":"pt-BR","@id":"https:\/\/www.encontramontesclaros.com.br\/noticias\/#\/schema\/person\/image\/","url":"https:\/\/secure.gravatar.com\/avatar\/507340682b8270222e1f208e23198b6ae7e2c6a1033ae84e99bc6bce4f82a387?s=96&d=mm&r=g","contentUrl":"https:\/\/secure.gravatar.com\/avatar\/507340682b8270222e1f208e23198b6ae7e2c6a1033ae84e99bc6bce4f82a387?s=96&d=mm&r=g","caption":"Encontra Montes Claros"},"sameAs":["http:\/\/www.encontramontesclaros.com.br"],"url":"https:\/\/www.encontramontesclaros.com.br\/noticias\/author\/emontesclaros\/"}]}},"_links":{"self":[{"href":"https:\/\/www.encontramontesclaros.com.br\/noticias\/wp-json\/wp\/v2\/posts\/392","targetHints":{"allow":["GET"]}}],"collection":[{"href":"https:\/\/www.encontramontesclaros.com.br\/noticias\/wp-json\/wp\/v2\/posts"}],"about":[{"href":"https:\/\/www.encontramontesclaros.com.br\/noticias\/wp-json\/wp\/v2\/types\/post"}],"author":[{"embeddable":true,"href":"https:\/\/www.encontramontesclaros.com.br\/noticias\/wp-json\/wp\/v2\/users\/1"}],"replies":[{"embeddable":true,"href":"https:\/\/www.encontramontesclaros.com.br\/noticias\/wp-json\/wp\/v2\/comments?post=392"}],"version-history":[{"count":2,"href":"https:\/\/www.encontramontesclaros.com.br\/noticias\/wp-json\/wp\/v2\/posts\/392\/revisions"}],"predecessor-version":[{"id":626,"href":"https:\/\/www.encontramontesclaros.com.br\/noticias\/wp-json\/wp\/v2\/posts\/392\/revisions\/626"}],"wp:attachment":[{"href":"https:\/\/www.encontramontesclaros.com.br\/noticias\/wp-json\/wp\/v2\/media?parent=392"}],"wp:term":[{"taxonomy":"category","embeddable":true,"href":"https:\/\/www.encontramontesclaros.com.br\/noticias\/wp-json\/wp\/v2\/categories?post=392"},{"taxonomy":"post_tag","embeddable":true,"href":"https:\/\/www.encontramontesclaros.com.br\/noticias\/wp-json\/wp\/v2\/tags?post=392"}],"curies":[{"name":"wp","href":"https:\/\/api.w.org\/{rel}","templated":true}]}}