{"id":387,"date":"2013-04-19T00:41:11","date_gmt":"2013-04-19T00:41:11","guid":{"rendered":"http:\/\/www.encontramontesclaros.com.br\/noticias\/?p=387"},"modified":"2013-08-19T12:09:22","modified_gmt":"2013-08-19T12:09:22","slug":"13-bares-de-montes-claros-participam-do-comida-di-buteco","status":"publish","type":"post","link":"https:\/\/www.encontramontesclaros.com.br\/noticias\/13-bares-de-montes-claros-participam-do-comida-di-buteco\/","title":{"rendered":"13 bares de Montes Claros participam do Comida di Buteco"},"content":{"rendered":"<p>Em 16 cidades do todo o Brasil, os botequeiros est\u00e3o tendo a oportunidade de se deliciarem com 400 petiscos \u00e0 base de mandioca e\/ou lingui\u00e7a. O &#8220;Comida di Buteco&#8221; \u00e9 realizado desde 2000, e nesta edi\u00e7\u00e3o prop\u00f5e que os amantes da gastronomia de raiz se desconectem do mundo virtual e desfrutem da intera\u00e7\u00e3o proporcionada pelos botecos, por isto o slogan, \u201cButeco: a verdadeira rede social\u201d.<\/p>\n<p>&#8221; \u00c9 a primeira edi\u00e7\u00e3o onde todos os botecos do Brasil criam petiscos concorrentes com os mesmos ingredientes obrigat\u00f3rios, lingui\u00e7a e\/ou mandioca. Acredito que isso despertar\u00e1 curiosidade n\u00e3o somente em rela\u00e7\u00e3o aos pratos de cada cidade, mas tamb\u00e9m na pesquisa sobre o que est\u00e1 sendo feito em outras cidades&#8221;, afirma Daniella Bicalho, coordenadora do festival em Minas Gerais.<\/p>\n<p>13 bares participam do evento na cidade de Montes Claros. Dion\u00edsio de Souza e a esposa Elaene Monteiro, do Bar do Jhonny, est\u00e3o estreando no festival. A afinidade com a gastronomia \u00e9 um dos pontos fortes dos dois, que s\u00e3o montes-clarenses, e estavam longe da terra natal, mas voltaram e resolveram abrir o bar no bairro Maracan\u00e3.<\/p>\n<p>O que chama aten\u00e7\u00e3o \u00e9 que quem comanda a cozinha, ao contr\u00e1rio do que se espera, \u00e9 ele. Enquanto isto, ela cuida do atendimento e das finan\u00e7as. \u201cTamb\u00e9m gosto de cozinhar, mas resolvemos dividir as fun\u00e7\u00f5es e deu certo assim, sou mais comunicativa e ele \u00e9 t\u00edmido\u201d, explica Elaene.<\/p>\n<p>\u201cO segredo da boa comida \u00e9 o amor, se ele n\u00e3o fizer parte dos ingredientes, nada tem gosto. Pensamos em uma op\u00e7\u00e3o que fosse leve, testei o prato em casa e no bar; a fam\u00edlia e os amigos aprovaram\u201d, diz Dion\u00edsio.<\/p>\n<p>O prato do Bar do Jhonny \u00e9 a \u201cLingui\u00e7a Primavera\u201d, feito com bife a rol\u00ea recheado com lingui\u00e7a caseira, bacon e cenoura, acompanhado de molho imperial e salada.<\/p>\n<p>&#8220;O Norte de Minas \u00e9 uma regi\u00e3o ex\u00f3tica e cheia de contrastes. Aqui encontramos os peixes do Rio S\u00e3o Francisco e as carnes de sol herdada dos tropeiros. Tira-gostos feitos com muita criatividade, ricos em sabores, com temperos e frutos singulares&#8221;, afirma Daniella.<\/p>\n<p>Outro boteco estreante, que tamb\u00e9m \u00e9 comandado por um casal, \u00e9 o Petiscu\u2019s Bar, no bairro Augusta Mota. L\u00edgia Neiva compartilhou do sonho do namorado, Luiz Flamarion, de montar um bar. Eles servem a \u201cLinguicinha \u00e0 Moda Contempor\u00e2nea\u201d, com lingui\u00e7a de pernil flambada na cacha\u00e7a, lingui\u00e7a calabresa caramelada, fritas e mandioca com ervas.<\/p>\n<p>\u201cFazemos o prato com ingredientes do mercado municipal, T\u00ednhamos duas op\u00e7\u00f5es com a lingui\u00e7a no card\u00e1pio e fizemos uma reformula\u00e7\u00e3o para participamos do Comida di Buteco\u201d, explica L\u00edgia.<\/p>\n<p>Ainda segundo os propriet\u00e1rios do Petiscu\u00b4s, o festival \u00e9 uma oportunidade para que o p\u00fablico conhe\u00e7a e experimente os outros pratos da casa. &#8221; A expectativa \u00e9 de que a estreia d\u00ea visibilidade ao bar, que tem apenas um ano de funcionamento&#8221;, diz.<\/p>\n<p>Com um prato que faz refer\u00eancia a dois personagens do canga\u00e7o brasileiro, o Quintal Bar criou uma op\u00e7\u00e3o com beijus de carne-seca e de frango, com maionese e lingui\u00e7a apimentada: o Lampi\u00e3o e Maria Bonita.<\/p>\n<p>&#8220;O beiju n\u00e3o \u00e9 servido como petisco, por isto resolvermos inovar, e colocamos ainda op\u00e7\u00f5es de carnes variadas para agradar os gostos diferentes&#8221;, explica S\u00e9rgio Neves.<\/p>\n<p>Jonas Gilberto Santos \u00e9 o respons\u00e1vel por fazer os beijus, &#8220;o segredo \u00e9 a paci\u00eancia&#8221;, diz o funcion\u00e1rio que aprendeu, com uma amiga, a fazer o prato que leva farinha de mandioca.<\/p>\n<p>O bar tem cinco anos de exist\u00eancia e participa do Comida di Buteco h\u00e1 quatro anos. Segundo o propriet\u00e1rio, os resultados s\u00e3o expressivos a cada edi\u00e7\u00e3o.<\/p>\n<p>&#8220;Nosso movimento aumentou muito e os tira-gosto est\u00e3o se tornando mais populares, prova disto \u00e9 que os pratos dos anos anteriores fazem parte do nosso card\u00e1pio&#8221;, diz S\u00e9rgio.<\/p>\n<p>&#8220;Os botecos participantes s\u00e3o familiares, os donos est\u00e3o sempre \u00e0 frente do neg\u00f3cio e valorizam a cozinha de raiz. T\u00eam identidade pr\u00f3pria e um card\u00e1pio que possui petiscos criados especialmente por eles, ou com receitas que passam por gera\u00e7\u00f5es nas fam\u00edlias, finaliza a coordenadora do evento no Estado MG.<\/p>\n<p><strong>Confira os bares participantes:<\/strong><\/p>\n<p><strong>Bar da Tia Dalva<br \/>\n<em>Prato: Sacanagem da Tia Nalva<\/em><\/strong><\/p>\n<p><strong>Endere\u00e7o<\/strong><br \/>\nAv. Marechal Deodoro, 63 \/ 2\u00ba andar (Mercado Municipal) &#8211; Centro<\/p>\n<p><strong>Funcionamento<\/strong><br \/>\nSegunda a s\u00e1bado: 6h \u00e0s 18h<br \/>\nDomingo e feriado: 4h \u00e0s 14h<\/p>\n<p><strong>Bar do Mangueira<br \/>\n<em>Prato: Iguarias de Buteco<\/em><\/strong><\/p>\n<p><strong>Endere\u00e7o<\/strong><br \/>\nRua Jo\u00e3o Souto, 826 &#8211; Centro<\/p>\n<p><strong>Funcionamento<\/strong><br \/>\nSegunda a s\u00e1bado: 8h at\u00e9 0h<\/p>\n<p><strong>Bar do Chacal<br \/>\n<em>Prato: Trem gostoso<\/em><\/strong><\/p>\n<p><strong>Endere\u00e7o<\/strong><br \/>\nAv. Sidney Chaves, 779 &#8211; Edgar Pereira<\/p>\n<p><strong>Funcionamento<\/strong><br \/>\nTer\u00e7a a sexta: 18h \u00e0 0h<\/p>\n<p><strong>Bar do Jhonny<br \/>\n<em>Prato: Lingui\u00e7a primavera<\/em><\/strong><\/p>\n<p><strong>Endere\u00e7o<\/strong><br \/>\nAv. Cirilo Jorge da Silva, 512 &#8211; Maracan\u00e3<\/p>\n<p><strong>Funcionamento<\/strong><br \/>\nTer\u00e7a a quinta: 17h \u00e0s 22h<br \/>\nSexta: 17h \u00e0 0h<br \/>\nS\u00e1bado: 10h \u00e0 0h<br \/>\nDomingo: 9h \u00e0s 17h<\/p>\n<p><strong>Bar do Sor\u00f3<br \/>\n<em>Prato: Mistinha<\/em><\/strong><\/p>\n<p><strong>Endere\u00e7o<\/strong><br \/>\nRua Padre Eust\u00e1quio, 135 &#8211; S\u00e3o Jos\u00e9<\/p>\n<p><strong>Funcionamento<\/strong><br \/>\nTer\u00e7a a sexta: 17h \u00e0 0h<br \/>\nS\u00e1bado e domingo: 11h \u00e0s 22h<\/p>\n<p><strong>Budegas<br \/>\n<em>Prato: Mineiro Tra\u00eddo<\/em><\/strong><\/p>\n<p><strong>Endere\u00e7o<\/strong><br \/>\nRua Bas\u00edlio de Paula, 292 &#8211; Vila Bras\u00edlia<\/p>\n<p><strong>Funcionamento<\/strong><br \/>\nTer\u00e7a a sexta: 18h \u00e0 0h<br \/>\nS\u00e1bado: 9h \u00e0 0h<br \/>\nDomingo: 18h \u00e0 0h<\/p>\n<p><strong>Cantina do L\u00e9o<br \/>\n<em>Prato: Pra sentar e butecar<\/em><\/strong><\/p>\n<p><strong>Endere\u00e7o<\/strong><br \/>\nAv. Marechal Deodoro, 63 (Mercado Municipal) &#8211; Centro<\/p>\n<p><strong>Funcionamento<\/strong><br \/>\nSegunda a sabado: 6h \u00e0s 18h<br \/>\nDomingo e feriado: 6h \u00e0s 14h<\/p>\n<p><strong>Pampulhas Bar<br \/>\n<em>Prato: Minieirinho<\/em><\/strong><\/p>\n<p><strong>Endere\u00e7o<\/strong><br \/>\nAv. Francisco Peres, 344 &#8211; Interlagos<\/p>\n<p><strong>Funcionamento<\/strong><br \/>\nSegunda a sexta: 17h \u00e0 1h<br \/>\nS\u00e1bado: 14h \u00e0 1h<br \/>\nDomingo: 10h \u00e0 0h<\/p>\n<p><strong>Petiscu&#8217;s<br \/>\n<em>Prato: Linguicinha \u00e0 moda contempor\u00e2nea<\/em><\/strong><\/p>\n<p><strong>Endere\u00e7o<\/strong><br \/>\nAv. Castelar Prates, 852 &#8211; Augusta Mota<\/p>\n<p><strong>Funcionamento<\/strong><br \/>\nTer\u00e7a a domingo: 18h \u00e0 0h<\/p>\n<p><strong>Quintal Bar<br \/>\n<em>Prato: Lampi\u00e3o e Maria Bonita<\/em><\/strong><\/p>\n<p><strong>Endere\u00e7o<\/strong><br \/>\nAv. Coronel Prates, 52 &#8211; Centro<\/p>\n<p><strong>Funcionamento<\/strong><br \/>\nSegunda a sexta: 17h \u00e0 1h<br \/>\nS\u00e1bado: 16h \u00e0s 02h<\/p>\n<p><strong>Ser T\u00e3o Ibituruna<br \/>\n<em>Prato: Colosso no cangasso<\/em><\/strong><\/p>\n<p><strong>Endere\u00e7o<\/strong><br \/>\nAv. Nice, 41 \/ lj 01 &#8211; Ibituruna<\/p>\n<p><strong>Funcionamento<\/strong><br \/>\nSegunda a sexta: 17h30min \u00e0s 23h<br \/>\nS\u00e1bado: 11h\u00a0 \u00e0s 23h<\/p>\n<p><strong>Thon Bar<br \/>\n<em>Prato: Linguicinha navegante<\/em><\/strong><\/p>\n<p><strong>Endere\u00e7o<\/strong><br \/>\nRua Humaita, 50 &#8211; Santa Rita<\/p>\n<p><strong>Funcionamento<\/strong><br \/>\nTer\u00e7a a sexta: 18h \u00e0 0h<br \/>\nS\u00e1bado: 10h \u00e0s 18h<\/p>\n<p><strong>Universo do Beij\u00fa<br \/>\n<em>Prato:\u00a0Panela caipira de Minas<\/em><\/strong><\/p>\n<p><strong>Endere\u00e7o<\/strong><br \/>\nAv. Dr Jo\u00e3o Luiz de Almeida, 499 &#8211; Centro<\/p>\n<p><strong>Funcionamento<\/strong><br \/>\nSegunda a s\u00e1bado: 18h \u00e0 0h<\/p>\n<p><em>Fonte: G1<\/em><\/p>\n","protected":false},"excerpt":{"rendered":"<p>Em 16 cidades do todo o Brasil, os botequeiros est\u00e3o tendo a oportunidade de se deliciarem com 400 petiscos \u00e0 base de mandioca e\/ou lingui\u00e7a. O &#8220;Comida di Buteco&#8221; \u00e9 realizado desde 2000, e nesta edi\u00e7\u00e3o prop\u00f5e que os amantes da gastronomia de raiz se desconectem do mundo virtual e desfrutem da intera\u00e7\u00e3o proporcionada pelos [&hellip;]<\/p>\n","protected":false},"author":1,"featured_media":0,"comment_status":"open","ping_status":"open","sticky":false,"template":"","format":"standard","meta":{"footnotes":""},"categories":[6],"tags":[],"class_list":["post-387","post","type-post","status-publish","format-standard","hentry","category-noticias-montes-claros"],"yoast_head":"<!-- This site is optimized with the Yoast SEO plugin v25.9 - https:\/\/yoast.com\/wordpress\/plugins\/seo\/ -->\n<title>13 bares de Montes Claros participam do Comida di Buteco - Not\u00edcias da Cidade Montes Claros<\/title>\n<meta name=\"robots\" content=\"index, follow, max-snippet:-1, max-image-preview:large, max-video-preview:-1\" \/>\n<link rel=\"canonical\" href=\"https:\/\/www.encontramontesclaros.com.br\/noticias\/13-bares-de-montes-claros-participam-do-comida-di-buteco\/\" \/>\n<meta property=\"og:locale\" content=\"pt_BR\" \/>\n<meta property=\"og:type\" content=\"article\" \/>\n<meta property=\"og:title\" content=\"13 bares de Montes Claros participam do Comida di Buteco - Not\u00edcias da Cidade Montes Claros\" \/>\n<meta property=\"og:description\" content=\"Em 16 cidades do todo o Brasil, os botequeiros est\u00e3o tendo a oportunidade de se deliciarem com 400 petiscos \u00e0 base de mandioca e\/ou lingui\u00e7a. O &#8220;Comida di Buteco&#8221; \u00e9 realizado desde 2000, e nesta edi\u00e7\u00e3o prop\u00f5e que os amantes da gastronomia de raiz se desconectem do mundo virtual e desfrutem da intera\u00e7\u00e3o proporcionada pelos [&hellip;]\" \/>\n<meta property=\"og:url\" content=\"https:\/\/www.encontramontesclaros.com.br\/noticias\/13-bares-de-montes-claros-participam-do-comida-di-buteco\/\" \/>\n<meta property=\"og:site_name\" content=\"Not\u00edcias da Cidade Montes Claros\" \/>\n<meta property=\"article:published_time\" content=\"2013-04-19T00:41:11+00:00\" \/>\n<meta property=\"article:modified_time\" content=\"2013-08-19T12:09:22+00:00\" \/>\n<meta name=\"author\" content=\"Encontra Montes Claros\" \/>\n<meta name=\"twitter:card\" content=\"summary_large_image\" \/>\n<meta name=\"twitter:label1\" content=\"Escrito por\" \/>\n\t<meta name=\"twitter:data1\" content=\"Encontra Montes Claros\" \/>\n\t<meta name=\"twitter:label2\" content=\"Est. tempo de leitura\" \/>\n\t<meta name=\"twitter:data2\" content=\"5 minutos\" \/>\n<script type=\"application\/ld+json\" class=\"yoast-schema-graph\">{\"@context\":\"https:\/\/schema.org\",\"@graph\":[{\"@type\":\"WebPage\",\"@id\":\"https:\/\/www.encontramontesclaros.com.br\/noticias\/13-bares-de-montes-claros-participam-do-comida-di-buteco\/\",\"url\":\"https:\/\/www.encontramontesclaros.com.br\/noticias\/13-bares-de-montes-claros-participam-do-comida-di-buteco\/\",\"name\":\"13 bares de Montes Claros participam do Comida di Buteco - Not\u00edcias da Cidade Montes Claros\",\"isPartOf\":{\"@id\":\"https:\/\/www.encontramontesclaros.com.br\/noticias\/#website\"},\"datePublished\":\"2013-04-19T00:41:11+00:00\",\"dateModified\":\"2013-08-19T12:09:22+00:00\",\"author\":{\"@id\":\"https:\/\/www.encontramontesclaros.com.br\/noticias\/#\/schema\/person\/aee9ea87107989474197d40d1258976d\"},\"breadcrumb\":{\"@id\":\"https:\/\/www.encontramontesclaros.com.br\/noticias\/13-bares-de-montes-claros-participam-do-comida-di-buteco\/#breadcrumb\"},\"inLanguage\":\"pt-BR\",\"potentialAction\":[{\"@type\":\"ReadAction\",\"target\":[\"https:\/\/www.encontramontesclaros.com.br\/noticias\/13-bares-de-montes-claros-participam-do-comida-di-buteco\/\"]}]},{\"@type\":\"BreadcrumbList\",\"@id\":\"https:\/\/www.encontramontesclaros.com.br\/noticias\/13-bares-de-montes-claros-participam-do-comida-di-buteco\/#breadcrumb\",\"itemListElement\":[{\"@type\":\"ListItem\",\"position\":1,\"name\":\"In\u00edcio\",\"item\":\"https:\/\/www.encontramontesclaros.com.br\/noticias\/\"},{\"@type\":\"ListItem\",\"position\":2,\"name\":\"13 bares de Montes Claros participam do Comida di Buteco\"}]},{\"@type\":\"WebSite\",\"@id\":\"https:\/\/www.encontramontesclaros.com.br\/noticias\/#website\",\"url\":\"https:\/\/www.encontramontesclaros.com.br\/noticias\/\",\"name\":\"Not\u00edcias da Cidade Montes Claros\",\"description\":\"Not\u00edcias, eventos, informa\u00e7\u00f5es e dicas da cidade de Montes Claros e regi\u00e3o\",\"potentialAction\":[{\"@type\":\"SearchAction\",\"target\":{\"@type\":\"EntryPoint\",\"urlTemplate\":\"https:\/\/www.encontramontesclaros.com.br\/noticias\/?s={search_term_string}\"},\"query-input\":{\"@type\":\"PropertyValueSpecification\",\"valueRequired\":true,\"valueName\":\"search_term_string\"}}],\"inLanguage\":\"pt-BR\"},{\"@type\":\"Person\",\"@id\":\"https:\/\/www.encontramontesclaros.com.br\/noticias\/#\/schema\/person\/aee9ea87107989474197d40d1258976d\",\"name\":\"Encontra Montes Claros\",\"image\":{\"@type\":\"ImageObject\",\"inLanguage\":\"pt-BR\",\"@id\":\"https:\/\/www.encontramontesclaros.com.br\/noticias\/#\/schema\/person\/image\/\",\"url\":\"https:\/\/secure.gravatar.com\/avatar\/507340682b8270222e1f208e23198b6ae7e2c6a1033ae84e99bc6bce4f82a387?s=96&d=mm&r=g\",\"contentUrl\":\"https:\/\/secure.gravatar.com\/avatar\/507340682b8270222e1f208e23198b6ae7e2c6a1033ae84e99bc6bce4f82a387?s=96&d=mm&r=g\",\"caption\":\"Encontra Montes Claros\"},\"sameAs\":[\"http:\/\/www.encontramontesclaros.com.br\"],\"url\":\"https:\/\/www.encontramontesclaros.com.br\/noticias\/author\/emontesclaros\/\"}]}<\/script>\n<!-- \/ Yoast SEO plugin. -->","yoast_head_json":{"title":"13 bares de Montes Claros participam do Comida di Buteco - Not\u00edcias da Cidade Montes Claros","robots":{"index":"index","follow":"follow","max-snippet":"max-snippet:-1","max-image-preview":"max-image-preview:large","max-video-preview":"max-video-preview:-1"},"canonical":"https:\/\/www.encontramontesclaros.com.br\/noticias\/13-bares-de-montes-claros-participam-do-comida-di-buteco\/","og_locale":"pt_BR","og_type":"article","og_title":"13 bares de Montes Claros participam do Comida di Buteco - Not\u00edcias da Cidade Montes Claros","og_description":"Em 16 cidades do todo o Brasil, os botequeiros est\u00e3o tendo a oportunidade de se deliciarem com 400 petiscos \u00e0 base de mandioca e\/ou lingui\u00e7a. O &#8220;Comida di Buteco&#8221; \u00e9 realizado desde 2000, e nesta edi\u00e7\u00e3o prop\u00f5e que os amantes da gastronomia de raiz se desconectem do mundo virtual e desfrutem da intera\u00e7\u00e3o proporcionada pelos [&hellip;]","og_url":"https:\/\/www.encontramontesclaros.com.br\/noticias\/13-bares-de-montes-claros-participam-do-comida-di-buteco\/","og_site_name":"Not\u00edcias da Cidade Montes Claros","article_published_time":"2013-04-19T00:41:11+00:00","article_modified_time":"2013-08-19T12:09:22+00:00","author":"Encontra Montes Claros","twitter_card":"summary_large_image","twitter_misc":{"Escrito por":"Encontra Montes Claros","Est. tempo de leitura":"5 minutos"},"schema":{"@context":"https:\/\/schema.org","@graph":[{"@type":"WebPage","@id":"https:\/\/www.encontramontesclaros.com.br\/noticias\/13-bares-de-montes-claros-participam-do-comida-di-buteco\/","url":"https:\/\/www.encontramontesclaros.com.br\/noticias\/13-bares-de-montes-claros-participam-do-comida-di-buteco\/","name":"13 bares de Montes Claros participam do Comida di Buteco - Not\u00edcias da Cidade Montes Claros","isPartOf":{"@id":"https:\/\/www.encontramontesclaros.com.br\/noticias\/#website"},"datePublished":"2013-04-19T00:41:11+00:00","dateModified":"2013-08-19T12:09:22+00:00","author":{"@id":"https:\/\/www.encontramontesclaros.com.br\/noticias\/#\/schema\/person\/aee9ea87107989474197d40d1258976d"},"breadcrumb":{"@id":"https:\/\/www.encontramontesclaros.com.br\/noticias\/13-bares-de-montes-claros-participam-do-comida-di-buteco\/#breadcrumb"},"inLanguage":"pt-BR","potentialAction":[{"@type":"ReadAction","target":["https:\/\/www.encontramontesclaros.com.br\/noticias\/13-bares-de-montes-claros-participam-do-comida-di-buteco\/"]}]},{"@type":"BreadcrumbList","@id":"https:\/\/www.encontramontesclaros.com.br\/noticias\/13-bares-de-montes-claros-participam-do-comida-di-buteco\/#breadcrumb","itemListElement":[{"@type":"ListItem","position":1,"name":"In\u00edcio","item":"https:\/\/www.encontramontesclaros.com.br\/noticias\/"},{"@type":"ListItem","position":2,"name":"13 bares de Montes Claros participam do Comida di Buteco"}]},{"@type":"WebSite","@id":"https:\/\/www.encontramontesclaros.com.br\/noticias\/#website","url":"https:\/\/www.encontramontesclaros.com.br\/noticias\/","name":"Not\u00edcias da Cidade Montes Claros","description":"Not\u00edcias, eventos, informa\u00e7\u00f5es e dicas da cidade de Montes Claros e regi\u00e3o","potentialAction":[{"@type":"SearchAction","target":{"@type":"EntryPoint","urlTemplate":"https:\/\/www.encontramontesclaros.com.br\/noticias\/?s={search_term_string}"},"query-input":{"@type":"PropertyValueSpecification","valueRequired":true,"valueName":"search_term_string"}}],"inLanguage":"pt-BR"},{"@type":"Person","@id":"https:\/\/www.encontramontesclaros.com.br\/noticias\/#\/schema\/person\/aee9ea87107989474197d40d1258976d","name":"Encontra Montes Claros","image":{"@type":"ImageObject","inLanguage":"pt-BR","@id":"https:\/\/www.encontramontesclaros.com.br\/noticias\/#\/schema\/person\/image\/","url":"https:\/\/secure.gravatar.com\/avatar\/507340682b8270222e1f208e23198b6ae7e2c6a1033ae84e99bc6bce4f82a387?s=96&d=mm&r=g","contentUrl":"https:\/\/secure.gravatar.com\/avatar\/507340682b8270222e1f208e23198b6ae7e2c6a1033ae84e99bc6bce4f82a387?s=96&d=mm&r=g","caption":"Encontra Montes Claros"},"sameAs":["http:\/\/www.encontramontesclaros.com.br"],"url":"https:\/\/www.encontramontesclaros.com.br\/noticias\/author\/emontesclaros\/"}]}},"_links":{"self":[{"href":"https:\/\/www.encontramontesclaros.com.br\/noticias\/wp-json\/wp\/v2\/posts\/387","targetHints":{"allow":["GET"]}}],"collection":[{"href":"https:\/\/www.encontramontesclaros.com.br\/noticias\/wp-json\/wp\/v2\/posts"}],"about":[{"href":"https:\/\/www.encontramontesclaros.com.br\/noticias\/wp-json\/wp\/v2\/types\/post"}],"author":[{"embeddable":true,"href":"https:\/\/www.encontramontesclaros.com.br\/noticias\/wp-json\/wp\/v2\/users\/1"}],"replies":[{"embeddable":true,"href":"https:\/\/www.encontramontesclaros.com.br\/noticias\/wp-json\/wp\/v2\/comments?post=387"}],"version-history":[{"count":6,"href":"https:\/\/www.encontramontesclaros.com.br\/noticias\/wp-json\/wp\/v2\/posts\/387\/revisions"}],"predecessor-version":[{"id":624,"href":"https:\/\/www.encontramontesclaros.com.br\/noticias\/wp-json\/wp\/v2\/posts\/387\/revisions\/624"}],"wp:attachment":[{"href":"https:\/\/www.encontramontesclaros.com.br\/noticias\/wp-json\/wp\/v2\/media?parent=387"}],"wp:term":[{"taxonomy":"category","embeddable":true,"href":"https:\/\/www.encontramontesclaros.com.br\/noticias\/wp-json\/wp\/v2\/categories?post=387"},{"taxonomy":"post_tag","embeddable":true,"href":"https:\/\/www.encontramontesclaros.com.br\/noticias\/wp-json\/wp\/v2\/tags?post=387"}],"curies":[{"name":"wp","href":"https:\/\/api.w.org\/{rel}","templated":true}]}}