{"id":383,"date":"2013-04-18T12:32:44","date_gmt":"2013-04-18T12:32:44","guid":{"rendered":"http:\/\/www.encontramontesclaros.com.br\/noticias\/?p=383"},"modified":"2013-08-19T12:08:59","modified_gmt":"2013-08-19T12:08:59","slug":"tremor-de-terra-em-montes-claros-atinge-3-8-na-escala-richter-diz-unb","status":"publish","type":"post","link":"https:\/\/www.encontramontesclaros.com.br\/noticias\/tremor-de-terra-em-montes-claros-atinge-3-8-na-escala-richter-diz-unb\/","title":{"rendered":"Tremor de terra em Montes Claros atinge 3.8 na escala Richter, diz UnB"},"content":{"rendered":"<p>Mais um forte tremor de terra assustou os moradores de Montes Claros (MG), nesta quinta-feira (18). O abalo ocorreu \u00e0s 7h11 e atingiu 3.8 graus na escala Richter, segundo o Observat\u00f3rio Sismol\u00f3gico de Bras\u00edlia (Obsis), centro de pesquisa da Universidade de Bras\u00edlia (UnB).<\/p>\n<p>De acordo com o Obsis, o foco do tremor foi no bairro Vila Atl\u00e2ntida, regi\u00e3o Noroeste. Mas moradores de pelo menos 11 bairros, em diferentes pontos da cidade, sentiram o abalo.\u00a0O Corpo de Bombeiros recebeu mais de 200 liga\u00e7\u00f5es. Ainda n\u00e3o h\u00e1 registros de ocorr\u00eancias com v\u00edtimas e nem visitas ao hospital na cidade de Montes Claros.<\/p>\n<p>O \u00faltimo tremor de terra registrado em Montes Claros foi em 23 de dezembro de 2012. O mais intenso ocorreu em maio de 2012, com magnitude 4.2\u00a0 na escala Richter.<\/p>\n<p><em>Fonte: G1<\/em><\/p>\n","protected":false},"excerpt":{"rendered":"<p>Mais um forte tremor de terra assustou os moradores de Montes Claros (MG), nesta quinta-feira (18). O abalo ocorreu \u00e0s 7h11 e atingiu 3.8 graus na escala Richter, segundo o Observat\u00f3rio Sismol\u00f3gico de Bras\u00edlia (Obsis), centro de pesquisa da Universidade de Bras\u00edlia (UnB). De acordo com o Obsis, o foco do tremor foi no bairro [&hellip;]<\/p>\n","protected":false},"author":1,"featured_media":0,"comment_status":"open","ping_status":"open","sticky":false,"template":"","format":"standard","meta":{"footnotes":""},"categories":[6],"tags":[],"class_list":["post-383","post","type-post","status-publish","format-standard","hentry","category-noticias-montes-claros"],"yoast_head":"<!-- This site is optimized with the Yoast SEO plugin v25.9 - https:\/\/yoast.com\/wordpress\/plugins\/seo\/ -->\n<title>Tremor de terra em Montes Claros atinge 3.8 na escala Richter, diz UnB - Not\u00edcias da Cidade Montes Claros<\/title>\n<meta name=\"robots\" content=\"index, follow, max-snippet:-1, max-image-preview:large, max-video-preview:-1\" \/>\n<link rel=\"canonical\" href=\"https:\/\/www.encontramontesclaros.com.br\/noticias\/tremor-de-terra-em-montes-claros-atinge-3-8-na-escala-richter-diz-unb\/\" \/>\n<meta property=\"og:locale\" content=\"pt_BR\" \/>\n<meta property=\"og:type\" content=\"article\" \/>\n<meta property=\"og:title\" content=\"Tremor de terra em Montes Claros atinge 3.8 na escala Richter, diz UnB - Not\u00edcias da Cidade Montes Claros\" \/>\n<meta property=\"og:description\" content=\"Mais um forte tremor de terra assustou os moradores de Montes Claros (MG), nesta quinta-feira (18). O abalo ocorreu \u00e0s 7h11 e atingiu 3.8 graus na escala Richter, segundo o Observat\u00f3rio Sismol\u00f3gico de Bras\u00edlia (Obsis), centro de pesquisa da Universidade de Bras\u00edlia (UnB). De acordo com o Obsis, o foco do tremor foi no bairro [&hellip;]\" \/>\n<meta property=\"og:url\" content=\"https:\/\/www.encontramontesclaros.com.br\/noticias\/tremor-de-terra-em-montes-claros-atinge-3-8-na-escala-richter-diz-unb\/\" \/>\n<meta property=\"og:site_name\" content=\"Not\u00edcias da Cidade Montes Claros\" \/>\n<meta property=\"article:published_time\" content=\"2013-04-18T12:32:44+00:00\" \/>\n<meta property=\"article:modified_time\" content=\"2013-08-19T12:08:59+00:00\" \/>\n<meta name=\"author\" content=\"Encontra Montes Claros\" \/>\n<meta name=\"twitter:card\" content=\"summary_large_image\" \/>\n<meta name=\"twitter:label1\" content=\"Escrito por\" \/>\n\t<meta name=\"twitter:data1\" content=\"Encontra Montes Claros\" \/>\n\t<meta name=\"twitter:label2\" content=\"Est. tempo de leitura\" \/>\n\t<meta name=\"twitter:data2\" content=\"1 minuto\" \/>\n<script type=\"application\/ld+json\" class=\"yoast-schema-graph\">{\"@context\":\"https:\/\/schema.org\",\"@graph\":[{\"@type\":\"WebPage\",\"@id\":\"https:\/\/www.encontramontesclaros.com.br\/noticias\/tremor-de-terra-em-montes-claros-atinge-3-8-na-escala-richter-diz-unb\/\",\"url\":\"https:\/\/www.encontramontesclaros.com.br\/noticias\/tremor-de-terra-em-montes-claros-atinge-3-8-na-escala-richter-diz-unb\/\",\"name\":\"Tremor de terra em Montes Claros atinge 3.8 na escala Richter, diz UnB - Not\u00edcias da Cidade Montes Claros\",\"isPartOf\":{\"@id\":\"https:\/\/www.encontramontesclaros.com.br\/noticias\/#website\"},\"datePublished\":\"2013-04-18T12:32:44+00:00\",\"dateModified\":\"2013-08-19T12:08:59+00:00\",\"author\":{\"@id\":\"https:\/\/www.encontramontesclaros.com.br\/noticias\/#\/schema\/person\/aee9ea87107989474197d40d1258976d\"},\"breadcrumb\":{\"@id\":\"https:\/\/www.encontramontesclaros.com.br\/noticias\/tremor-de-terra-em-montes-claros-atinge-3-8-na-escala-richter-diz-unb\/#breadcrumb\"},\"inLanguage\":\"pt-BR\",\"potentialAction\":[{\"@type\":\"ReadAction\",\"target\":[\"https:\/\/www.encontramontesclaros.com.br\/noticias\/tremor-de-terra-em-montes-claros-atinge-3-8-na-escala-richter-diz-unb\/\"]}]},{\"@type\":\"BreadcrumbList\",\"@id\":\"https:\/\/www.encontramontesclaros.com.br\/noticias\/tremor-de-terra-em-montes-claros-atinge-3-8-na-escala-richter-diz-unb\/#breadcrumb\",\"itemListElement\":[{\"@type\":\"ListItem\",\"position\":1,\"name\":\"In\u00edcio\",\"item\":\"https:\/\/www.encontramontesclaros.com.br\/noticias\/\"},{\"@type\":\"ListItem\",\"position\":2,\"name\":\"Tremor de terra em Montes Claros atinge 3.8 na escala Richter, diz UnB\"}]},{\"@type\":\"WebSite\",\"@id\":\"https:\/\/www.encontramontesclaros.com.br\/noticias\/#website\",\"url\":\"https:\/\/www.encontramontesclaros.com.br\/noticias\/\",\"name\":\"Not\u00edcias da Cidade Montes Claros\",\"description\":\"Not\u00edcias, eventos, informa\u00e7\u00f5es e dicas da cidade de Montes Claros e regi\u00e3o\",\"potentialAction\":[{\"@type\":\"SearchAction\",\"target\":{\"@type\":\"EntryPoint\",\"urlTemplate\":\"https:\/\/www.encontramontesclaros.com.br\/noticias\/?s={search_term_string}\"},\"query-input\":{\"@type\":\"PropertyValueSpecification\",\"valueRequired\":true,\"valueName\":\"search_term_string\"}}],\"inLanguage\":\"pt-BR\"},{\"@type\":\"Person\",\"@id\":\"https:\/\/www.encontramontesclaros.com.br\/noticias\/#\/schema\/person\/aee9ea87107989474197d40d1258976d\",\"name\":\"Encontra Montes Claros\",\"image\":{\"@type\":\"ImageObject\",\"inLanguage\":\"pt-BR\",\"@id\":\"https:\/\/www.encontramontesclaros.com.br\/noticias\/#\/schema\/person\/image\/\",\"url\":\"https:\/\/secure.gravatar.com\/avatar\/507340682b8270222e1f208e23198b6ae7e2c6a1033ae84e99bc6bce4f82a387?s=96&d=mm&r=g\",\"contentUrl\":\"https:\/\/secure.gravatar.com\/avatar\/507340682b8270222e1f208e23198b6ae7e2c6a1033ae84e99bc6bce4f82a387?s=96&d=mm&r=g\",\"caption\":\"Encontra Montes Claros\"},\"sameAs\":[\"http:\/\/www.encontramontesclaros.com.br\"],\"url\":\"https:\/\/www.encontramontesclaros.com.br\/noticias\/author\/emontesclaros\/\"}]}<\/script>\n<!-- \/ Yoast SEO plugin. -->","yoast_head_json":{"title":"Tremor de terra em Montes Claros atinge 3.8 na escala Richter, diz UnB - Not\u00edcias da Cidade Montes Claros","robots":{"index":"index","follow":"follow","max-snippet":"max-snippet:-1","max-image-preview":"max-image-preview:large","max-video-preview":"max-video-preview:-1"},"canonical":"https:\/\/www.encontramontesclaros.com.br\/noticias\/tremor-de-terra-em-montes-claros-atinge-3-8-na-escala-richter-diz-unb\/","og_locale":"pt_BR","og_type":"article","og_title":"Tremor de terra em Montes Claros atinge 3.8 na escala Richter, diz UnB - Not\u00edcias da Cidade Montes Claros","og_description":"Mais um forte tremor de terra assustou os moradores de Montes Claros (MG), nesta quinta-feira (18). O abalo ocorreu \u00e0s 7h11 e atingiu 3.8 graus na escala Richter, segundo o Observat\u00f3rio Sismol\u00f3gico de Bras\u00edlia (Obsis), centro de pesquisa da Universidade de Bras\u00edlia (UnB). De acordo com o Obsis, o foco do tremor foi no bairro [&hellip;]","og_url":"https:\/\/www.encontramontesclaros.com.br\/noticias\/tremor-de-terra-em-montes-claros-atinge-3-8-na-escala-richter-diz-unb\/","og_site_name":"Not\u00edcias da Cidade Montes Claros","article_published_time":"2013-04-18T12:32:44+00:00","article_modified_time":"2013-08-19T12:08:59+00:00","author":"Encontra Montes Claros","twitter_card":"summary_large_image","twitter_misc":{"Escrito por":"Encontra Montes Claros","Est. tempo de leitura":"1 minuto"},"schema":{"@context":"https:\/\/schema.org","@graph":[{"@type":"WebPage","@id":"https:\/\/www.encontramontesclaros.com.br\/noticias\/tremor-de-terra-em-montes-claros-atinge-3-8-na-escala-richter-diz-unb\/","url":"https:\/\/www.encontramontesclaros.com.br\/noticias\/tremor-de-terra-em-montes-claros-atinge-3-8-na-escala-richter-diz-unb\/","name":"Tremor de terra em Montes Claros atinge 3.8 na escala Richter, diz UnB - Not\u00edcias da Cidade Montes Claros","isPartOf":{"@id":"https:\/\/www.encontramontesclaros.com.br\/noticias\/#website"},"datePublished":"2013-04-18T12:32:44+00:00","dateModified":"2013-08-19T12:08:59+00:00","author":{"@id":"https:\/\/www.encontramontesclaros.com.br\/noticias\/#\/schema\/person\/aee9ea87107989474197d40d1258976d"},"breadcrumb":{"@id":"https:\/\/www.encontramontesclaros.com.br\/noticias\/tremor-de-terra-em-montes-claros-atinge-3-8-na-escala-richter-diz-unb\/#breadcrumb"},"inLanguage":"pt-BR","potentialAction":[{"@type":"ReadAction","target":["https:\/\/www.encontramontesclaros.com.br\/noticias\/tremor-de-terra-em-montes-claros-atinge-3-8-na-escala-richter-diz-unb\/"]}]},{"@type":"BreadcrumbList","@id":"https:\/\/www.encontramontesclaros.com.br\/noticias\/tremor-de-terra-em-montes-claros-atinge-3-8-na-escala-richter-diz-unb\/#breadcrumb","itemListElement":[{"@type":"ListItem","position":1,"name":"In\u00edcio","item":"https:\/\/www.encontramontesclaros.com.br\/noticias\/"},{"@type":"ListItem","position":2,"name":"Tremor de terra em Montes Claros atinge 3.8 na escala Richter, diz UnB"}]},{"@type":"WebSite","@id":"https:\/\/www.encontramontesclaros.com.br\/noticias\/#website","url":"https:\/\/www.encontramontesclaros.com.br\/noticias\/","name":"Not\u00edcias da Cidade Montes Claros","description":"Not\u00edcias, eventos, informa\u00e7\u00f5es e dicas da cidade de Montes Claros e regi\u00e3o","potentialAction":[{"@type":"SearchAction","target":{"@type":"EntryPoint","urlTemplate":"https:\/\/www.encontramontesclaros.com.br\/noticias\/?s={search_term_string}"},"query-input":{"@type":"PropertyValueSpecification","valueRequired":true,"valueName":"search_term_string"}}],"inLanguage":"pt-BR"},{"@type":"Person","@id":"https:\/\/www.encontramontesclaros.com.br\/noticias\/#\/schema\/person\/aee9ea87107989474197d40d1258976d","name":"Encontra Montes Claros","image":{"@type":"ImageObject","inLanguage":"pt-BR","@id":"https:\/\/www.encontramontesclaros.com.br\/noticias\/#\/schema\/person\/image\/","url":"https:\/\/secure.gravatar.com\/avatar\/507340682b8270222e1f208e23198b6ae7e2c6a1033ae84e99bc6bce4f82a387?s=96&d=mm&r=g","contentUrl":"https:\/\/secure.gravatar.com\/avatar\/507340682b8270222e1f208e23198b6ae7e2c6a1033ae84e99bc6bce4f82a387?s=96&d=mm&r=g","caption":"Encontra Montes Claros"},"sameAs":["http:\/\/www.encontramontesclaros.com.br"],"url":"https:\/\/www.encontramontesclaros.com.br\/noticias\/author\/emontesclaros\/"}]}},"_links":{"self":[{"href":"https:\/\/www.encontramontesclaros.com.br\/noticias\/wp-json\/wp\/v2\/posts\/383","targetHints":{"allow":["GET"]}}],"collection":[{"href":"https:\/\/www.encontramontesclaros.com.br\/noticias\/wp-json\/wp\/v2\/posts"}],"about":[{"href":"https:\/\/www.encontramontesclaros.com.br\/noticias\/wp-json\/wp\/v2\/types\/post"}],"author":[{"embeddable":true,"href":"https:\/\/www.encontramontesclaros.com.br\/noticias\/wp-json\/wp\/v2\/users\/1"}],"replies":[{"embeddable":true,"href":"https:\/\/www.encontramontesclaros.com.br\/noticias\/wp-json\/wp\/v2\/comments?post=383"}],"version-history":[{"count":2,"href":"https:\/\/www.encontramontesclaros.com.br\/noticias\/wp-json\/wp\/v2\/posts\/383\/revisions"}],"predecessor-version":[{"id":530,"href":"https:\/\/www.encontramontesclaros.com.br\/noticias\/wp-json\/wp\/v2\/posts\/383\/revisions\/530"}],"wp:attachment":[{"href":"https:\/\/www.encontramontesclaros.com.br\/noticias\/wp-json\/wp\/v2\/media?parent=383"}],"wp:term":[{"taxonomy":"category","embeddable":true,"href":"https:\/\/www.encontramontesclaros.com.br\/noticias\/wp-json\/wp\/v2\/categories?post=383"},{"taxonomy":"post_tag","embeddable":true,"href":"https:\/\/www.encontramontesclaros.com.br\/noticias\/wp-json\/wp\/v2\/tags?post=383"}],"curies":[{"name":"wp","href":"https:\/\/api.w.org\/{rel}","templated":true}]}}