{"id":373,"date":"2013-04-10T11:41:37","date_gmt":"2013-04-10T11:41:37","guid":{"rendered":"http:\/\/www.encontramontesclaros.com.br\/noticias\/?p=373"},"modified":"2013-08-19T12:09:22","modified_gmt":"2013-08-19T12:09:22","slug":"montes-claros-obras-de-escola-publica-em-nova-esperanca-devem-comecar-em-2013","status":"publish","type":"post","link":"https:\/\/www.encontramontesclaros.com.br\/noticias\/montes-claros-obras-de-escola-publica-em-nova-esperanca-devem-comecar-em-2013\/","title":{"rendered":"Montes Claros: Obras de escola p\u00fablica em Nova Esperan\u00e7a devem come\u00e7ar em 2013"},"content":{"rendered":"<p>Cerca de 30 alunos representantes de diferentes turmas e a diretoria da escola estadual Marilda de Oliveira \u2013 \u00fanica institui\u00e7\u00e3o que oferece aulas para os ensinos fundamental e m\u00e9dio \u2013 em Nova Esperan\u00e7a, distrito de Montes Claros (MG), se reuniram com o prefeito Ruy Muniz (PRB) para cobrar provid\u00eancias quanto a constru\u00e7\u00e3o de uma nova unidade de ensino na localidade. O encontro foi na manh\u00e3 desta ter\u00e7a-feira (09), na sede da <a title=\"prefeitura de Montes Claros\" href=\"http:\/\/www.encontramontesclaros.com.br\/montes-claros\/prefeitura-municipal-de-montes-claros.shtml\" target=\"_blank\">prefeitura de Montes Claros<\/a>. Na segunda-feira (08), a reportagem do G1 esteve na comunidade e mostrou que alunos enfrentam superlota\u00e7\u00e3o nas salas de aula.<\/p>\n<p>&#8220;A gente veio lutar porque o povo de Nova Esperan\u00e7a merece.Esperamos uma resposta h\u00e1 oito anos. Vamos ver se agora a situa\u00e7\u00e3o vai ser resolvida&#8221;, desabafa a estudante N\u00e1dia Silva Freitas, de 17 anos.<\/p>\n<p>Um terreno de cinco mil metros quadrados j\u00e1 foi comprado por R$ 48 mil pela prefeitura de Montes Claros, em 2008, para que a nova escola estadual fosse constru\u00edda. Em 2011, o Governo de Minas licitou uma empresa para iniciar as obras, chegou a pagar R$ 28 mil pelo projeto arquitet\u00f4nico, mas at\u00e9 agora nada foi feito.<\/p>\n<p>A <a title=\"C\u00e2mara Municipal de Montes Claros\" href=\"http:\/\/www.encontramontesclaros.com.br\/montes-claros\/camara-municipal-de-montes-claros.shtml\" target=\"_blank\">C\u00e2mara Municipal de Montes Claros<\/a> s\u00f3 validou o decreto de transfer\u00eancia do im\u00f3vel na cidade de Montes Claros para o estado pela Lei 4.498, em 2012, mas o prazo venceu em abril de 2013.<\/p>\n<p>De acordo com o vereador Diu Andrade (PSL), haver\u00e1 uma nova vota\u00e7\u00e3o na Casa para que o prazo da lei seja prorrogado. Assim, o Estado poder\u00e1 executar a obra. Ainda segundo Andrade, a transfer\u00eancia n\u00e3o foi feita antes por que houve &#8220;problemas jur\u00eddicos&#8221;. &#8220;Vamos aumentar o prazo para o dia 31 de dezembro para que o estado possa fazer uma nova licita\u00e7\u00e3o&#8221;.<\/p>\n<p>&#8220;Agora, finalmente, vamos resolver essa novela. Vamos regularizar o terreno e do\u00e1-lo para o Estado de Minas Gerais, que deve come\u00e7ar a constru\u00e7\u00e3o da nova escola ainda neste ano&#8221;, informa o prefeito Ruy Muniz. A Secretaria Estadual de Educa\u00e7\u00e3o disse que apenas aguarda a regulariza\u00e7\u00e3o da documenta\u00e7\u00e3o do terreno por parte do munic\u00edpio para dar in\u00edcio ao processo licitat\u00f3rio da constru\u00e7\u00e3o do pr\u00e9dio.<\/p>\n<p>O estudante Rodrigo Ruas, de 15 anos, estuda na escola Marilda de Oliveira desde o primeiro ano. Ele reclama que a sala onde estuda com outros 39 alunos \u00e9 muito pequena, mas espera com otimismo que as obras da nova unidade de ensino saiam do papel. &#8220;N\u00f3s ficamos embolados. N\u00e3o d\u00e1 para entender quase nada porque o barulho \u00e9 muito grande. Se construir uma nova escola, vamos ter mais oportunidade para aprender&#8221;.<\/p>\n<p><em>Fonte: G1<\/em><\/p>\n","protected":false},"excerpt":{"rendered":"<p>Cerca de 30 alunos representantes de diferentes turmas e a diretoria da escola estadual Marilda de Oliveira \u2013 \u00fanica institui\u00e7\u00e3o que oferece aulas para os ensinos fundamental e m\u00e9dio \u2013 em Nova Esperan\u00e7a, distrito de Montes Claros (MG), se reuniram com o prefeito Ruy Muniz (PRB) para cobrar provid\u00eancias quanto a constru\u00e7\u00e3o de uma nova [&hellip;]<\/p>\n","protected":false},"author":1,"featured_media":0,"comment_status":"open","ping_status":"open","sticky":false,"template":"","format":"standard","meta":{"footnotes":""},"categories":[6],"tags":[],"class_list":["post-373","post","type-post","status-publish","format-standard","hentry","category-noticias-montes-claros"],"yoast_head":"<!-- This site is optimized with the Yoast SEO plugin v25.9 - https:\/\/yoast.com\/wordpress\/plugins\/seo\/ -->\n<title>Montes Claros: Obras de escola p\u00fablica em Nova Esperan\u00e7a devem come\u00e7ar em 2013 - Not\u00edcias da Cidade Montes Claros<\/title>\n<meta name=\"robots\" content=\"index, follow, max-snippet:-1, max-image-preview:large, max-video-preview:-1\" \/>\n<link rel=\"canonical\" href=\"https:\/\/www.encontramontesclaros.com.br\/noticias\/montes-claros-obras-de-escola-publica-em-nova-esperanca-devem-comecar-em-2013\/\" \/>\n<meta property=\"og:locale\" content=\"pt_BR\" \/>\n<meta property=\"og:type\" content=\"article\" \/>\n<meta property=\"og:title\" content=\"Montes Claros: Obras de escola p\u00fablica em Nova Esperan\u00e7a devem come\u00e7ar em 2013 - Not\u00edcias da Cidade Montes Claros\" \/>\n<meta property=\"og:description\" content=\"Cerca de 30 alunos representantes de diferentes turmas e a diretoria da escola estadual Marilda de Oliveira \u2013 \u00fanica institui\u00e7\u00e3o que oferece aulas para os ensinos fundamental e m\u00e9dio \u2013 em Nova Esperan\u00e7a, distrito de Montes Claros (MG), se reuniram com o prefeito Ruy Muniz (PRB) para cobrar provid\u00eancias quanto a constru\u00e7\u00e3o de uma nova [&hellip;]\" \/>\n<meta property=\"og:url\" content=\"https:\/\/www.encontramontesclaros.com.br\/noticias\/montes-claros-obras-de-escola-publica-em-nova-esperanca-devem-comecar-em-2013\/\" \/>\n<meta property=\"og:site_name\" content=\"Not\u00edcias da Cidade Montes Claros\" \/>\n<meta property=\"article:published_time\" content=\"2013-04-10T11:41:37+00:00\" \/>\n<meta property=\"article:modified_time\" content=\"2013-08-19T12:09:22+00:00\" \/>\n<meta name=\"author\" content=\"Encontra Montes Claros\" \/>\n<meta name=\"twitter:card\" content=\"summary_large_image\" \/>\n<meta name=\"twitter:label1\" content=\"Escrito por\" \/>\n\t<meta name=\"twitter:data1\" content=\"Encontra Montes Claros\" \/>\n\t<meta name=\"twitter:label2\" content=\"Est. tempo de leitura\" \/>\n\t<meta name=\"twitter:data2\" content=\"2 minutos\" \/>\n<script type=\"application\/ld+json\" class=\"yoast-schema-graph\">{\"@context\":\"https:\/\/schema.org\",\"@graph\":[{\"@type\":\"WebPage\",\"@id\":\"https:\/\/www.encontramontesclaros.com.br\/noticias\/montes-claros-obras-de-escola-publica-em-nova-esperanca-devem-comecar-em-2013\/\",\"url\":\"https:\/\/www.encontramontesclaros.com.br\/noticias\/montes-claros-obras-de-escola-publica-em-nova-esperanca-devem-comecar-em-2013\/\",\"name\":\"Montes Claros: Obras de escola p\u00fablica em Nova Esperan\u00e7a devem come\u00e7ar em 2013 - Not\u00edcias da Cidade Montes Claros\",\"isPartOf\":{\"@id\":\"https:\/\/www.encontramontesclaros.com.br\/noticias\/#website\"},\"datePublished\":\"2013-04-10T11:41:37+00:00\",\"dateModified\":\"2013-08-19T12:09:22+00:00\",\"author\":{\"@id\":\"https:\/\/www.encontramontesclaros.com.br\/noticias\/#\/schema\/person\/aee9ea87107989474197d40d1258976d\"},\"breadcrumb\":{\"@id\":\"https:\/\/www.encontramontesclaros.com.br\/noticias\/montes-claros-obras-de-escola-publica-em-nova-esperanca-devem-comecar-em-2013\/#breadcrumb\"},\"inLanguage\":\"pt-BR\",\"potentialAction\":[{\"@type\":\"ReadAction\",\"target\":[\"https:\/\/www.encontramontesclaros.com.br\/noticias\/montes-claros-obras-de-escola-publica-em-nova-esperanca-devem-comecar-em-2013\/\"]}]},{\"@type\":\"BreadcrumbList\",\"@id\":\"https:\/\/www.encontramontesclaros.com.br\/noticias\/montes-claros-obras-de-escola-publica-em-nova-esperanca-devem-comecar-em-2013\/#breadcrumb\",\"itemListElement\":[{\"@type\":\"ListItem\",\"position\":1,\"name\":\"In\u00edcio\",\"item\":\"https:\/\/www.encontramontesclaros.com.br\/noticias\/\"},{\"@type\":\"ListItem\",\"position\":2,\"name\":\"Montes Claros: Obras de escola p\u00fablica em Nova Esperan\u00e7a devem come\u00e7ar em 2013\"}]},{\"@type\":\"WebSite\",\"@id\":\"https:\/\/www.encontramontesclaros.com.br\/noticias\/#website\",\"url\":\"https:\/\/www.encontramontesclaros.com.br\/noticias\/\",\"name\":\"Not\u00edcias da Cidade Montes Claros\",\"description\":\"Not\u00edcias, eventos, informa\u00e7\u00f5es e dicas da cidade de Montes Claros e regi\u00e3o\",\"potentialAction\":[{\"@type\":\"SearchAction\",\"target\":{\"@type\":\"EntryPoint\",\"urlTemplate\":\"https:\/\/www.encontramontesclaros.com.br\/noticias\/?s={search_term_string}\"},\"query-input\":{\"@type\":\"PropertyValueSpecification\",\"valueRequired\":true,\"valueName\":\"search_term_string\"}}],\"inLanguage\":\"pt-BR\"},{\"@type\":\"Person\",\"@id\":\"https:\/\/www.encontramontesclaros.com.br\/noticias\/#\/schema\/person\/aee9ea87107989474197d40d1258976d\",\"name\":\"Encontra Montes Claros\",\"image\":{\"@type\":\"ImageObject\",\"inLanguage\":\"pt-BR\",\"@id\":\"https:\/\/www.encontramontesclaros.com.br\/noticias\/#\/schema\/person\/image\/\",\"url\":\"https:\/\/secure.gravatar.com\/avatar\/507340682b8270222e1f208e23198b6ae7e2c6a1033ae84e99bc6bce4f82a387?s=96&d=mm&r=g\",\"contentUrl\":\"https:\/\/secure.gravatar.com\/avatar\/507340682b8270222e1f208e23198b6ae7e2c6a1033ae84e99bc6bce4f82a387?s=96&d=mm&r=g\",\"caption\":\"Encontra Montes Claros\"},\"sameAs\":[\"http:\/\/www.encontramontesclaros.com.br\"],\"url\":\"https:\/\/www.encontramontesclaros.com.br\/noticias\/author\/emontesclaros\/\"}]}<\/script>\n<!-- \/ Yoast SEO plugin. -->","yoast_head_json":{"title":"Montes Claros: Obras de escola p\u00fablica em Nova Esperan\u00e7a devem come\u00e7ar em 2013 - Not\u00edcias da Cidade Montes Claros","robots":{"index":"index","follow":"follow","max-snippet":"max-snippet:-1","max-image-preview":"max-image-preview:large","max-video-preview":"max-video-preview:-1"},"canonical":"https:\/\/www.encontramontesclaros.com.br\/noticias\/montes-claros-obras-de-escola-publica-em-nova-esperanca-devem-comecar-em-2013\/","og_locale":"pt_BR","og_type":"article","og_title":"Montes Claros: Obras de escola p\u00fablica em Nova Esperan\u00e7a devem come\u00e7ar em 2013 - Not\u00edcias da Cidade Montes Claros","og_description":"Cerca de 30 alunos representantes de diferentes turmas e a diretoria da escola estadual Marilda de Oliveira \u2013 \u00fanica institui\u00e7\u00e3o que oferece aulas para os ensinos fundamental e m\u00e9dio \u2013 em Nova Esperan\u00e7a, distrito de Montes Claros (MG), se reuniram com o prefeito Ruy Muniz (PRB) para cobrar provid\u00eancias quanto a constru\u00e7\u00e3o de uma nova [&hellip;]","og_url":"https:\/\/www.encontramontesclaros.com.br\/noticias\/montes-claros-obras-de-escola-publica-em-nova-esperanca-devem-comecar-em-2013\/","og_site_name":"Not\u00edcias da Cidade Montes Claros","article_published_time":"2013-04-10T11:41:37+00:00","article_modified_time":"2013-08-19T12:09:22+00:00","author":"Encontra Montes Claros","twitter_card":"summary_large_image","twitter_misc":{"Escrito por":"Encontra Montes Claros","Est. tempo de leitura":"2 minutos"},"schema":{"@context":"https:\/\/schema.org","@graph":[{"@type":"WebPage","@id":"https:\/\/www.encontramontesclaros.com.br\/noticias\/montes-claros-obras-de-escola-publica-em-nova-esperanca-devem-comecar-em-2013\/","url":"https:\/\/www.encontramontesclaros.com.br\/noticias\/montes-claros-obras-de-escola-publica-em-nova-esperanca-devem-comecar-em-2013\/","name":"Montes Claros: Obras de escola p\u00fablica em Nova Esperan\u00e7a devem come\u00e7ar em 2013 - Not\u00edcias da Cidade Montes Claros","isPartOf":{"@id":"https:\/\/www.encontramontesclaros.com.br\/noticias\/#website"},"datePublished":"2013-04-10T11:41:37+00:00","dateModified":"2013-08-19T12:09:22+00:00","author":{"@id":"https:\/\/www.encontramontesclaros.com.br\/noticias\/#\/schema\/person\/aee9ea87107989474197d40d1258976d"},"breadcrumb":{"@id":"https:\/\/www.encontramontesclaros.com.br\/noticias\/montes-claros-obras-de-escola-publica-em-nova-esperanca-devem-comecar-em-2013\/#breadcrumb"},"inLanguage":"pt-BR","potentialAction":[{"@type":"ReadAction","target":["https:\/\/www.encontramontesclaros.com.br\/noticias\/montes-claros-obras-de-escola-publica-em-nova-esperanca-devem-comecar-em-2013\/"]}]},{"@type":"BreadcrumbList","@id":"https:\/\/www.encontramontesclaros.com.br\/noticias\/montes-claros-obras-de-escola-publica-em-nova-esperanca-devem-comecar-em-2013\/#breadcrumb","itemListElement":[{"@type":"ListItem","position":1,"name":"In\u00edcio","item":"https:\/\/www.encontramontesclaros.com.br\/noticias\/"},{"@type":"ListItem","position":2,"name":"Montes Claros: Obras de escola p\u00fablica em Nova Esperan\u00e7a devem come\u00e7ar em 2013"}]},{"@type":"WebSite","@id":"https:\/\/www.encontramontesclaros.com.br\/noticias\/#website","url":"https:\/\/www.encontramontesclaros.com.br\/noticias\/","name":"Not\u00edcias da Cidade Montes Claros","description":"Not\u00edcias, eventos, informa\u00e7\u00f5es e dicas da cidade de Montes Claros e regi\u00e3o","potentialAction":[{"@type":"SearchAction","target":{"@type":"EntryPoint","urlTemplate":"https:\/\/www.encontramontesclaros.com.br\/noticias\/?s={search_term_string}"},"query-input":{"@type":"PropertyValueSpecification","valueRequired":true,"valueName":"search_term_string"}}],"inLanguage":"pt-BR"},{"@type":"Person","@id":"https:\/\/www.encontramontesclaros.com.br\/noticias\/#\/schema\/person\/aee9ea87107989474197d40d1258976d","name":"Encontra Montes Claros","image":{"@type":"ImageObject","inLanguage":"pt-BR","@id":"https:\/\/www.encontramontesclaros.com.br\/noticias\/#\/schema\/person\/image\/","url":"https:\/\/secure.gravatar.com\/avatar\/507340682b8270222e1f208e23198b6ae7e2c6a1033ae84e99bc6bce4f82a387?s=96&d=mm&r=g","contentUrl":"https:\/\/secure.gravatar.com\/avatar\/507340682b8270222e1f208e23198b6ae7e2c6a1033ae84e99bc6bce4f82a387?s=96&d=mm&r=g","caption":"Encontra Montes Claros"},"sameAs":["http:\/\/www.encontramontesclaros.com.br"],"url":"https:\/\/www.encontramontesclaros.com.br\/noticias\/author\/emontesclaros\/"}]}},"_links":{"self":[{"href":"https:\/\/www.encontramontesclaros.com.br\/noticias\/wp-json\/wp\/v2\/posts\/373","targetHints":{"allow":["GET"]}}],"collection":[{"href":"https:\/\/www.encontramontesclaros.com.br\/noticias\/wp-json\/wp\/v2\/posts"}],"about":[{"href":"https:\/\/www.encontramontesclaros.com.br\/noticias\/wp-json\/wp\/v2\/types\/post"}],"author":[{"embeddable":true,"href":"https:\/\/www.encontramontesclaros.com.br\/noticias\/wp-json\/wp\/v2\/users\/1"}],"replies":[{"embeddable":true,"href":"https:\/\/www.encontramontesclaros.com.br\/noticias\/wp-json\/wp\/v2\/comments?post=373"}],"version-history":[{"count":4,"href":"https:\/\/www.encontramontesclaros.com.br\/noticias\/wp-json\/wp\/v2\/posts\/373\/revisions"}],"predecessor-version":[{"id":622,"href":"https:\/\/www.encontramontesclaros.com.br\/noticias\/wp-json\/wp\/v2\/posts\/373\/revisions\/622"}],"wp:attachment":[{"href":"https:\/\/www.encontramontesclaros.com.br\/noticias\/wp-json\/wp\/v2\/media?parent=373"}],"wp:term":[{"taxonomy":"category","embeddable":true,"href":"https:\/\/www.encontramontesclaros.com.br\/noticias\/wp-json\/wp\/v2\/categories?post=373"},{"taxonomy":"post_tag","embeddable":true,"href":"https:\/\/www.encontramontesclaros.com.br\/noticias\/wp-json\/wp\/v2\/tags?post=373"}],"curies":[{"name":"wp","href":"https:\/\/api.w.org\/{rel}","templated":true}]}}