{"id":369,"date":"2013-04-10T11:37:09","date_gmt":"2013-04-10T11:37:09","guid":{"rendered":"http:\/\/www.encontramontesclaros.com.br\/noticias\/?p=369"},"modified":"2013-08-19T12:09:03","modified_gmt":"2013-08-19T12:09:03","slug":"alunos-enfrentam-superlotacao-em-escola-de-distrito-de-montes-claros","status":"publish","type":"post","link":"https:\/\/www.encontramontesclaros.com.br\/noticias\/alunos-enfrentam-superlotacao-em-escola-de-distrito-de-montes-claros\/","title":{"rendered":"Alunos enfrentam superlota\u00e7\u00e3o em escola de distrito de Montes Claros"},"content":{"rendered":"<p>Um momento que deveria ser de aprendizado est\u00e1 causando dor de cabe\u00e7a nos alunos da Escola Estadual Marilda de Oliveira, em Nova Esperan\u00e7a, distrito de Montes Claros (MG). As aulas est\u00e3o comprometidas porque a estrutura f\u00edsica da \u00fanica institui\u00e7\u00e3o de ensino fundamental e m\u00e9dio da comunidade n\u00e3o condiz com o n\u00famero de alunos matriculados. \u201cSempre prometeram que teria uma escola nova que comportasse a quantidade de alunos. Esse ano eu vou sair da escola sem ver esse sonho realizado\u201d, desabafa a estudante Isabela Santos Maia, de 17 anos, que sempre estudou na mesma escola.<\/p>\n<p>A unidade educacional foi constru\u00edda h\u00e1 48 anos e tem 14 salas que n\u00e3o s\u00e3o suficientes para as aulas do ensino m\u00e9dio no per\u00edodo matutino, uma reivindica\u00e7\u00e3o dos pais. Por isso, a lojista Lucileia Santos, m\u00e3e de um aluno de 14 anos do per\u00edodo noturno por falta de op\u00e7\u00e3o, vive preocupada. \u201cEle sai da escola \u00e0s 23h40 e \u00e9 muito perigoso, n\u00e3o durmo enquanto ele n\u00e3o chega [em casa]\u201d, explica.<\/p>\n<p>Nos fundos da escola h\u00e1 um outro problema: um espa\u00e7o que serviria para o lazer dos estudantes precisou ser transformado em sala de aula para receber crian\u00e7as e adolescentes do per\u00edodo integral \u2013 projeto que mant\u00e9m os alunos durante dois turnos na escola. S\u00e3o 48 matriculados, mas quando aparece todo mundo, \u00e9 preciso dispensar alguns para caber na sala. \u201c\u00c9 uma dificuldade muito grande, principalmente quando eles precisam fazer trabalho em grupo porque o espa\u00e7o \u00e9 muito pequeno. Eles podem ficar prejudicados na aprendizagem\u201d, reclama a professora Lucileide Evangelista.<\/p>\n<p>Se algum dos aproximadamente quatro mil habitantes de Nova Esperan\u00e7a quiser estudar na escola Marilda de Oliveira, vai ter que esperar um tempo ainda indeterminado. Segundo o diretor, En\u00e9sio Veiga, a institui\u00e7\u00e3o n\u00e3o tem capacidade para receber novos alunos. \u201cNosso pr\u00e9dio atual est\u00e1 em condi\u00e7\u00f5es prec\u00e1rias. A amplia\u00e7\u00e3o dele sempre foi feita aos peda\u00e7os, sem planejamento. Sem falar que esse terreno n\u00e3o \u00e9 compacto, n\u00e3o \u00e9 firme. Tivemos salas que foram at\u00e9 interditadas uma vez\u201d, diz.<\/p>\n<p><strong>Burocracia barra constru\u00e7\u00e3o de nova escola na cidade de Montes Claros<br \/>\n<\/strong><\/p>\n<p>Tivemos acesso a documentos que mostram que h\u00e1 um terreno de pouco mais de cinco mil metros quadrados que j\u00e1 foi comprado por R$ 48 mil pela <a title=\"prefeitura de Montes Claros\" href=\"http:\/\/www.encontramontesclaros.com.br\/montes-claros\/prefeitura-municipal-de-montes-claros.shtml\" target=\"_blank\">prefeitura de Montes Claros<\/a> em 2008 para que uma nova escola estadual fosse constru\u00edda. Em 2011, o Governo de Minas licitou uma empresa para iniciar as obras, chegou a pagar R$28 mil pelo projeto arquitet\u00f4nico, mas at\u00e9 agora nada foi feito. A <a title=\"C\u00e2mara de Vereadores de Montes Claros\" href=\"http:\/\/www.encontramontesclaros.com.br\/montes-claros\/camara-municipal-de-montes-claros.shtml\" target=\"_blank\">C\u00e2mara de Vereadores de Montes Claros<\/a> s\u00f3 validou o decreto de transfer\u00eancia do im\u00f3vel para o estado em 2012, mas o prazo para que a transa\u00e7\u00e3o fosse feita venceu em abril de 2013.<\/p>\n<p>A presidente da associa\u00e7\u00e3o de moradores de Nova Esperan\u00e7a, Helem Tatiane Pereira Santos, reclama que h\u00e1 um \u201cdesinteresse p\u00fablico do munic\u00edpio com a necessidade da sociedade em ter um novo pr\u00e9dio\u201d. A preocupa\u00e7\u00e3o da representante da popula\u00e7\u00e3o \u00e9 que h\u00e1 a possibilidade de que a obra n\u00e3o saia do papel.<\/p>\n<p>Um documento, com data de 2012, emitido pelo Departamento de Obras P\u00fablicas do Estado de Minas Gerais, ao qual tamb\u00e9m tivemos acesso, mostra que se a obra n\u00e3o come\u00e7ar em tr\u00eas anos \u2013 contando a partir do m\u00eas de abril do ano passado \u2013 \u201chaver\u00e1 uma revers\u00e3o do bem [o lote] ao patrim\u00f4nio do munic\u00edpio\u201d. \u201cH\u00e1 a possibilidade de que o estado perca o terreno, pois foi para esse fim [a constru\u00e7\u00e3o da nova unidade de ensino] que ele foi desapropriado. A gente corre o risco de ficar sem escola nova\u201d, alerta Helem Tatiane.<\/p>\n<p>A prefeitura de Montes Claros confirmou a demora na transfer\u00eancia do terreno, mas disse que est\u00e1 tomando todas as provid\u00eancias para resolver o problema. A prefeitura informou tamb\u00e9m que nesta ter\u00e7a-feira (08), ser\u00e1 enviada para vota\u00e7\u00e3o na c\u00e2mara de vereadores, uma emenda para modificar a lei, e garantir mais prazo para que a documenta\u00e7\u00e3o seja encaminhada ao estado.<\/p>\n<p><em>Fonte: G1<\/em><\/p>\n","protected":false},"excerpt":{"rendered":"<p>Um momento que deveria ser de aprendizado est\u00e1 causando dor de cabe\u00e7a nos alunos da Escola Estadual Marilda de Oliveira, em Nova Esperan\u00e7a, distrito de Montes Claros (MG). As aulas est\u00e3o comprometidas porque a estrutura f\u00edsica da \u00fanica institui\u00e7\u00e3o de ensino fundamental e m\u00e9dio da comunidade n\u00e3o condiz com o n\u00famero de alunos matriculados. \u201cSempre [&hellip;]<\/p>\n","protected":false},"author":1,"featured_media":0,"comment_status":"open","ping_status":"open","sticky":false,"template":"","format":"standard","meta":{"footnotes":""},"categories":[6],"tags":[],"class_list":["post-369","post","type-post","status-publish","format-standard","hentry","category-noticias-montes-claros"],"yoast_head":"<!-- This site is optimized with the Yoast SEO plugin v25.9 - https:\/\/yoast.com\/wordpress\/plugins\/seo\/ -->\n<title>Alunos enfrentam superlota\u00e7\u00e3o em escola de distrito de Montes Claros - Not\u00edcias da Cidade Montes Claros<\/title>\n<meta name=\"robots\" content=\"index, follow, max-snippet:-1, max-image-preview:large, max-video-preview:-1\" \/>\n<link rel=\"canonical\" href=\"https:\/\/www.encontramontesclaros.com.br\/noticias\/alunos-enfrentam-superlotacao-em-escola-de-distrito-de-montes-claros\/\" \/>\n<meta property=\"og:locale\" content=\"pt_BR\" \/>\n<meta property=\"og:type\" content=\"article\" \/>\n<meta property=\"og:title\" content=\"Alunos enfrentam superlota\u00e7\u00e3o em escola de distrito de Montes Claros - Not\u00edcias da Cidade Montes Claros\" \/>\n<meta property=\"og:description\" content=\"Um momento que deveria ser de aprendizado est\u00e1 causando dor de cabe\u00e7a nos alunos da Escola Estadual Marilda de Oliveira, em Nova Esperan\u00e7a, distrito de Montes Claros (MG). As aulas est\u00e3o comprometidas porque a estrutura f\u00edsica da \u00fanica institui\u00e7\u00e3o de ensino fundamental e m\u00e9dio da comunidade n\u00e3o condiz com o n\u00famero de alunos matriculados. \u201cSempre [&hellip;]\" \/>\n<meta property=\"og:url\" content=\"https:\/\/www.encontramontesclaros.com.br\/noticias\/alunos-enfrentam-superlotacao-em-escola-de-distrito-de-montes-claros\/\" \/>\n<meta property=\"og:site_name\" content=\"Not\u00edcias da Cidade Montes Claros\" \/>\n<meta property=\"article:published_time\" content=\"2013-04-10T11:37:09+00:00\" \/>\n<meta property=\"article:modified_time\" content=\"2013-08-19T12:09:03+00:00\" \/>\n<meta name=\"author\" content=\"Encontra Montes Claros\" \/>\n<meta name=\"twitter:card\" content=\"summary_large_image\" \/>\n<meta name=\"twitter:label1\" content=\"Escrito por\" \/>\n\t<meta name=\"twitter:data1\" content=\"Encontra Montes Claros\" \/>\n\t<meta name=\"twitter:label2\" content=\"Est. tempo de leitura\" \/>\n\t<meta name=\"twitter:data2\" content=\"3 minutos\" \/>\n<script type=\"application\/ld+json\" class=\"yoast-schema-graph\">{\"@context\":\"https:\/\/schema.org\",\"@graph\":[{\"@type\":\"WebPage\",\"@id\":\"https:\/\/www.encontramontesclaros.com.br\/noticias\/alunos-enfrentam-superlotacao-em-escola-de-distrito-de-montes-claros\/\",\"url\":\"https:\/\/www.encontramontesclaros.com.br\/noticias\/alunos-enfrentam-superlotacao-em-escola-de-distrito-de-montes-claros\/\",\"name\":\"Alunos enfrentam superlota\u00e7\u00e3o em escola de distrito de Montes Claros - Not\u00edcias da Cidade Montes Claros\",\"isPartOf\":{\"@id\":\"https:\/\/www.encontramontesclaros.com.br\/noticias\/#website\"},\"datePublished\":\"2013-04-10T11:37:09+00:00\",\"dateModified\":\"2013-08-19T12:09:03+00:00\",\"author\":{\"@id\":\"https:\/\/www.encontramontesclaros.com.br\/noticias\/#\/schema\/person\/aee9ea87107989474197d40d1258976d\"},\"breadcrumb\":{\"@id\":\"https:\/\/www.encontramontesclaros.com.br\/noticias\/alunos-enfrentam-superlotacao-em-escola-de-distrito-de-montes-claros\/#breadcrumb\"},\"inLanguage\":\"pt-BR\",\"potentialAction\":[{\"@type\":\"ReadAction\",\"target\":[\"https:\/\/www.encontramontesclaros.com.br\/noticias\/alunos-enfrentam-superlotacao-em-escola-de-distrito-de-montes-claros\/\"]}]},{\"@type\":\"BreadcrumbList\",\"@id\":\"https:\/\/www.encontramontesclaros.com.br\/noticias\/alunos-enfrentam-superlotacao-em-escola-de-distrito-de-montes-claros\/#breadcrumb\",\"itemListElement\":[{\"@type\":\"ListItem\",\"position\":1,\"name\":\"In\u00edcio\",\"item\":\"https:\/\/www.encontramontesclaros.com.br\/noticias\/\"},{\"@type\":\"ListItem\",\"position\":2,\"name\":\"Alunos enfrentam superlota\u00e7\u00e3o em escola de distrito de Montes Claros\"}]},{\"@type\":\"WebSite\",\"@id\":\"https:\/\/www.encontramontesclaros.com.br\/noticias\/#website\",\"url\":\"https:\/\/www.encontramontesclaros.com.br\/noticias\/\",\"name\":\"Not\u00edcias da Cidade Montes Claros\",\"description\":\"Not\u00edcias, eventos, informa\u00e7\u00f5es e dicas da cidade de Montes Claros e regi\u00e3o\",\"potentialAction\":[{\"@type\":\"SearchAction\",\"target\":{\"@type\":\"EntryPoint\",\"urlTemplate\":\"https:\/\/www.encontramontesclaros.com.br\/noticias\/?s={search_term_string}\"},\"query-input\":{\"@type\":\"PropertyValueSpecification\",\"valueRequired\":true,\"valueName\":\"search_term_string\"}}],\"inLanguage\":\"pt-BR\"},{\"@type\":\"Person\",\"@id\":\"https:\/\/www.encontramontesclaros.com.br\/noticias\/#\/schema\/person\/aee9ea87107989474197d40d1258976d\",\"name\":\"Encontra Montes Claros\",\"image\":{\"@type\":\"ImageObject\",\"inLanguage\":\"pt-BR\",\"@id\":\"https:\/\/www.encontramontesclaros.com.br\/noticias\/#\/schema\/person\/image\/\",\"url\":\"https:\/\/secure.gravatar.com\/avatar\/507340682b8270222e1f208e23198b6ae7e2c6a1033ae84e99bc6bce4f82a387?s=96&d=mm&r=g\",\"contentUrl\":\"https:\/\/secure.gravatar.com\/avatar\/507340682b8270222e1f208e23198b6ae7e2c6a1033ae84e99bc6bce4f82a387?s=96&d=mm&r=g\",\"caption\":\"Encontra Montes Claros\"},\"sameAs\":[\"http:\/\/www.encontramontesclaros.com.br\"],\"url\":\"https:\/\/www.encontramontesclaros.com.br\/noticias\/author\/emontesclaros\/\"}]}<\/script>\n<!-- \/ Yoast SEO plugin. -->","yoast_head_json":{"title":"Alunos enfrentam superlota\u00e7\u00e3o em escola de distrito de Montes Claros - Not\u00edcias da Cidade Montes Claros","robots":{"index":"index","follow":"follow","max-snippet":"max-snippet:-1","max-image-preview":"max-image-preview:large","max-video-preview":"max-video-preview:-1"},"canonical":"https:\/\/www.encontramontesclaros.com.br\/noticias\/alunos-enfrentam-superlotacao-em-escola-de-distrito-de-montes-claros\/","og_locale":"pt_BR","og_type":"article","og_title":"Alunos enfrentam superlota\u00e7\u00e3o em escola de distrito de Montes Claros - Not\u00edcias da Cidade Montes Claros","og_description":"Um momento que deveria ser de aprendizado est\u00e1 causando dor de cabe\u00e7a nos alunos da Escola Estadual Marilda de Oliveira, em Nova Esperan\u00e7a, distrito de Montes Claros (MG). As aulas est\u00e3o comprometidas porque a estrutura f\u00edsica da \u00fanica institui\u00e7\u00e3o de ensino fundamental e m\u00e9dio da comunidade n\u00e3o condiz com o n\u00famero de alunos matriculados. \u201cSempre [&hellip;]","og_url":"https:\/\/www.encontramontesclaros.com.br\/noticias\/alunos-enfrentam-superlotacao-em-escola-de-distrito-de-montes-claros\/","og_site_name":"Not\u00edcias da Cidade Montes Claros","article_published_time":"2013-04-10T11:37:09+00:00","article_modified_time":"2013-08-19T12:09:03+00:00","author":"Encontra Montes Claros","twitter_card":"summary_large_image","twitter_misc":{"Escrito por":"Encontra Montes Claros","Est. tempo de leitura":"3 minutos"},"schema":{"@context":"https:\/\/schema.org","@graph":[{"@type":"WebPage","@id":"https:\/\/www.encontramontesclaros.com.br\/noticias\/alunos-enfrentam-superlotacao-em-escola-de-distrito-de-montes-claros\/","url":"https:\/\/www.encontramontesclaros.com.br\/noticias\/alunos-enfrentam-superlotacao-em-escola-de-distrito-de-montes-claros\/","name":"Alunos enfrentam superlota\u00e7\u00e3o em escola de distrito de Montes Claros - Not\u00edcias da Cidade Montes Claros","isPartOf":{"@id":"https:\/\/www.encontramontesclaros.com.br\/noticias\/#website"},"datePublished":"2013-04-10T11:37:09+00:00","dateModified":"2013-08-19T12:09:03+00:00","author":{"@id":"https:\/\/www.encontramontesclaros.com.br\/noticias\/#\/schema\/person\/aee9ea87107989474197d40d1258976d"},"breadcrumb":{"@id":"https:\/\/www.encontramontesclaros.com.br\/noticias\/alunos-enfrentam-superlotacao-em-escola-de-distrito-de-montes-claros\/#breadcrumb"},"inLanguage":"pt-BR","potentialAction":[{"@type":"ReadAction","target":["https:\/\/www.encontramontesclaros.com.br\/noticias\/alunos-enfrentam-superlotacao-em-escola-de-distrito-de-montes-claros\/"]}]},{"@type":"BreadcrumbList","@id":"https:\/\/www.encontramontesclaros.com.br\/noticias\/alunos-enfrentam-superlotacao-em-escola-de-distrito-de-montes-claros\/#breadcrumb","itemListElement":[{"@type":"ListItem","position":1,"name":"In\u00edcio","item":"https:\/\/www.encontramontesclaros.com.br\/noticias\/"},{"@type":"ListItem","position":2,"name":"Alunos enfrentam superlota\u00e7\u00e3o em escola de distrito de Montes Claros"}]},{"@type":"WebSite","@id":"https:\/\/www.encontramontesclaros.com.br\/noticias\/#website","url":"https:\/\/www.encontramontesclaros.com.br\/noticias\/","name":"Not\u00edcias da Cidade Montes Claros","description":"Not\u00edcias, eventos, informa\u00e7\u00f5es e dicas da cidade de Montes Claros e regi\u00e3o","potentialAction":[{"@type":"SearchAction","target":{"@type":"EntryPoint","urlTemplate":"https:\/\/www.encontramontesclaros.com.br\/noticias\/?s={search_term_string}"},"query-input":{"@type":"PropertyValueSpecification","valueRequired":true,"valueName":"search_term_string"}}],"inLanguage":"pt-BR"},{"@type":"Person","@id":"https:\/\/www.encontramontesclaros.com.br\/noticias\/#\/schema\/person\/aee9ea87107989474197d40d1258976d","name":"Encontra Montes Claros","image":{"@type":"ImageObject","inLanguage":"pt-BR","@id":"https:\/\/www.encontramontesclaros.com.br\/noticias\/#\/schema\/person\/image\/","url":"https:\/\/secure.gravatar.com\/avatar\/507340682b8270222e1f208e23198b6ae7e2c6a1033ae84e99bc6bce4f82a387?s=96&d=mm&r=g","contentUrl":"https:\/\/secure.gravatar.com\/avatar\/507340682b8270222e1f208e23198b6ae7e2c6a1033ae84e99bc6bce4f82a387?s=96&d=mm&r=g","caption":"Encontra Montes Claros"},"sameAs":["http:\/\/www.encontramontesclaros.com.br"],"url":"https:\/\/www.encontramontesclaros.com.br\/noticias\/author\/emontesclaros\/"}]}},"_links":{"self":[{"href":"https:\/\/www.encontramontesclaros.com.br\/noticias\/wp-json\/wp\/v2\/posts\/369","targetHints":{"allow":["GET"]}}],"collection":[{"href":"https:\/\/www.encontramontesclaros.com.br\/noticias\/wp-json\/wp\/v2\/posts"}],"about":[{"href":"https:\/\/www.encontramontesclaros.com.br\/noticias\/wp-json\/wp\/v2\/types\/post"}],"author":[{"embeddable":true,"href":"https:\/\/www.encontramontesclaros.com.br\/noticias\/wp-json\/wp\/v2\/users\/1"}],"replies":[{"embeddable":true,"href":"https:\/\/www.encontramontesclaros.com.br\/noticias\/wp-json\/wp\/v2\/comments?post=369"}],"version-history":[{"count":3,"href":"https:\/\/www.encontramontesclaros.com.br\/noticias\/wp-json\/wp\/v2\/posts\/369\/revisions"}],"predecessor-version":[{"id":549,"href":"https:\/\/www.encontramontesclaros.com.br\/noticias\/wp-json\/wp\/v2\/posts\/369\/revisions\/549"}],"wp:attachment":[{"href":"https:\/\/www.encontramontesclaros.com.br\/noticias\/wp-json\/wp\/v2\/media?parent=369"}],"wp:term":[{"taxonomy":"category","embeddable":true,"href":"https:\/\/www.encontramontesclaros.com.br\/noticias\/wp-json\/wp\/v2\/categories?post=369"},{"taxonomy":"post_tag","embeddable":true,"href":"https:\/\/www.encontramontesclaros.com.br\/noticias\/wp-json\/wp\/v2\/tags?post=369"}],"curies":[{"name":"wp","href":"https:\/\/api.w.org\/{rel}","templated":true}]}}