{"id":366,"date":"2013-04-04T12:20:45","date_gmt":"2013-04-04T12:20:45","guid":{"rendered":"http:\/\/www.encontramontesclaros.com.br\/noticias\/?p=366"},"modified":"2013-08-19T12:09:22","modified_gmt":"2013-08-19T12:09:22","slug":"atendimento-em-montes-claros-seguira-resolucao-do-governo-de-minas-gerais","status":"publish","type":"post","link":"https:\/\/www.encontramontesclaros.com.br\/noticias\/atendimento-em-montes-claros-seguira-resolucao-do-governo-de-minas-gerais\/","title":{"rendered":"Atendimento em Montes Claros seguir\u00e1 resolu\u00e7\u00e3o do Governo  de Minas Gerais"},"content":{"rendered":"<p>Empenhada em assegurar um atendimento cada vez melhor \u00e0 popula\u00e7\u00e3o montes-clarense, a <a title=\"Prefeitura de Montes Claros\" href=\"http:\/\/www.encontramontesclaros.com.br\/montes-claros\/prefeitura-municipal-de-montes-claros.shtml\" target=\"_blank\">Prefeitura de Montes Claros<\/a>, atrav\u00e9s da Secretaria Municipal de Sa\u00fade, est\u00e1 cobrando dos hospitais da cidade que seja cumprida a Portaria n\u00ba 2607, de 7 de dezembro de 2010, da Secretaria de Estado de Sa\u00fade, que disp\u00f5e, entre outros assuntos, sobre as condi\u00e7\u00f5es para promo\u00e7\u00e3o, prote\u00e7\u00e3o, recupera\u00e7\u00e3o, organiza\u00e7\u00e3o e funcionamento dos servi\u00e7os de sa\u00fade.<\/p>\n<p>De acordo com o gerente de Urg\u00eancia e Emerg\u00eancia da Secretaria Municipal de Sa\u00fade Frederico Willer, a Secretaria Municipal de Sa\u00fade, reavaliou ao fim do contrato que existia em 2012, mas que n\u00e3o vinha sendo honrado pela Administra\u00e7\u00e3o Municipal anterior, e constatou que o Hospital Universit\u00e1rio Clemente Faria e a Santa Casa j\u00e1 disponibilizam ortopedista e cirurgi\u00e3o de plant\u00e3o, o que seria capaz de atender a demanda de urg\u00eancia e emerg\u00eancia do munic\u00edpio. \u201cA demanda maior \u00e9 cl\u00ednica\u201d, explica Willer. \u201cSanta Casa e Hospital Universit\u00e1rio j\u00e1 disponibilizam ortopedista e cirurgi\u00e3o de plant\u00e3o, o que atende a demanda de urg\u00eancia e emerg\u00eancia\u201d, justifica a n\u00e3o continuidade do contrato, a partir de 1\u00bade abril, com o Hospital Aroldo Tourinho, para atendimentos de urg\u00eancia e emerg\u00eancia em ortopedia.<\/p>\n<p>\u201cDesta maneira, a partir de abril, o Hospital Aroldo Tourinho vai manter os servi\u00e7os de urg\u00eancia\/emerg\u00eancia, normalmente, com plant\u00e3o de cl\u00ednica m\u00e9dica e cardiologia conforme a resolu\u00e7\u00e3o n\u00ba 2.607 da Secretaria de Estado de Sa\u00fade. Com isso, o atendimento de ortopedia e cirurgia ficar\u00e1 em atendimento ambulatorial suprindo cirurgias eletivas de ortopedia e cirurgia geral que s\u00e3o demandas reprimidas no munic\u00edpio\u201d, declara o gerente de Urg\u00eancia e Emerg\u00eancia da Secretaria de Sa\u00fade na cidade de Montes Claros.<\/p>\n<p><strong>Vantagens<\/strong><\/p>\n<p>Entre as vantagens\u00a0\u00a0 da mudan\u00e7a ,para a popula\u00e7\u00e3o, pode-se destacar a amplia\u00e7\u00e3o do atendimento ambulatorial que ir\u00e1 garantir o acesso de pacientes que n\u00e3o tinham atendimento, anteriormente. \u201cA altera\u00e7\u00e3o n\u00e3o prejudica o atendimento de urg\u00eancia e emerg\u00eancia que continua na Santa Casa e no Hospital Universit\u00e1rio. A altera\u00e7\u00e3o potencializa os hospitais D\u00edlson de Quadros e Aroldo Tourinho no atendimento de clinica m\u00e9dica no intuito de desafogar a Santa Casa e o Hospital Universit\u00e1rio deixando esses prontos-socorros mais dispon\u00edveis para atendimento de politraumatizados e pacientes cl\u00ednicos de mais gravidade\u201d, explica Frederico Willer.<\/p>\n<p>Os recursos que, antes, custeavam urg\u00eancia e emerg\u00eancia, com verbas dos governos federal e estadual, poder\u00e3o ser empregados na amplia\u00e7\u00e3o da cobertura da aten\u00e7\u00e3o prim\u00e1ria, na amplia\u00e7\u00e3o dos servi\u00e7os prestados no Alpheu de Quadros e na implanta\u00e7\u00e3o do transporte sanit\u00e1rio e transporte da sa\u00fade no munic\u00edpio.<\/p>\n<p><em>Fonte: Prefeitura Montes Claros<\/em><\/p>\n","protected":false},"excerpt":{"rendered":"<p>Empenhada em assegurar um atendimento cada vez melhor \u00e0 popula\u00e7\u00e3o montes-clarense, a Prefeitura de Montes Claros, atrav\u00e9s da Secretaria Municipal de Sa\u00fade, est\u00e1 cobrando dos hospitais da cidade que seja cumprida a Portaria n\u00ba 2607, de 7 de dezembro de 2010, da Secretaria de Estado de Sa\u00fade, que disp\u00f5e, entre outros assuntos, sobre as condi\u00e7\u00f5es [&hellip;]<\/p>\n","protected":false},"author":1,"featured_media":0,"comment_status":"open","ping_status":"open","sticky":false,"template":"","format":"standard","meta":{"footnotes":""},"categories":[6],"tags":[],"class_list":["post-366","post","type-post","status-publish","format-standard","hentry","category-noticias-montes-claros"],"yoast_head":"<!-- This site is optimized with the Yoast SEO plugin v25.9 - https:\/\/yoast.com\/wordpress\/plugins\/seo\/ -->\n<title>Atendimento em Montes Claros seguir\u00e1 resolu\u00e7\u00e3o do Governo de Minas Gerais - Not\u00edcias da Cidade Montes Claros<\/title>\n<meta name=\"robots\" content=\"index, follow, max-snippet:-1, max-image-preview:large, max-video-preview:-1\" \/>\n<link rel=\"canonical\" href=\"https:\/\/www.encontramontesclaros.com.br\/noticias\/atendimento-em-montes-claros-seguira-resolucao-do-governo-de-minas-gerais\/\" \/>\n<meta property=\"og:locale\" content=\"pt_BR\" \/>\n<meta property=\"og:type\" content=\"article\" \/>\n<meta property=\"og:title\" content=\"Atendimento em Montes Claros seguir\u00e1 resolu\u00e7\u00e3o do Governo de Minas Gerais - Not\u00edcias da Cidade Montes Claros\" \/>\n<meta property=\"og:description\" content=\"Empenhada em assegurar um atendimento cada vez melhor \u00e0 popula\u00e7\u00e3o montes-clarense, a Prefeitura de Montes Claros, atrav\u00e9s da Secretaria Municipal de Sa\u00fade, est\u00e1 cobrando dos hospitais da cidade que seja cumprida a Portaria n\u00ba 2607, de 7 de dezembro de 2010, da Secretaria de Estado de Sa\u00fade, que disp\u00f5e, entre outros assuntos, sobre as condi\u00e7\u00f5es [&hellip;]\" \/>\n<meta property=\"og:url\" content=\"https:\/\/www.encontramontesclaros.com.br\/noticias\/atendimento-em-montes-claros-seguira-resolucao-do-governo-de-minas-gerais\/\" \/>\n<meta property=\"og:site_name\" content=\"Not\u00edcias da Cidade Montes Claros\" \/>\n<meta property=\"article:published_time\" content=\"2013-04-04T12:20:45+00:00\" \/>\n<meta property=\"article:modified_time\" content=\"2013-08-19T12:09:22+00:00\" \/>\n<meta name=\"author\" content=\"Encontra Montes Claros\" \/>\n<meta name=\"twitter:card\" content=\"summary_large_image\" \/>\n<meta name=\"twitter:label1\" content=\"Escrito por\" \/>\n\t<meta name=\"twitter:data1\" content=\"Encontra Montes Claros\" \/>\n\t<meta name=\"twitter:label2\" content=\"Est. tempo de leitura\" \/>\n\t<meta name=\"twitter:data2\" content=\"2 minutos\" \/>\n<script type=\"application\/ld+json\" class=\"yoast-schema-graph\">{\"@context\":\"https:\/\/schema.org\",\"@graph\":[{\"@type\":\"WebPage\",\"@id\":\"https:\/\/www.encontramontesclaros.com.br\/noticias\/atendimento-em-montes-claros-seguira-resolucao-do-governo-de-minas-gerais\/\",\"url\":\"https:\/\/www.encontramontesclaros.com.br\/noticias\/atendimento-em-montes-claros-seguira-resolucao-do-governo-de-minas-gerais\/\",\"name\":\"Atendimento em Montes Claros seguir\u00e1 resolu\u00e7\u00e3o do Governo de Minas Gerais - Not\u00edcias da Cidade Montes Claros\",\"isPartOf\":{\"@id\":\"https:\/\/www.encontramontesclaros.com.br\/noticias\/#website\"},\"datePublished\":\"2013-04-04T12:20:45+00:00\",\"dateModified\":\"2013-08-19T12:09:22+00:00\",\"author\":{\"@id\":\"https:\/\/www.encontramontesclaros.com.br\/noticias\/#\/schema\/person\/aee9ea87107989474197d40d1258976d\"},\"breadcrumb\":{\"@id\":\"https:\/\/www.encontramontesclaros.com.br\/noticias\/atendimento-em-montes-claros-seguira-resolucao-do-governo-de-minas-gerais\/#breadcrumb\"},\"inLanguage\":\"pt-BR\",\"potentialAction\":[{\"@type\":\"ReadAction\",\"target\":[\"https:\/\/www.encontramontesclaros.com.br\/noticias\/atendimento-em-montes-claros-seguira-resolucao-do-governo-de-minas-gerais\/\"]}]},{\"@type\":\"BreadcrumbList\",\"@id\":\"https:\/\/www.encontramontesclaros.com.br\/noticias\/atendimento-em-montes-claros-seguira-resolucao-do-governo-de-minas-gerais\/#breadcrumb\",\"itemListElement\":[{\"@type\":\"ListItem\",\"position\":1,\"name\":\"In\u00edcio\",\"item\":\"https:\/\/www.encontramontesclaros.com.br\/noticias\/\"},{\"@type\":\"ListItem\",\"position\":2,\"name\":\"Atendimento em Montes Claros seguir\u00e1 resolu\u00e7\u00e3o do Governo de Minas Gerais\"}]},{\"@type\":\"WebSite\",\"@id\":\"https:\/\/www.encontramontesclaros.com.br\/noticias\/#website\",\"url\":\"https:\/\/www.encontramontesclaros.com.br\/noticias\/\",\"name\":\"Not\u00edcias da Cidade Montes Claros\",\"description\":\"Not\u00edcias, eventos, informa\u00e7\u00f5es e dicas da cidade de Montes Claros e regi\u00e3o\",\"potentialAction\":[{\"@type\":\"SearchAction\",\"target\":{\"@type\":\"EntryPoint\",\"urlTemplate\":\"https:\/\/www.encontramontesclaros.com.br\/noticias\/?s={search_term_string}\"},\"query-input\":{\"@type\":\"PropertyValueSpecification\",\"valueRequired\":true,\"valueName\":\"search_term_string\"}}],\"inLanguage\":\"pt-BR\"},{\"@type\":\"Person\",\"@id\":\"https:\/\/www.encontramontesclaros.com.br\/noticias\/#\/schema\/person\/aee9ea87107989474197d40d1258976d\",\"name\":\"Encontra Montes Claros\",\"image\":{\"@type\":\"ImageObject\",\"inLanguage\":\"pt-BR\",\"@id\":\"https:\/\/www.encontramontesclaros.com.br\/noticias\/#\/schema\/person\/image\/\",\"url\":\"https:\/\/secure.gravatar.com\/avatar\/507340682b8270222e1f208e23198b6ae7e2c6a1033ae84e99bc6bce4f82a387?s=96&d=mm&r=g\",\"contentUrl\":\"https:\/\/secure.gravatar.com\/avatar\/507340682b8270222e1f208e23198b6ae7e2c6a1033ae84e99bc6bce4f82a387?s=96&d=mm&r=g\",\"caption\":\"Encontra Montes Claros\"},\"sameAs\":[\"http:\/\/www.encontramontesclaros.com.br\"],\"url\":\"https:\/\/www.encontramontesclaros.com.br\/noticias\/author\/emontesclaros\/\"}]}<\/script>\n<!-- \/ Yoast SEO plugin. -->","yoast_head_json":{"title":"Atendimento em Montes Claros seguir\u00e1 resolu\u00e7\u00e3o do Governo de Minas Gerais - Not\u00edcias da Cidade Montes Claros","robots":{"index":"index","follow":"follow","max-snippet":"max-snippet:-1","max-image-preview":"max-image-preview:large","max-video-preview":"max-video-preview:-1"},"canonical":"https:\/\/www.encontramontesclaros.com.br\/noticias\/atendimento-em-montes-claros-seguira-resolucao-do-governo-de-minas-gerais\/","og_locale":"pt_BR","og_type":"article","og_title":"Atendimento em Montes Claros seguir\u00e1 resolu\u00e7\u00e3o do Governo de Minas Gerais - Not\u00edcias da Cidade Montes Claros","og_description":"Empenhada em assegurar um atendimento cada vez melhor \u00e0 popula\u00e7\u00e3o montes-clarense, a Prefeitura de Montes Claros, atrav\u00e9s da Secretaria Municipal de Sa\u00fade, est\u00e1 cobrando dos hospitais da cidade que seja cumprida a Portaria n\u00ba 2607, de 7 de dezembro de 2010, da Secretaria de Estado de Sa\u00fade, que disp\u00f5e, entre outros assuntos, sobre as condi\u00e7\u00f5es [&hellip;]","og_url":"https:\/\/www.encontramontesclaros.com.br\/noticias\/atendimento-em-montes-claros-seguira-resolucao-do-governo-de-minas-gerais\/","og_site_name":"Not\u00edcias da Cidade Montes Claros","article_published_time":"2013-04-04T12:20:45+00:00","article_modified_time":"2013-08-19T12:09:22+00:00","author":"Encontra Montes Claros","twitter_card":"summary_large_image","twitter_misc":{"Escrito por":"Encontra Montes Claros","Est. tempo de leitura":"2 minutos"},"schema":{"@context":"https:\/\/schema.org","@graph":[{"@type":"WebPage","@id":"https:\/\/www.encontramontesclaros.com.br\/noticias\/atendimento-em-montes-claros-seguira-resolucao-do-governo-de-minas-gerais\/","url":"https:\/\/www.encontramontesclaros.com.br\/noticias\/atendimento-em-montes-claros-seguira-resolucao-do-governo-de-minas-gerais\/","name":"Atendimento em Montes Claros seguir\u00e1 resolu\u00e7\u00e3o do Governo de Minas Gerais - Not\u00edcias da Cidade Montes Claros","isPartOf":{"@id":"https:\/\/www.encontramontesclaros.com.br\/noticias\/#website"},"datePublished":"2013-04-04T12:20:45+00:00","dateModified":"2013-08-19T12:09:22+00:00","author":{"@id":"https:\/\/www.encontramontesclaros.com.br\/noticias\/#\/schema\/person\/aee9ea87107989474197d40d1258976d"},"breadcrumb":{"@id":"https:\/\/www.encontramontesclaros.com.br\/noticias\/atendimento-em-montes-claros-seguira-resolucao-do-governo-de-minas-gerais\/#breadcrumb"},"inLanguage":"pt-BR","potentialAction":[{"@type":"ReadAction","target":["https:\/\/www.encontramontesclaros.com.br\/noticias\/atendimento-em-montes-claros-seguira-resolucao-do-governo-de-minas-gerais\/"]}]},{"@type":"BreadcrumbList","@id":"https:\/\/www.encontramontesclaros.com.br\/noticias\/atendimento-em-montes-claros-seguira-resolucao-do-governo-de-minas-gerais\/#breadcrumb","itemListElement":[{"@type":"ListItem","position":1,"name":"In\u00edcio","item":"https:\/\/www.encontramontesclaros.com.br\/noticias\/"},{"@type":"ListItem","position":2,"name":"Atendimento em Montes Claros seguir\u00e1 resolu\u00e7\u00e3o do Governo de Minas Gerais"}]},{"@type":"WebSite","@id":"https:\/\/www.encontramontesclaros.com.br\/noticias\/#website","url":"https:\/\/www.encontramontesclaros.com.br\/noticias\/","name":"Not\u00edcias da Cidade Montes Claros","description":"Not\u00edcias, eventos, informa\u00e7\u00f5es e dicas da cidade de Montes Claros e regi\u00e3o","potentialAction":[{"@type":"SearchAction","target":{"@type":"EntryPoint","urlTemplate":"https:\/\/www.encontramontesclaros.com.br\/noticias\/?s={search_term_string}"},"query-input":{"@type":"PropertyValueSpecification","valueRequired":true,"valueName":"search_term_string"}}],"inLanguage":"pt-BR"},{"@type":"Person","@id":"https:\/\/www.encontramontesclaros.com.br\/noticias\/#\/schema\/person\/aee9ea87107989474197d40d1258976d","name":"Encontra Montes Claros","image":{"@type":"ImageObject","inLanguage":"pt-BR","@id":"https:\/\/www.encontramontesclaros.com.br\/noticias\/#\/schema\/person\/image\/","url":"https:\/\/secure.gravatar.com\/avatar\/507340682b8270222e1f208e23198b6ae7e2c6a1033ae84e99bc6bce4f82a387?s=96&d=mm&r=g","contentUrl":"https:\/\/secure.gravatar.com\/avatar\/507340682b8270222e1f208e23198b6ae7e2c6a1033ae84e99bc6bce4f82a387?s=96&d=mm&r=g","caption":"Encontra Montes Claros"},"sameAs":["http:\/\/www.encontramontesclaros.com.br"],"url":"https:\/\/www.encontramontesclaros.com.br\/noticias\/author\/emontesclaros\/"}]}},"_links":{"self":[{"href":"https:\/\/www.encontramontesclaros.com.br\/noticias\/wp-json\/wp\/v2\/posts\/366","targetHints":{"allow":["GET"]}}],"collection":[{"href":"https:\/\/www.encontramontesclaros.com.br\/noticias\/wp-json\/wp\/v2\/posts"}],"about":[{"href":"https:\/\/www.encontramontesclaros.com.br\/noticias\/wp-json\/wp\/v2\/types\/post"}],"author":[{"embeddable":true,"href":"https:\/\/www.encontramontesclaros.com.br\/noticias\/wp-json\/wp\/v2\/users\/1"}],"replies":[{"embeddable":true,"href":"https:\/\/www.encontramontesclaros.com.br\/noticias\/wp-json\/wp\/v2\/comments?post=366"}],"version-history":[{"count":3,"href":"https:\/\/www.encontramontesclaros.com.br\/noticias\/wp-json\/wp\/v2\/posts\/366\/revisions"}],"predecessor-version":[{"id":368,"href":"https:\/\/www.encontramontesclaros.com.br\/noticias\/wp-json\/wp\/v2\/posts\/366\/revisions\/368"}],"wp:attachment":[{"href":"https:\/\/www.encontramontesclaros.com.br\/noticias\/wp-json\/wp\/v2\/media?parent=366"}],"wp:term":[{"taxonomy":"category","embeddable":true,"href":"https:\/\/www.encontramontesclaros.com.br\/noticias\/wp-json\/wp\/v2\/categories?post=366"},{"taxonomy":"post_tag","embeddable":true,"href":"https:\/\/www.encontramontesclaros.com.br\/noticias\/wp-json\/wp\/v2\/tags?post=366"}],"curies":[{"name":"wp","href":"https:\/\/api.w.org\/{rel}","templated":true}]}}