{"id":364,"date":"2013-04-04T12:17:35","date_gmt":"2013-04-04T12:17:35","guid":{"rendered":"http:\/\/www.encontramontesclaros.com.br\/noticias\/?p=364"},"modified":"2013-08-19T12:09:22","modified_gmt":"2013-08-19T12:09:22","slug":"ccz-apresenta-relatorio-de-acoes-em-montes-claros","status":"publish","type":"post","link":"https:\/\/www.encontramontesclaros.com.br\/noticias\/ccz-apresenta-relatorio-de-acoes-em-montes-claros\/","title":{"rendered":"CCZ apresenta relat\u00f3rio de a\u00e7\u00f5es em Montes Claros"},"content":{"rendered":"<p>O Centro de Controle de Zoonoses de Montes Claros \u00e9 um \u00f3rg\u00e3o da Secretaria Municipal de Sa\u00fade na cidade de Montes Claros e tem como responsabilidade o controle das doen\u00e7as transmitidas por animais. Entre os dias 2 e 4 de janeiro deste ano, o CCZ realizou o LIRAa (Levantamento R\u00e1pido do \u00cdndice de Infesta\u00e7\u00e3o por Aedes aegypt) no munic\u00edpio, indicando um \u00edndice de infesta\u00e7\u00e3o de 4%, o que equivale a dizer que em cada 100 im\u00f3veis pesquisados, em quatro foram encontrados criadouros do mosquito. Segundo a classifica\u00e7\u00e3o do Minist\u00e9rio da Sa\u00fade, o n\u00famero indica alto risco de transmiss\u00e3o da dengue.<\/p>\n<p>Diante deste quadro, foram planejadas e implantadas a\u00e7\u00f5es para que a dengue pudesse ser combatida de forma efetiva na cidade. Uma das a\u00e7\u00f5es foi a realiza\u00e7\u00e3o de mutir\u00f5es para promover a limpeza de lotes vagos no munic\u00edpio. Inicialmente os mutir\u00f5es foram realizados nos bairros Renascen\u00e7a, Alice Maia, Tancredo Neves, Vila Tiradentes, Santa Cec\u00edlia, Vila Exposi\u00e7\u00e3o, Vila Regina e Alto S\u00e3o Jo\u00e3o. Nestes locais, foram recolhidos 2.232 toneladas de res\u00edduos s\u00f3lidos.<\/p>\n<p>Posteriormente, foram criados os Dias D de Combate \u00e0 Dengue, um trabalho que envolve, al\u00e9m do recolhimento intensivo de lixo e entulho, a conscientiza\u00e7\u00e3o da popula\u00e7\u00e3o, atrav\u00e9s de um trabalho educativo em regi\u00f5es do munic\u00edpio que apresentaram \u00edndices altos de infesta\u00e7\u00e3o do mosquito.<\/p>\n<p>O primeiro Dia D aconteceu na regi\u00e3o do Grande Major Prates, no dia 3 de fevereiro. Nesta a\u00e7\u00e3o, foram recolhidas 1.734 toneladas de material, entre lixo e entulho.<\/p>\n<p>O segundo Dia D aconteceu em 24 de fevereiro, no Grande Maracan\u00e3. Na regi\u00e3o, foram recolhidas 428 toneladas de res\u00edduos.<\/p>\n<p>O Dia D mais recente ocorreu em 24 de mar\u00e7o, na regi\u00e3o dos bairros S\u00e3o Judas, Cintra e Morrinhos. Na a\u00e7\u00e3o foram recolhidas 1.214 toneladas de material.<\/p>\n<p>Al\u00e9m da realiza\u00e7\u00e3o dos mutir\u00f5es e dos Dias D de Combate \u00e0 Dengue, o Centro de Controle de Zoonoses continuou seu trabalho di\u00e1rio de visita\u00e7\u00e3o das casas, elimina\u00e7\u00e3o de focos do mosquito e aplica\u00e7\u00e3o do UBV (Fumac\u00ea). De janeiro a mar\u00e7o deste ano, foram realizadas 145.326 visitas domiciliares, 4.800 focos do mosquito foram eliminados, 21.300 pneus foram recolhidos e o Fumac\u00ea atendeu a 175 bairros. No mesmo per\u00edodo, o Disque Dengue (0800-283-3330) recebeu mais de 3 mil liga\u00e7\u00f5es.<\/p>\n<p>O segundo LIRAa do ano, realizado entre 18 e 20 de mar\u00e7o, mostrou que este conjunto de a\u00e7\u00f5es trouxe resultados positivos para o munic\u00edpio. O \u00edndice de infesta\u00e7\u00e3o mais recente ficou em 1,8%, o que significa que o munic\u00edpio passou de uma situa\u00e7\u00e3o de alto para m\u00e9dio risco de transmiss\u00e3o da doen\u00e7a. Assim, embora a situa\u00e7\u00e3o no munic\u00edpio tenha evolu\u00eddo, o combate \u00e0 dengue precisa continuar, e para isso a <a title=\"Prefeitura de Montes Claros\" href=\"http:\/\/www.encontramontesclaros.com.br\/montes-claros\/prefeitura-municipal-de-montes-claros.shtml\" target=\"_blank\">Prefeitura de Montes Claros<\/a> conta com a colabora\u00e7\u00e3o da popula\u00e7\u00e3o. Afinal, 90% dos focos do mosquito s\u00e3o encontrados dentro das resid\u00eancias, e a participa\u00e7\u00e3o de todos \u00e9 fundamental para afastar o risco de epidemia.<\/p>\n<p><strong>MURI\u00c7OCA<\/strong> \u2013 Entre as a\u00e7\u00f5es do CCZ tamb\u00e9m est\u00e1 o combate \u00e0s muri\u00e7ocas ou pernilongos. Nos primeiros tr\u00eas meses do ano foram gastos cerca de 75 litros de bioinseticidas e 240 litros de \u00f3leo vegetal para o exterm\u00ednio destes insetos, al\u00e9m da realiza\u00e7\u00e3o de 603 a\u00e7\u00f5es de manejo ambiental nos c\u00f3rregos do munic\u00edpio. O trabalho atendeu a 35 bairros.<\/p>\n<p><strong>CALAZAR<\/strong> \u2013 Para o controle da leishmaniose visceral (calazar), foram realizados 1.735 exames de sangue este ano. Os exames deram resultado positivo para 331 animais, que foram sacrificados. Al\u00e9m destes, mais 183 bichos foram submetidos \u00e0 eutan\u00e1sia, com outras doen\u00e7as. As duas carrocinhas municipais apreenderam 83 animais em vias p\u00fablicas. Destes, 14 foram resgatados pelos donos, seis foram doados, 33 foram devolvidos para a rua e 30 foram sacrificados, por motivo de doen\u00e7a. O CCZ tamb\u00e9m realizou a vacina\u00e7\u00e3o de 96 animais contra a raiva.<\/p>\n<p><strong>ESQUISTOSSOMOSE<\/strong> \u2013 No per\u00edodo de janeiro a mar\u00e7o, 110 pessoas fizeram exame para detectar a presen\u00e7a de esquistossomose (doen\u00e7a parasit\u00e1ria, transmitida por caramujos que vivem na \u00e1gua doce), e 430 comprimidos para o tratamento da doen\u00e7a foram distribu\u00eddos.<\/p>\n<p><em>Fonte: Prefeitura Montes Claros<\/em><\/p>\n","protected":false},"excerpt":{"rendered":"<p>O Centro de Controle de Zoonoses de Montes Claros \u00e9 um \u00f3rg\u00e3o da Secretaria Municipal de Sa\u00fade na cidade de Montes Claros e tem como responsabilidade o controle das doen\u00e7as transmitidas por animais. Entre os dias 2 e 4 de janeiro deste ano, o CCZ realizou o LIRAa (Levantamento R\u00e1pido do \u00cdndice de Infesta\u00e7\u00e3o por [&hellip;]<\/p>\n","protected":false},"author":1,"featured_media":0,"comment_status":"open","ping_status":"open","sticky":false,"template":"","format":"standard","meta":{"footnotes":""},"categories":[6],"tags":[],"class_list":["post-364","post","type-post","status-publish","format-standard","hentry","category-noticias-montes-claros"],"yoast_head":"<!-- This site is optimized with the Yoast SEO plugin v25.9 - https:\/\/yoast.com\/wordpress\/plugins\/seo\/ -->\n<title>CCZ apresenta relat\u00f3rio de a\u00e7\u00f5es em Montes Claros - Not\u00edcias da Cidade Montes Claros<\/title>\n<meta name=\"robots\" content=\"index, follow, max-snippet:-1, max-image-preview:large, max-video-preview:-1\" \/>\n<link rel=\"canonical\" href=\"https:\/\/www.encontramontesclaros.com.br\/noticias\/ccz-apresenta-relatorio-de-acoes-em-montes-claros\/\" \/>\n<meta property=\"og:locale\" content=\"pt_BR\" \/>\n<meta property=\"og:type\" content=\"article\" \/>\n<meta property=\"og:title\" content=\"CCZ apresenta relat\u00f3rio de a\u00e7\u00f5es em Montes Claros - Not\u00edcias da Cidade Montes Claros\" \/>\n<meta property=\"og:description\" content=\"O Centro de Controle de Zoonoses de Montes Claros \u00e9 um \u00f3rg\u00e3o da Secretaria Municipal de Sa\u00fade na cidade de Montes Claros e tem como responsabilidade o controle das doen\u00e7as transmitidas por animais. Entre os dias 2 e 4 de janeiro deste ano, o CCZ realizou o LIRAa (Levantamento R\u00e1pido do \u00cdndice de Infesta\u00e7\u00e3o por [&hellip;]\" \/>\n<meta property=\"og:url\" content=\"https:\/\/www.encontramontesclaros.com.br\/noticias\/ccz-apresenta-relatorio-de-acoes-em-montes-claros\/\" \/>\n<meta property=\"og:site_name\" content=\"Not\u00edcias da Cidade Montes Claros\" \/>\n<meta property=\"article:published_time\" content=\"2013-04-04T12:17:35+00:00\" \/>\n<meta property=\"article:modified_time\" content=\"2013-08-19T12:09:22+00:00\" \/>\n<meta name=\"author\" content=\"Encontra Montes Claros\" \/>\n<meta name=\"twitter:card\" content=\"summary_large_image\" \/>\n<meta name=\"twitter:label1\" content=\"Escrito por\" \/>\n\t<meta name=\"twitter:data1\" content=\"Encontra Montes Claros\" \/>\n\t<meta name=\"twitter:label2\" content=\"Est. tempo de leitura\" \/>\n\t<meta name=\"twitter:data2\" content=\"4 minutos\" \/>\n<script type=\"application\/ld+json\" class=\"yoast-schema-graph\">{\"@context\":\"https:\/\/schema.org\",\"@graph\":[{\"@type\":\"WebPage\",\"@id\":\"https:\/\/www.encontramontesclaros.com.br\/noticias\/ccz-apresenta-relatorio-de-acoes-em-montes-claros\/\",\"url\":\"https:\/\/www.encontramontesclaros.com.br\/noticias\/ccz-apresenta-relatorio-de-acoes-em-montes-claros\/\",\"name\":\"CCZ apresenta relat\u00f3rio de a\u00e7\u00f5es em Montes Claros - Not\u00edcias da Cidade Montes Claros\",\"isPartOf\":{\"@id\":\"https:\/\/www.encontramontesclaros.com.br\/noticias\/#website\"},\"datePublished\":\"2013-04-04T12:17:35+00:00\",\"dateModified\":\"2013-08-19T12:09:22+00:00\",\"author\":{\"@id\":\"https:\/\/www.encontramontesclaros.com.br\/noticias\/#\/schema\/person\/aee9ea87107989474197d40d1258976d\"},\"breadcrumb\":{\"@id\":\"https:\/\/www.encontramontesclaros.com.br\/noticias\/ccz-apresenta-relatorio-de-acoes-em-montes-claros\/#breadcrumb\"},\"inLanguage\":\"pt-BR\",\"potentialAction\":[{\"@type\":\"ReadAction\",\"target\":[\"https:\/\/www.encontramontesclaros.com.br\/noticias\/ccz-apresenta-relatorio-de-acoes-em-montes-claros\/\"]}]},{\"@type\":\"BreadcrumbList\",\"@id\":\"https:\/\/www.encontramontesclaros.com.br\/noticias\/ccz-apresenta-relatorio-de-acoes-em-montes-claros\/#breadcrumb\",\"itemListElement\":[{\"@type\":\"ListItem\",\"position\":1,\"name\":\"In\u00edcio\",\"item\":\"https:\/\/www.encontramontesclaros.com.br\/noticias\/\"},{\"@type\":\"ListItem\",\"position\":2,\"name\":\"CCZ apresenta relat\u00f3rio de a\u00e7\u00f5es em Montes Claros\"}]},{\"@type\":\"WebSite\",\"@id\":\"https:\/\/www.encontramontesclaros.com.br\/noticias\/#website\",\"url\":\"https:\/\/www.encontramontesclaros.com.br\/noticias\/\",\"name\":\"Not\u00edcias da Cidade Montes Claros\",\"description\":\"Not\u00edcias, eventos, informa\u00e7\u00f5es e dicas da cidade de Montes Claros e regi\u00e3o\",\"potentialAction\":[{\"@type\":\"SearchAction\",\"target\":{\"@type\":\"EntryPoint\",\"urlTemplate\":\"https:\/\/www.encontramontesclaros.com.br\/noticias\/?s={search_term_string}\"},\"query-input\":{\"@type\":\"PropertyValueSpecification\",\"valueRequired\":true,\"valueName\":\"search_term_string\"}}],\"inLanguage\":\"pt-BR\"},{\"@type\":\"Person\",\"@id\":\"https:\/\/www.encontramontesclaros.com.br\/noticias\/#\/schema\/person\/aee9ea87107989474197d40d1258976d\",\"name\":\"Encontra Montes Claros\",\"image\":{\"@type\":\"ImageObject\",\"inLanguage\":\"pt-BR\",\"@id\":\"https:\/\/www.encontramontesclaros.com.br\/noticias\/#\/schema\/person\/image\/\",\"url\":\"https:\/\/secure.gravatar.com\/avatar\/507340682b8270222e1f208e23198b6ae7e2c6a1033ae84e99bc6bce4f82a387?s=96&d=mm&r=g\",\"contentUrl\":\"https:\/\/secure.gravatar.com\/avatar\/507340682b8270222e1f208e23198b6ae7e2c6a1033ae84e99bc6bce4f82a387?s=96&d=mm&r=g\",\"caption\":\"Encontra Montes Claros\"},\"sameAs\":[\"http:\/\/www.encontramontesclaros.com.br\"],\"url\":\"https:\/\/www.encontramontesclaros.com.br\/noticias\/author\/emontesclaros\/\"}]}<\/script>\n<!-- \/ Yoast SEO plugin. -->","yoast_head_json":{"title":"CCZ apresenta relat\u00f3rio de a\u00e7\u00f5es em Montes Claros - Not\u00edcias da Cidade Montes Claros","robots":{"index":"index","follow":"follow","max-snippet":"max-snippet:-1","max-image-preview":"max-image-preview:large","max-video-preview":"max-video-preview:-1"},"canonical":"https:\/\/www.encontramontesclaros.com.br\/noticias\/ccz-apresenta-relatorio-de-acoes-em-montes-claros\/","og_locale":"pt_BR","og_type":"article","og_title":"CCZ apresenta relat\u00f3rio de a\u00e7\u00f5es em Montes Claros - Not\u00edcias da Cidade Montes Claros","og_description":"O Centro de Controle de Zoonoses de Montes Claros \u00e9 um \u00f3rg\u00e3o da Secretaria Municipal de Sa\u00fade na cidade de Montes Claros e tem como responsabilidade o controle das doen\u00e7as transmitidas por animais. Entre os dias 2 e 4 de janeiro deste ano, o CCZ realizou o LIRAa (Levantamento R\u00e1pido do \u00cdndice de Infesta\u00e7\u00e3o por [&hellip;]","og_url":"https:\/\/www.encontramontesclaros.com.br\/noticias\/ccz-apresenta-relatorio-de-acoes-em-montes-claros\/","og_site_name":"Not\u00edcias da Cidade Montes Claros","article_published_time":"2013-04-04T12:17:35+00:00","article_modified_time":"2013-08-19T12:09:22+00:00","author":"Encontra Montes Claros","twitter_card":"summary_large_image","twitter_misc":{"Escrito por":"Encontra Montes Claros","Est. tempo de leitura":"4 minutos"},"schema":{"@context":"https:\/\/schema.org","@graph":[{"@type":"WebPage","@id":"https:\/\/www.encontramontesclaros.com.br\/noticias\/ccz-apresenta-relatorio-de-acoes-em-montes-claros\/","url":"https:\/\/www.encontramontesclaros.com.br\/noticias\/ccz-apresenta-relatorio-de-acoes-em-montes-claros\/","name":"CCZ apresenta relat\u00f3rio de a\u00e7\u00f5es em Montes Claros - Not\u00edcias da Cidade Montes Claros","isPartOf":{"@id":"https:\/\/www.encontramontesclaros.com.br\/noticias\/#website"},"datePublished":"2013-04-04T12:17:35+00:00","dateModified":"2013-08-19T12:09:22+00:00","author":{"@id":"https:\/\/www.encontramontesclaros.com.br\/noticias\/#\/schema\/person\/aee9ea87107989474197d40d1258976d"},"breadcrumb":{"@id":"https:\/\/www.encontramontesclaros.com.br\/noticias\/ccz-apresenta-relatorio-de-acoes-em-montes-claros\/#breadcrumb"},"inLanguage":"pt-BR","potentialAction":[{"@type":"ReadAction","target":["https:\/\/www.encontramontesclaros.com.br\/noticias\/ccz-apresenta-relatorio-de-acoes-em-montes-claros\/"]}]},{"@type":"BreadcrumbList","@id":"https:\/\/www.encontramontesclaros.com.br\/noticias\/ccz-apresenta-relatorio-de-acoes-em-montes-claros\/#breadcrumb","itemListElement":[{"@type":"ListItem","position":1,"name":"In\u00edcio","item":"https:\/\/www.encontramontesclaros.com.br\/noticias\/"},{"@type":"ListItem","position":2,"name":"CCZ apresenta relat\u00f3rio de a\u00e7\u00f5es em Montes Claros"}]},{"@type":"WebSite","@id":"https:\/\/www.encontramontesclaros.com.br\/noticias\/#website","url":"https:\/\/www.encontramontesclaros.com.br\/noticias\/","name":"Not\u00edcias da Cidade Montes Claros","description":"Not\u00edcias, eventos, informa\u00e7\u00f5es e dicas da cidade de Montes Claros e regi\u00e3o","potentialAction":[{"@type":"SearchAction","target":{"@type":"EntryPoint","urlTemplate":"https:\/\/www.encontramontesclaros.com.br\/noticias\/?s={search_term_string}"},"query-input":{"@type":"PropertyValueSpecification","valueRequired":true,"valueName":"search_term_string"}}],"inLanguage":"pt-BR"},{"@type":"Person","@id":"https:\/\/www.encontramontesclaros.com.br\/noticias\/#\/schema\/person\/aee9ea87107989474197d40d1258976d","name":"Encontra Montes Claros","image":{"@type":"ImageObject","inLanguage":"pt-BR","@id":"https:\/\/www.encontramontesclaros.com.br\/noticias\/#\/schema\/person\/image\/","url":"https:\/\/secure.gravatar.com\/avatar\/507340682b8270222e1f208e23198b6ae7e2c6a1033ae84e99bc6bce4f82a387?s=96&d=mm&r=g","contentUrl":"https:\/\/secure.gravatar.com\/avatar\/507340682b8270222e1f208e23198b6ae7e2c6a1033ae84e99bc6bce4f82a387?s=96&d=mm&r=g","caption":"Encontra Montes Claros"},"sameAs":["http:\/\/www.encontramontesclaros.com.br"],"url":"https:\/\/www.encontramontesclaros.com.br\/noticias\/author\/emontesclaros\/"}]}},"_links":{"self":[{"href":"https:\/\/www.encontramontesclaros.com.br\/noticias\/wp-json\/wp\/v2\/posts\/364","targetHints":{"allow":["GET"]}}],"collection":[{"href":"https:\/\/www.encontramontesclaros.com.br\/noticias\/wp-json\/wp\/v2\/posts"}],"about":[{"href":"https:\/\/www.encontramontesclaros.com.br\/noticias\/wp-json\/wp\/v2\/types\/post"}],"author":[{"embeddable":true,"href":"https:\/\/www.encontramontesclaros.com.br\/noticias\/wp-json\/wp\/v2\/users\/1"}],"replies":[{"embeddable":true,"href":"https:\/\/www.encontramontesclaros.com.br\/noticias\/wp-json\/wp\/v2\/comments?post=364"}],"version-history":[{"count":2,"href":"https:\/\/www.encontramontesclaros.com.br\/noticias\/wp-json\/wp\/v2\/posts\/364\/revisions"}],"predecessor-version":[{"id":617,"href":"https:\/\/www.encontramontesclaros.com.br\/noticias\/wp-json\/wp\/v2\/posts\/364\/revisions\/617"}],"wp:attachment":[{"href":"https:\/\/www.encontramontesclaros.com.br\/noticias\/wp-json\/wp\/v2\/media?parent=364"}],"wp:term":[{"taxonomy":"category","embeddable":true,"href":"https:\/\/www.encontramontesclaros.com.br\/noticias\/wp-json\/wp\/v2\/categories?post=364"},{"taxonomy":"post_tag","embeddable":true,"href":"https:\/\/www.encontramontesclaros.com.br\/noticias\/wp-json\/wp\/v2\/tags?post=364"}],"curies":[{"name":"wp","href":"https:\/\/api.w.org\/{rel}","templated":true}]}}