{"id":362,"date":"2013-04-04T12:13:51","date_gmt":"2013-04-04T12:13:51","guid":{"rendered":"http:\/\/www.encontramontesclaros.com.br\/noticias\/?p=362"},"modified":"2013-08-19T12:09:22","modified_gmt":"2013-08-19T12:09:22","slug":"policia-apura-causas-de-incendio-em-lanchonete-de-montes-claros","status":"publish","type":"post","link":"https:\/\/www.encontramontesclaros.com.br\/noticias\/policia-apura-causas-de-incendio-em-lanchonete-de-montes-claros\/","title":{"rendered":"Pol\u00edcia apura causas de inc\u00eandio em lanchonete de Montes Claros"},"content":{"rendered":"<p>A per\u00edcia da Pol\u00edcia Civil vai apontar causas do inc\u00eandio em uma lanchonete que provocou p\u00e2nico e correria, em Montes Claros (Norte de Minas) no fim de semana. O fogo, que foi provocado pela explos\u00e3o de um botij\u00e3o de g\u00e1s, aconteceu no estabelecimento \u201cFabr\u00edcio Lanches\u201d (localizado no Bairro Doutor Jo\u00e3o Alves), que estava lotado na hora. Apesar do susto e correria, ningu\u00e9m se feriu. A lanchonete foi totalmente destru\u00edda pelo fogo, na noite de s\u00e1bado. Os bombeiros gastaram cerca de 30 minutos para controlar o inc\u00eandio.<\/p>\n<p>A explos\u00e3o do botij\u00e3o assustou n\u00e3o somente os clientes que estavam no local, mas tamb\u00e9m os vizinhos da lanchonete na cidade de Montes Claros. A auxiliar de educa\u00e7\u00e3o Helena Alkimin mora a 300 metros da lanchonete e conta que, quando ouviu a explos\u00e3o do botija de g\u00e1s, chegou a pensar que seria mais um dos frequentes tremores de terra que v\u00eam sendo registrados na cidade. \u201cOuvi uma explos\u00e3o forte. A\u00ed, pensei: \u201cser\u00e1 que \u00e9 mais um terremoto?\u201d, descreve Helena, que, imediatamente, saiu para porta de sua casa para verificar o que estava acontecendo. \u201cPouco depois, os bombeiros chegaram e conseguiram apagar o fogo\u201d, acrescenta a moradora.<\/p>\n<p>O trabalho dos bombeiros foi acompanhado por centenas de curiosos, que se concentraram em frente a lanchonete, localizada numa avenida movimentada do bairro Doutor Jo\u00e3o Alves. As chamas chegaram atingir at\u00e9 o telhado do estabelecimento.<\/p>\n<p>Conforme nota do Corpo de Bombeiros, o propriet\u00e1rio da lanchonete informou as labaredas mais altas foram originarias de um fog\u00e3o industrial. Houve vazamento no sistema de mangueiras do referido fog\u00e3o. Com isso, as chamas se espalharam rapidamente. Apesar disso, n\u00e3o foi registrado nenhum caso de intoxica\u00e7\u00e3o, sem que ningu\u00e9m necessitou de atendimento m\u00e9dico, informou o Corpo de Bombeiros. Por precau\u00e7\u00e3o, os bombeiros isolaram a \u00e1rea, recomendando que ningu\u00e9m entrasse no local antes da vistoria de um engenheiro para verificar os danos estruturais da edifica\u00e7\u00e3o.<\/p>\n<p>O estabelecimento \u2013 que vendia basicamente sandu\u00edches e outros lanches r\u00e1pidos &#8211; tinha sido inaugurada h\u00e1 menos de seis meses. No momento do inc\u00eandio, por ser s\u00e1bado \u00e0 noite, o movimento no local era maior.<\/p>\n<p>Na lanchonete, praticamente tudo foi destru\u00eddo pelo inc\u00eandio: fog\u00f5es, mesas e cadeiras pl\u00e1sticas, refrigeradores e congeladores. Na manh\u00e3 deste domingo, o propriet\u00e1rio da lanchonete, identificado como apenas como Fabr\u00edcio, esteve no local, onde fez um trabalho de limpeza para recolher o entulho.<\/p>\n<p><em>Fonte: Portal Em<\/em><\/p>\n","protected":false},"excerpt":{"rendered":"<p>A per\u00edcia da Pol\u00edcia Civil vai apontar causas do inc\u00eandio em uma lanchonete que provocou p\u00e2nico e correria, em Montes Claros (Norte de Minas) no fim de semana. O fogo, que foi provocado pela explos\u00e3o de um botij\u00e3o de g\u00e1s, aconteceu no estabelecimento \u201cFabr\u00edcio Lanches\u201d (localizado no Bairro Doutor Jo\u00e3o Alves), que estava lotado na [&hellip;]<\/p>\n","protected":false},"author":1,"featured_media":0,"comment_status":"open","ping_status":"open","sticky":false,"template":"","format":"standard","meta":{"footnotes":""},"categories":[6],"tags":[],"class_list":["post-362","post","type-post","status-publish","format-standard","hentry","category-noticias-montes-claros"],"yoast_head":"<!-- This site is optimized with the Yoast SEO plugin v25.9 - https:\/\/yoast.com\/wordpress\/plugins\/seo\/ -->\n<title>Pol\u00edcia apura causas de inc\u00eandio em lanchonete de Montes Claros - Not\u00edcias da Cidade Montes Claros<\/title>\n<meta name=\"robots\" content=\"index, follow, max-snippet:-1, max-image-preview:large, max-video-preview:-1\" \/>\n<link rel=\"canonical\" href=\"https:\/\/www.encontramontesclaros.com.br\/noticias\/policia-apura-causas-de-incendio-em-lanchonete-de-montes-claros\/\" \/>\n<meta property=\"og:locale\" content=\"pt_BR\" \/>\n<meta property=\"og:type\" content=\"article\" \/>\n<meta property=\"og:title\" content=\"Pol\u00edcia apura causas de inc\u00eandio em lanchonete de Montes Claros - Not\u00edcias da Cidade Montes Claros\" \/>\n<meta property=\"og:description\" content=\"A per\u00edcia da Pol\u00edcia Civil vai apontar causas do inc\u00eandio em uma lanchonete que provocou p\u00e2nico e correria, em Montes Claros (Norte de Minas) no fim de semana. O fogo, que foi provocado pela explos\u00e3o de um botij\u00e3o de g\u00e1s, aconteceu no estabelecimento \u201cFabr\u00edcio Lanches\u201d (localizado no Bairro Doutor Jo\u00e3o Alves), que estava lotado na [&hellip;]\" \/>\n<meta property=\"og:url\" content=\"https:\/\/www.encontramontesclaros.com.br\/noticias\/policia-apura-causas-de-incendio-em-lanchonete-de-montes-claros\/\" \/>\n<meta property=\"og:site_name\" content=\"Not\u00edcias da Cidade Montes Claros\" \/>\n<meta property=\"article:published_time\" content=\"2013-04-04T12:13:51+00:00\" \/>\n<meta property=\"article:modified_time\" content=\"2013-08-19T12:09:22+00:00\" \/>\n<meta name=\"author\" content=\"Encontra Montes Claros\" \/>\n<meta name=\"twitter:card\" content=\"summary_large_image\" \/>\n<meta name=\"twitter:label1\" content=\"Escrito por\" \/>\n\t<meta name=\"twitter:data1\" content=\"Encontra Montes Claros\" \/>\n\t<meta name=\"twitter:label2\" content=\"Est. tempo de leitura\" \/>\n\t<meta name=\"twitter:data2\" content=\"2 minutos\" \/>\n<script type=\"application\/ld+json\" class=\"yoast-schema-graph\">{\"@context\":\"https:\/\/schema.org\",\"@graph\":[{\"@type\":\"WebPage\",\"@id\":\"https:\/\/www.encontramontesclaros.com.br\/noticias\/policia-apura-causas-de-incendio-em-lanchonete-de-montes-claros\/\",\"url\":\"https:\/\/www.encontramontesclaros.com.br\/noticias\/policia-apura-causas-de-incendio-em-lanchonete-de-montes-claros\/\",\"name\":\"Pol\u00edcia apura causas de inc\u00eandio em lanchonete de Montes Claros - Not\u00edcias da Cidade Montes Claros\",\"isPartOf\":{\"@id\":\"https:\/\/www.encontramontesclaros.com.br\/noticias\/#website\"},\"datePublished\":\"2013-04-04T12:13:51+00:00\",\"dateModified\":\"2013-08-19T12:09:22+00:00\",\"author\":{\"@id\":\"https:\/\/www.encontramontesclaros.com.br\/noticias\/#\/schema\/person\/aee9ea87107989474197d40d1258976d\"},\"breadcrumb\":{\"@id\":\"https:\/\/www.encontramontesclaros.com.br\/noticias\/policia-apura-causas-de-incendio-em-lanchonete-de-montes-claros\/#breadcrumb\"},\"inLanguage\":\"pt-BR\",\"potentialAction\":[{\"@type\":\"ReadAction\",\"target\":[\"https:\/\/www.encontramontesclaros.com.br\/noticias\/policia-apura-causas-de-incendio-em-lanchonete-de-montes-claros\/\"]}]},{\"@type\":\"BreadcrumbList\",\"@id\":\"https:\/\/www.encontramontesclaros.com.br\/noticias\/policia-apura-causas-de-incendio-em-lanchonete-de-montes-claros\/#breadcrumb\",\"itemListElement\":[{\"@type\":\"ListItem\",\"position\":1,\"name\":\"In\u00edcio\",\"item\":\"https:\/\/www.encontramontesclaros.com.br\/noticias\/\"},{\"@type\":\"ListItem\",\"position\":2,\"name\":\"Pol\u00edcia apura causas de inc\u00eandio em lanchonete de Montes Claros\"}]},{\"@type\":\"WebSite\",\"@id\":\"https:\/\/www.encontramontesclaros.com.br\/noticias\/#website\",\"url\":\"https:\/\/www.encontramontesclaros.com.br\/noticias\/\",\"name\":\"Not\u00edcias da Cidade Montes Claros\",\"description\":\"Not\u00edcias, eventos, informa\u00e7\u00f5es e dicas da cidade de Montes Claros e regi\u00e3o\",\"potentialAction\":[{\"@type\":\"SearchAction\",\"target\":{\"@type\":\"EntryPoint\",\"urlTemplate\":\"https:\/\/www.encontramontesclaros.com.br\/noticias\/?s={search_term_string}\"},\"query-input\":{\"@type\":\"PropertyValueSpecification\",\"valueRequired\":true,\"valueName\":\"search_term_string\"}}],\"inLanguage\":\"pt-BR\"},{\"@type\":\"Person\",\"@id\":\"https:\/\/www.encontramontesclaros.com.br\/noticias\/#\/schema\/person\/aee9ea87107989474197d40d1258976d\",\"name\":\"Encontra Montes Claros\",\"image\":{\"@type\":\"ImageObject\",\"inLanguage\":\"pt-BR\",\"@id\":\"https:\/\/www.encontramontesclaros.com.br\/noticias\/#\/schema\/person\/image\/\",\"url\":\"https:\/\/secure.gravatar.com\/avatar\/507340682b8270222e1f208e23198b6ae7e2c6a1033ae84e99bc6bce4f82a387?s=96&d=mm&r=g\",\"contentUrl\":\"https:\/\/secure.gravatar.com\/avatar\/507340682b8270222e1f208e23198b6ae7e2c6a1033ae84e99bc6bce4f82a387?s=96&d=mm&r=g\",\"caption\":\"Encontra Montes Claros\"},\"sameAs\":[\"http:\/\/www.encontramontesclaros.com.br\"],\"url\":\"https:\/\/www.encontramontesclaros.com.br\/noticias\/author\/emontesclaros\/\"}]}<\/script>\n<!-- \/ Yoast SEO plugin. -->","yoast_head_json":{"title":"Pol\u00edcia apura causas de inc\u00eandio em lanchonete de Montes Claros - Not\u00edcias da Cidade Montes Claros","robots":{"index":"index","follow":"follow","max-snippet":"max-snippet:-1","max-image-preview":"max-image-preview:large","max-video-preview":"max-video-preview:-1"},"canonical":"https:\/\/www.encontramontesclaros.com.br\/noticias\/policia-apura-causas-de-incendio-em-lanchonete-de-montes-claros\/","og_locale":"pt_BR","og_type":"article","og_title":"Pol\u00edcia apura causas de inc\u00eandio em lanchonete de Montes Claros - Not\u00edcias da Cidade Montes Claros","og_description":"A per\u00edcia da Pol\u00edcia Civil vai apontar causas do inc\u00eandio em uma lanchonete que provocou p\u00e2nico e correria, em Montes Claros (Norte de Minas) no fim de semana. O fogo, que foi provocado pela explos\u00e3o de um botij\u00e3o de g\u00e1s, aconteceu no estabelecimento \u201cFabr\u00edcio Lanches\u201d (localizado no Bairro Doutor Jo\u00e3o Alves), que estava lotado na [&hellip;]","og_url":"https:\/\/www.encontramontesclaros.com.br\/noticias\/policia-apura-causas-de-incendio-em-lanchonete-de-montes-claros\/","og_site_name":"Not\u00edcias da Cidade Montes Claros","article_published_time":"2013-04-04T12:13:51+00:00","article_modified_time":"2013-08-19T12:09:22+00:00","author":"Encontra Montes Claros","twitter_card":"summary_large_image","twitter_misc":{"Escrito por":"Encontra Montes Claros","Est. tempo de leitura":"2 minutos"},"schema":{"@context":"https:\/\/schema.org","@graph":[{"@type":"WebPage","@id":"https:\/\/www.encontramontesclaros.com.br\/noticias\/policia-apura-causas-de-incendio-em-lanchonete-de-montes-claros\/","url":"https:\/\/www.encontramontesclaros.com.br\/noticias\/policia-apura-causas-de-incendio-em-lanchonete-de-montes-claros\/","name":"Pol\u00edcia apura causas de inc\u00eandio em lanchonete de Montes Claros - Not\u00edcias da Cidade Montes Claros","isPartOf":{"@id":"https:\/\/www.encontramontesclaros.com.br\/noticias\/#website"},"datePublished":"2013-04-04T12:13:51+00:00","dateModified":"2013-08-19T12:09:22+00:00","author":{"@id":"https:\/\/www.encontramontesclaros.com.br\/noticias\/#\/schema\/person\/aee9ea87107989474197d40d1258976d"},"breadcrumb":{"@id":"https:\/\/www.encontramontesclaros.com.br\/noticias\/policia-apura-causas-de-incendio-em-lanchonete-de-montes-claros\/#breadcrumb"},"inLanguage":"pt-BR","potentialAction":[{"@type":"ReadAction","target":["https:\/\/www.encontramontesclaros.com.br\/noticias\/policia-apura-causas-de-incendio-em-lanchonete-de-montes-claros\/"]}]},{"@type":"BreadcrumbList","@id":"https:\/\/www.encontramontesclaros.com.br\/noticias\/policia-apura-causas-de-incendio-em-lanchonete-de-montes-claros\/#breadcrumb","itemListElement":[{"@type":"ListItem","position":1,"name":"In\u00edcio","item":"https:\/\/www.encontramontesclaros.com.br\/noticias\/"},{"@type":"ListItem","position":2,"name":"Pol\u00edcia apura causas de inc\u00eandio em lanchonete de Montes Claros"}]},{"@type":"WebSite","@id":"https:\/\/www.encontramontesclaros.com.br\/noticias\/#website","url":"https:\/\/www.encontramontesclaros.com.br\/noticias\/","name":"Not\u00edcias da Cidade Montes Claros","description":"Not\u00edcias, eventos, informa\u00e7\u00f5es e dicas da cidade de Montes Claros e regi\u00e3o","potentialAction":[{"@type":"SearchAction","target":{"@type":"EntryPoint","urlTemplate":"https:\/\/www.encontramontesclaros.com.br\/noticias\/?s={search_term_string}"},"query-input":{"@type":"PropertyValueSpecification","valueRequired":true,"valueName":"search_term_string"}}],"inLanguage":"pt-BR"},{"@type":"Person","@id":"https:\/\/www.encontramontesclaros.com.br\/noticias\/#\/schema\/person\/aee9ea87107989474197d40d1258976d","name":"Encontra Montes Claros","image":{"@type":"ImageObject","inLanguage":"pt-BR","@id":"https:\/\/www.encontramontesclaros.com.br\/noticias\/#\/schema\/person\/image\/","url":"https:\/\/secure.gravatar.com\/avatar\/507340682b8270222e1f208e23198b6ae7e2c6a1033ae84e99bc6bce4f82a387?s=96&d=mm&r=g","contentUrl":"https:\/\/secure.gravatar.com\/avatar\/507340682b8270222e1f208e23198b6ae7e2c6a1033ae84e99bc6bce4f82a387?s=96&d=mm&r=g","caption":"Encontra Montes Claros"},"sameAs":["http:\/\/www.encontramontesclaros.com.br"],"url":"https:\/\/www.encontramontesclaros.com.br\/noticias\/author\/emontesclaros\/"}]}},"_links":{"self":[{"href":"https:\/\/www.encontramontesclaros.com.br\/noticias\/wp-json\/wp\/v2\/posts\/362","targetHints":{"allow":["GET"]}}],"collection":[{"href":"https:\/\/www.encontramontesclaros.com.br\/noticias\/wp-json\/wp\/v2\/posts"}],"about":[{"href":"https:\/\/www.encontramontesclaros.com.br\/noticias\/wp-json\/wp\/v2\/types\/post"}],"author":[{"embeddable":true,"href":"https:\/\/www.encontramontesclaros.com.br\/noticias\/wp-json\/wp\/v2\/users\/1"}],"replies":[{"embeddable":true,"href":"https:\/\/www.encontramontesclaros.com.br\/noticias\/wp-json\/wp\/v2\/comments?post=362"}],"version-history":[{"count":2,"href":"https:\/\/www.encontramontesclaros.com.br\/noticias\/wp-json\/wp\/v2\/posts\/362\/revisions"}],"predecessor-version":[{"id":616,"href":"https:\/\/www.encontramontesclaros.com.br\/noticias\/wp-json\/wp\/v2\/posts\/362\/revisions\/616"}],"wp:attachment":[{"href":"https:\/\/www.encontramontesclaros.com.br\/noticias\/wp-json\/wp\/v2\/media?parent=362"}],"wp:term":[{"taxonomy":"category","embeddable":true,"href":"https:\/\/www.encontramontesclaros.com.br\/noticias\/wp-json\/wp\/v2\/categories?post=362"},{"taxonomy":"post_tag","embeddable":true,"href":"https:\/\/www.encontramontesclaros.com.br\/noticias\/wp-json\/wp\/v2\/tags?post=362"}],"curies":[{"name":"wp","href":"https:\/\/api.w.org\/{rel}","templated":true}]}}