{"id":356,"date":"2013-03-26T00:07:27","date_gmt":"2013-03-26T00:07:27","guid":{"rendered":"http:\/\/www.encontramontesclaros.com.br\/noticias\/?p=356"},"modified":"2013-08-19T12:09:22","modified_gmt":"2013-08-19T12:09:22","slug":"bandidos-fazem-refens-em-roubo-a-residencia-em-montes-claros","status":"publish","type":"post","link":"https:\/\/www.encontramontesclaros.com.br\/noticias\/bandidos-fazem-refens-em-roubo-a-residencia-em-montes-claros\/","title":{"rendered":"Bandidos fazem ref\u00e9ns em roubo a resid\u00eancia em Montes Claros"},"content":{"rendered":"<p>Um engenheiro e tr\u00eas funcion\u00e1rios dele foram feitos ref\u00e9ns durante assalto a um im\u00f3vel na cidade de Montes Claros, Norte de Minas. De acordo com a Pol\u00edcia Militar, o im\u00f3vel foi invadido por quatro ladr\u00f5es que permaneceram no local por cerca de uma hora fazendo amea\u00e7as \u00e0s v\u00edtimas. Na resid\u00eancia ainda estavam dois filhos do dono da casa, mas eles conseguiram se esconder e n\u00e3o foram vistos pelos criminosos.<\/p>\n<p>V\u00e1rios aparelhos eletr\u00f4nicos foram recolhidos e colocados no carro do engenheiro. Na fuga, os assaltantes n\u00e3o conseguiram arrancar o ve\u00edculo que tem c\u00e2mbio autom\u00e1tico e obrigaram o dono da casa a dirigir para eles. Um dos ref\u00e9ns conseguiu se soltar e pedir ajuda a vizinhos, que acionaram a pol\u00edcia.<\/p>\n<p>Os criminosos mandaram o engenheiro seguir para uma estrada de terra que d\u00e1 acesso ao Parque Estadual da Lapa Grande. O ve\u00edculo logo foi localizado pela aeronave da PM. Os suspeitos abandonaram o carro com o engenheiro e fugiram.<\/p>\n<p>Um menor de 16 anos foi apreendido. Todos os pertences foram recuperados e o engenheiro resgatado sem ferimento. O menor disse que ele e os comparsas n\u00e3o planejaram o crime. Ele contou que eles s\u00f3 entraram no im\u00f3vel porque aproveitaram a oportunidade ao ver o port\u00e3o aberto. At\u00e9 o fim do dia os outros tr\u00eas suspeitos n\u00e3o haviam sido localizados.<\/p>\n<p><em>Fonte: Portal Em<\/em><\/p>\n","protected":false},"excerpt":{"rendered":"<p>Um engenheiro e tr\u00eas funcion\u00e1rios dele foram feitos ref\u00e9ns durante assalto a um im\u00f3vel na cidade de Montes Claros, Norte de Minas. De acordo com a Pol\u00edcia Militar, o im\u00f3vel foi invadido por quatro ladr\u00f5es que permaneceram no local por cerca de uma hora fazendo amea\u00e7as \u00e0s v\u00edtimas. Na resid\u00eancia ainda estavam dois filhos do [&hellip;]<\/p>\n","protected":false},"author":1,"featured_media":0,"comment_status":"open","ping_status":"open","sticky":false,"template":"","format":"standard","meta":{"footnotes":""},"categories":[6],"tags":[],"class_list":["post-356","post","type-post","status-publish","format-standard","hentry","category-noticias-montes-claros"],"yoast_head":"<!-- This site is optimized with the Yoast SEO plugin v25.9 - https:\/\/yoast.com\/wordpress\/plugins\/seo\/ -->\n<title>Bandidos fazem ref\u00e9ns em roubo a resid\u00eancia em Montes Claros - Not\u00edcias da Cidade Montes Claros<\/title>\n<meta name=\"robots\" content=\"index, follow, max-snippet:-1, max-image-preview:large, max-video-preview:-1\" \/>\n<link rel=\"canonical\" href=\"https:\/\/www.encontramontesclaros.com.br\/noticias\/bandidos-fazem-refens-em-roubo-a-residencia-em-montes-claros\/\" \/>\n<meta property=\"og:locale\" content=\"pt_BR\" \/>\n<meta property=\"og:type\" content=\"article\" \/>\n<meta property=\"og:title\" content=\"Bandidos fazem ref\u00e9ns em roubo a resid\u00eancia em Montes Claros - Not\u00edcias da Cidade Montes Claros\" \/>\n<meta property=\"og:description\" content=\"Um engenheiro e tr\u00eas funcion\u00e1rios dele foram feitos ref\u00e9ns durante assalto a um im\u00f3vel na cidade de Montes Claros, Norte de Minas. De acordo com a Pol\u00edcia Militar, o im\u00f3vel foi invadido por quatro ladr\u00f5es que permaneceram no local por cerca de uma hora fazendo amea\u00e7as \u00e0s v\u00edtimas. Na resid\u00eancia ainda estavam dois filhos do [&hellip;]\" \/>\n<meta property=\"og:url\" content=\"https:\/\/www.encontramontesclaros.com.br\/noticias\/bandidos-fazem-refens-em-roubo-a-residencia-em-montes-claros\/\" \/>\n<meta property=\"og:site_name\" content=\"Not\u00edcias da Cidade Montes Claros\" \/>\n<meta property=\"article:published_time\" content=\"2013-03-26T00:07:27+00:00\" \/>\n<meta property=\"article:modified_time\" content=\"2013-08-19T12:09:22+00:00\" \/>\n<meta name=\"author\" content=\"Encontra Montes Claros\" \/>\n<meta name=\"twitter:card\" content=\"summary_large_image\" \/>\n<meta name=\"twitter:label1\" content=\"Escrito por\" \/>\n\t<meta name=\"twitter:data1\" content=\"Encontra Montes Claros\" \/>\n\t<meta name=\"twitter:label2\" content=\"Est. tempo de leitura\" \/>\n\t<meta name=\"twitter:data2\" content=\"1 minuto\" \/>\n<script type=\"application\/ld+json\" class=\"yoast-schema-graph\">{\"@context\":\"https:\/\/schema.org\",\"@graph\":[{\"@type\":\"WebPage\",\"@id\":\"https:\/\/www.encontramontesclaros.com.br\/noticias\/bandidos-fazem-refens-em-roubo-a-residencia-em-montes-claros\/\",\"url\":\"https:\/\/www.encontramontesclaros.com.br\/noticias\/bandidos-fazem-refens-em-roubo-a-residencia-em-montes-claros\/\",\"name\":\"Bandidos fazem ref\u00e9ns em roubo a resid\u00eancia em Montes Claros - Not\u00edcias da Cidade Montes Claros\",\"isPartOf\":{\"@id\":\"https:\/\/www.encontramontesclaros.com.br\/noticias\/#website\"},\"datePublished\":\"2013-03-26T00:07:27+00:00\",\"dateModified\":\"2013-08-19T12:09:22+00:00\",\"author\":{\"@id\":\"https:\/\/www.encontramontesclaros.com.br\/noticias\/#\/schema\/person\/aee9ea87107989474197d40d1258976d\"},\"breadcrumb\":{\"@id\":\"https:\/\/www.encontramontesclaros.com.br\/noticias\/bandidos-fazem-refens-em-roubo-a-residencia-em-montes-claros\/#breadcrumb\"},\"inLanguage\":\"pt-BR\",\"potentialAction\":[{\"@type\":\"ReadAction\",\"target\":[\"https:\/\/www.encontramontesclaros.com.br\/noticias\/bandidos-fazem-refens-em-roubo-a-residencia-em-montes-claros\/\"]}]},{\"@type\":\"BreadcrumbList\",\"@id\":\"https:\/\/www.encontramontesclaros.com.br\/noticias\/bandidos-fazem-refens-em-roubo-a-residencia-em-montes-claros\/#breadcrumb\",\"itemListElement\":[{\"@type\":\"ListItem\",\"position\":1,\"name\":\"In\u00edcio\",\"item\":\"https:\/\/www.encontramontesclaros.com.br\/noticias\/\"},{\"@type\":\"ListItem\",\"position\":2,\"name\":\"Bandidos fazem ref\u00e9ns em roubo a resid\u00eancia em Montes Claros\"}]},{\"@type\":\"WebSite\",\"@id\":\"https:\/\/www.encontramontesclaros.com.br\/noticias\/#website\",\"url\":\"https:\/\/www.encontramontesclaros.com.br\/noticias\/\",\"name\":\"Not\u00edcias da Cidade Montes Claros\",\"description\":\"Not\u00edcias, eventos, informa\u00e7\u00f5es e dicas da cidade de Montes Claros e regi\u00e3o\",\"potentialAction\":[{\"@type\":\"SearchAction\",\"target\":{\"@type\":\"EntryPoint\",\"urlTemplate\":\"https:\/\/www.encontramontesclaros.com.br\/noticias\/?s={search_term_string}\"},\"query-input\":{\"@type\":\"PropertyValueSpecification\",\"valueRequired\":true,\"valueName\":\"search_term_string\"}}],\"inLanguage\":\"pt-BR\"},{\"@type\":\"Person\",\"@id\":\"https:\/\/www.encontramontesclaros.com.br\/noticias\/#\/schema\/person\/aee9ea87107989474197d40d1258976d\",\"name\":\"Encontra Montes Claros\",\"image\":{\"@type\":\"ImageObject\",\"inLanguage\":\"pt-BR\",\"@id\":\"https:\/\/www.encontramontesclaros.com.br\/noticias\/#\/schema\/person\/image\/\",\"url\":\"https:\/\/secure.gravatar.com\/avatar\/507340682b8270222e1f208e23198b6ae7e2c6a1033ae84e99bc6bce4f82a387?s=96&d=mm&r=g\",\"contentUrl\":\"https:\/\/secure.gravatar.com\/avatar\/507340682b8270222e1f208e23198b6ae7e2c6a1033ae84e99bc6bce4f82a387?s=96&d=mm&r=g\",\"caption\":\"Encontra Montes Claros\"},\"sameAs\":[\"http:\/\/www.encontramontesclaros.com.br\"],\"url\":\"https:\/\/www.encontramontesclaros.com.br\/noticias\/author\/emontesclaros\/\"}]}<\/script>\n<!-- \/ Yoast SEO plugin. -->","yoast_head_json":{"title":"Bandidos fazem ref\u00e9ns em roubo a resid\u00eancia em Montes Claros - Not\u00edcias da Cidade Montes Claros","robots":{"index":"index","follow":"follow","max-snippet":"max-snippet:-1","max-image-preview":"max-image-preview:large","max-video-preview":"max-video-preview:-1"},"canonical":"https:\/\/www.encontramontesclaros.com.br\/noticias\/bandidos-fazem-refens-em-roubo-a-residencia-em-montes-claros\/","og_locale":"pt_BR","og_type":"article","og_title":"Bandidos fazem ref\u00e9ns em roubo a resid\u00eancia em Montes Claros - Not\u00edcias da Cidade Montes Claros","og_description":"Um engenheiro e tr\u00eas funcion\u00e1rios dele foram feitos ref\u00e9ns durante assalto a um im\u00f3vel na cidade de Montes Claros, Norte de Minas. De acordo com a Pol\u00edcia Militar, o im\u00f3vel foi invadido por quatro ladr\u00f5es que permaneceram no local por cerca de uma hora fazendo amea\u00e7as \u00e0s v\u00edtimas. Na resid\u00eancia ainda estavam dois filhos do [&hellip;]","og_url":"https:\/\/www.encontramontesclaros.com.br\/noticias\/bandidos-fazem-refens-em-roubo-a-residencia-em-montes-claros\/","og_site_name":"Not\u00edcias da Cidade Montes Claros","article_published_time":"2013-03-26T00:07:27+00:00","article_modified_time":"2013-08-19T12:09:22+00:00","author":"Encontra Montes Claros","twitter_card":"summary_large_image","twitter_misc":{"Escrito por":"Encontra Montes Claros","Est. tempo de leitura":"1 minuto"},"schema":{"@context":"https:\/\/schema.org","@graph":[{"@type":"WebPage","@id":"https:\/\/www.encontramontesclaros.com.br\/noticias\/bandidos-fazem-refens-em-roubo-a-residencia-em-montes-claros\/","url":"https:\/\/www.encontramontesclaros.com.br\/noticias\/bandidos-fazem-refens-em-roubo-a-residencia-em-montes-claros\/","name":"Bandidos fazem ref\u00e9ns em roubo a resid\u00eancia em Montes Claros - Not\u00edcias da Cidade Montes Claros","isPartOf":{"@id":"https:\/\/www.encontramontesclaros.com.br\/noticias\/#website"},"datePublished":"2013-03-26T00:07:27+00:00","dateModified":"2013-08-19T12:09:22+00:00","author":{"@id":"https:\/\/www.encontramontesclaros.com.br\/noticias\/#\/schema\/person\/aee9ea87107989474197d40d1258976d"},"breadcrumb":{"@id":"https:\/\/www.encontramontesclaros.com.br\/noticias\/bandidos-fazem-refens-em-roubo-a-residencia-em-montes-claros\/#breadcrumb"},"inLanguage":"pt-BR","potentialAction":[{"@type":"ReadAction","target":["https:\/\/www.encontramontesclaros.com.br\/noticias\/bandidos-fazem-refens-em-roubo-a-residencia-em-montes-claros\/"]}]},{"@type":"BreadcrumbList","@id":"https:\/\/www.encontramontesclaros.com.br\/noticias\/bandidos-fazem-refens-em-roubo-a-residencia-em-montes-claros\/#breadcrumb","itemListElement":[{"@type":"ListItem","position":1,"name":"In\u00edcio","item":"https:\/\/www.encontramontesclaros.com.br\/noticias\/"},{"@type":"ListItem","position":2,"name":"Bandidos fazem ref\u00e9ns em roubo a resid\u00eancia em Montes Claros"}]},{"@type":"WebSite","@id":"https:\/\/www.encontramontesclaros.com.br\/noticias\/#website","url":"https:\/\/www.encontramontesclaros.com.br\/noticias\/","name":"Not\u00edcias da Cidade Montes Claros","description":"Not\u00edcias, eventos, informa\u00e7\u00f5es e dicas da cidade de Montes Claros e regi\u00e3o","potentialAction":[{"@type":"SearchAction","target":{"@type":"EntryPoint","urlTemplate":"https:\/\/www.encontramontesclaros.com.br\/noticias\/?s={search_term_string}"},"query-input":{"@type":"PropertyValueSpecification","valueRequired":true,"valueName":"search_term_string"}}],"inLanguage":"pt-BR"},{"@type":"Person","@id":"https:\/\/www.encontramontesclaros.com.br\/noticias\/#\/schema\/person\/aee9ea87107989474197d40d1258976d","name":"Encontra Montes Claros","image":{"@type":"ImageObject","inLanguage":"pt-BR","@id":"https:\/\/www.encontramontesclaros.com.br\/noticias\/#\/schema\/person\/image\/","url":"https:\/\/secure.gravatar.com\/avatar\/507340682b8270222e1f208e23198b6ae7e2c6a1033ae84e99bc6bce4f82a387?s=96&d=mm&r=g","contentUrl":"https:\/\/secure.gravatar.com\/avatar\/507340682b8270222e1f208e23198b6ae7e2c6a1033ae84e99bc6bce4f82a387?s=96&d=mm&r=g","caption":"Encontra Montes Claros"},"sameAs":["http:\/\/www.encontramontesclaros.com.br"],"url":"https:\/\/www.encontramontesclaros.com.br\/noticias\/author\/emontesclaros\/"}]}},"_links":{"self":[{"href":"https:\/\/www.encontramontesclaros.com.br\/noticias\/wp-json\/wp\/v2\/posts\/356","targetHints":{"allow":["GET"]}}],"collection":[{"href":"https:\/\/www.encontramontesclaros.com.br\/noticias\/wp-json\/wp\/v2\/posts"}],"about":[{"href":"https:\/\/www.encontramontesclaros.com.br\/noticias\/wp-json\/wp\/v2\/types\/post"}],"author":[{"embeddable":true,"href":"https:\/\/www.encontramontesclaros.com.br\/noticias\/wp-json\/wp\/v2\/users\/1"}],"replies":[{"embeddable":true,"href":"https:\/\/www.encontramontesclaros.com.br\/noticias\/wp-json\/wp\/v2\/comments?post=356"}],"version-history":[{"count":2,"href":"https:\/\/www.encontramontesclaros.com.br\/noticias\/wp-json\/wp\/v2\/posts\/356\/revisions"}],"predecessor-version":[{"id":599,"href":"https:\/\/www.encontramontesclaros.com.br\/noticias\/wp-json\/wp\/v2\/posts\/356\/revisions\/599"}],"wp:attachment":[{"href":"https:\/\/www.encontramontesclaros.com.br\/noticias\/wp-json\/wp\/v2\/media?parent=356"}],"wp:term":[{"taxonomy":"category","embeddable":true,"href":"https:\/\/www.encontramontesclaros.com.br\/noticias\/wp-json\/wp\/v2\/categories?post=356"},{"taxonomy":"post_tag","embeddable":true,"href":"https:\/\/www.encontramontesclaros.com.br\/noticias\/wp-json\/wp\/v2\/tags?post=356"}],"curies":[{"name":"wp","href":"https:\/\/api.w.org\/{rel}","templated":true}]}}