{"id":350,"date":"2013-03-15T14:43:13","date_gmt":"2013-03-15T14:43:13","guid":{"rendered":"http:\/\/www.encontramontesclaros.com.br\/noticias\/?p=350"},"modified":"2013-08-19T12:09:15","modified_gmt":"2013-08-19T12:09:15","slug":"a-cada-tres-dias-um-homicidio-e-registrado-em-montes-claros","status":"publish","type":"post","link":"https:\/\/www.encontramontesclaros.com.br\/noticias\/a-cada-tres-dias-um-homicidio-e-registrado-em-montes-claros\/","title":{"rendered":"A cada tr\u00eas dias um homic\u00eddio \u00e9 registrado em Montes Claros"},"content":{"rendered":"<p>Os casos de viol\u00eancia em Montes Claros est\u00e3o deixando a popula\u00e7\u00e3o assustada. Do in\u00edcio de 2013 at\u00e9 agora foram registradas 22 mortes na cidade, o que equivale a uma morte a cada tr\u00eas dias.<\/p>\n<p>Preocupados com o problema, autoridades das Pol\u00edcia Civil, Militar, Federal, Rodovi\u00e1ria Federal e representantes do Judici\u00e1rio estiveram reunidos no in\u00edcio da tarde desta ter\u00e7a-feira (12), para discutir medidas que possam reduzir a incid\u00eancia de homic\u00eddios em Montes Claros (MG).<\/p>\n<p>&#8220;Estamos buscando uma a\u00e7\u00e3o integrada dos org\u00e3os de Defesa Social visando uma interven\u00e7\u00e3o pontual, focada no tr\u00e1fico de drogas, que \u00e9 o principal crime que tem estimulado os homic\u00eddios&#8221;, explica o chefe da 11\u00aa Regi\u00e3o Integrada de Seguran\u00e7a na cidade de Montes Claros, coronel C\u00e9sar Ricardo de Oliveira.<\/p>\n<p>Dos cinco homic\u00eddios registrados na cidade neste m\u00eas, quatro ocorreram em bairros diferentes. Tr\u00eas foram cometidos de s\u00e1bado (9) para domingo (10). No momento, a pol\u00edcia investiga a rela\u00e7\u00e3o entre os crimes, j\u00e1 que a arma utilizada e as motos s\u00e3o semelhantes. Tamb\u00e9m n\u00e3o \u00e9 descartada a rela\u00e7\u00e3o das mortes com l\u00edderes do tr\u00e1fico j\u00e1 presos.<\/p>\n<p>O chefe do 11\u00ba Departamento de Pol\u00edcia Civil de Montes Claros, Rog\u00e9rio Evangelista, diz que &#8220;os assassinatos n\u00e3o est\u00e3o concentrados em determinados lugares e ocorrem devido as a\u00e7\u00f5es articuladas por integrantes de quadrilhas ou gangues que operacionalizam o tr\u00e1fico.&#8221;<\/p>\n<p>Para o comandante da Companhia de Miss\u00f5es Especiais da PM, major Adriano Ribeiro de Freitas, o tr\u00e1fico \u00e9 o &#8220;propulsor do homic\u00eddio e do roubo&#8221;. Ele esteve noite desta segunda-feira (11), no bairro Confer\u00eancia Cristo Rei, onde um suspeito foi morto ap\u00f3s uma troca de tiros coma PM, quando fugia depois de atirar em um adolescente de 14 anos.<\/p>\n<p>Segundo ele, os crimes de homic\u00eddio e roubo servem como capta\u00e7\u00e3o de recursos para movimentar o tr\u00e1fico. Por isto, o major destaca a necessidade de um combate especializado e de uma repress\u00e3o qualificada para frear o avan\u00e7o das drogas, que se tornaram um problema social presente em todo o mundo.<\/p>\n<p>O promotor, F\u00e1bio M\u00e1rcio Lopes Pinheiro, que tamb\u00e9m particpou da reuni\u00e3o, destaca a import\u00e2ncia da iniciativa para a puni\u00e7\u00e3o dos culpados. &#8220;A promotoria \u00e9 a destinat\u00e1ria das provas produzidas pelas pol\u00edcias, ap\u00f3s o encaminhamento ao MP, buscamos em judicalmente as responsabilidades criminais. Com a iniciativa visamos melhorar a qualidade das provas para obter os resultados.&#8221;<\/p>\n<p><strong>Suspeitos de homic\u00eddio presos<\/strong><\/p>\n<p>Durante a reuni\u00e3o foram apresentados dois suspeitos de um homic\u00eddio e de uma tentativa em 12 de janeiro deste ano. Kelson Willian de Jesus, conhecido como Seu Beto, de 22 anos, e que seria o mandante do crime, e Maycon Raelmir Rodrigues, vulgo Marquinho, de 21 anos, suposto executor. Fabr\u00edcio de Jesus, &#8216;Pez\u00e3o&#8217;, tamb\u00e9m teria participado do assassinato. Eles foram presos por meio de mandado de pris\u00e3o na manh\u00e3 desta segunda (12).<\/p>\n<p>O chefe da Delegacia de Homic\u00eddios justificou os pedido de pris\u00e3o tempor\u00e1ria e disse que o cumprimento dos madados foi uma a\u00e7\u00e3o conjunta da PC, do Grupo de Prote\u00e7\u00e3o a Vida da PM e do poder Judici\u00e1rio. Com os suspeitos foram apreendidos R$787 e uma corrente de ouro avaliada em R$5 mil. &#8220;Os presos estavam passando pr\u00f3ximo a casa da v\u00edtima sobrevivente e de seus familiares, atrapalhando as investiga\u00e7\u00f5es, e para evitar novos crimes, solicitamos as pris\u00f5es, at\u00e9 que haja a conclus\u00e3o do caso e encaminhamento para a Justi\u00e7a&#8221;, diz Bruno Resende.<\/p>\n<p>Segundo informa\u00e7\u00f5es da pol\u00edcia, os suspeitos s\u00e3o reincidentes. Maycon \u00e9 sobrinho do traficante conhecido por &#8216;Ninha&#8217;, que est\u00e1 preso. O suspeito j\u00e1 cumpriu pena por homic\u00eddio e estava em liberdade. Kelson seria um dos chefes do tr\u00e1fico do bairro Esplanada e tamb\u00e9m j\u00e1 foi preso por este crime. Fabr\u00edcio tamb\u00e9m j\u00e1 est\u00e1 encarcerado por homic\u00eddio.<\/p>\n<p>Sobre a reincid\u00eancia criminal, o promotor F\u00e1bio M\u00e1rcio explica que &#8220;o tratamento da Justi\u00e7a com quem tem passado criminoso \u00e9 de mais rigor, os processos tramitam com severidade e esperamos a sensibilidade do Judici\u00e1rio para que o andamento seja c\u00e9lere, para que haja puni\u00e7\u00e3o efetiva para quem infringir a lei.&#8221;<\/p>\n<p>F\u00e1bio M\u00e1rcio ainda aponta que a celeridadee influenciada por alguns fatores, como a morosidade dos prazos processuais, estrat\u00e9gias da defesa dos suspeitos e a sobrecarga dos ju\u00edzes.<\/p>\n<p>O delegado Bruno Rezende aponta tamb\u00e9m que os crimes t\u00eam rela\u00e7\u00e3o com a disputa de poder por parte de gangues rivais, movidos por vingan\u00e7a, por exemplo. &#8220;Na criminalidade ningu\u00e9m atua sozinho, e nestes casos, os executores normalmente agem com ordens espec\u00edficas&#8221;, conclui. Mais quatro pris\u00f5es de envolvidos com homic\u00eddios foram pedidos pela Pol\u00edcia Civil.<\/p>\n<p><em>Fonte: G1<\/em><\/p>\n","protected":false},"excerpt":{"rendered":"<p>Os casos de viol\u00eancia em Montes Claros est\u00e3o deixando a popula\u00e7\u00e3o assustada. Do in\u00edcio de 2013 at\u00e9 agora foram registradas 22 mortes na cidade, o que equivale a uma morte a cada tr\u00eas dias. Preocupados com o problema, autoridades das Pol\u00edcia Civil, Militar, Federal, Rodovi\u00e1ria Federal e representantes do Judici\u00e1rio estiveram reunidos no in\u00edcio da [&hellip;]<\/p>\n","protected":false},"author":1,"featured_media":0,"comment_status":"open","ping_status":"open","sticky":false,"template":"","format":"standard","meta":{"footnotes":""},"categories":[6],"tags":[],"class_list":["post-350","post","type-post","status-publish","format-standard","hentry","category-noticias-montes-claros"],"yoast_head":"<!-- This site is optimized with the Yoast SEO plugin v25.9 - https:\/\/yoast.com\/wordpress\/plugins\/seo\/ -->\n<title>A cada tr\u00eas dias um homic\u00eddio \u00e9 registrado em Montes Claros - Not\u00edcias da Cidade Montes Claros<\/title>\n<meta name=\"robots\" content=\"index, follow, max-snippet:-1, max-image-preview:large, max-video-preview:-1\" \/>\n<link rel=\"canonical\" href=\"https:\/\/www.encontramontesclaros.com.br\/noticias\/a-cada-tres-dias-um-homicidio-e-registrado-em-montes-claros\/\" \/>\n<meta property=\"og:locale\" content=\"pt_BR\" \/>\n<meta property=\"og:type\" content=\"article\" \/>\n<meta property=\"og:title\" content=\"A cada tr\u00eas dias um homic\u00eddio \u00e9 registrado em Montes Claros - Not\u00edcias da Cidade Montes Claros\" \/>\n<meta property=\"og:description\" content=\"Os casos de viol\u00eancia em Montes Claros est\u00e3o deixando a popula\u00e7\u00e3o assustada. Do in\u00edcio de 2013 at\u00e9 agora foram registradas 22 mortes na cidade, o que equivale a uma morte a cada tr\u00eas dias. Preocupados com o problema, autoridades das Pol\u00edcia Civil, Militar, Federal, Rodovi\u00e1ria Federal e representantes do Judici\u00e1rio estiveram reunidos no in\u00edcio da [&hellip;]\" \/>\n<meta property=\"og:url\" content=\"https:\/\/www.encontramontesclaros.com.br\/noticias\/a-cada-tres-dias-um-homicidio-e-registrado-em-montes-claros\/\" \/>\n<meta property=\"og:site_name\" content=\"Not\u00edcias da Cidade Montes Claros\" \/>\n<meta property=\"article:published_time\" content=\"2013-03-15T14:43:13+00:00\" \/>\n<meta property=\"article:modified_time\" content=\"2013-08-19T12:09:15+00:00\" \/>\n<meta name=\"author\" content=\"Encontra Montes Claros\" \/>\n<meta name=\"twitter:card\" content=\"summary_large_image\" \/>\n<meta name=\"twitter:label1\" content=\"Escrito por\" \/>\n\t<meta name=\"twitter:data1\" content=\"Encontra Montes Claros\" \/>\n\t<meta name=\"twitter:label2\" content=\"Est. tempo de leitura\" \/>\n\t<meta name=\"twitter:data2\" content=\"4 minutos\" \/>\n<script type=\"application\/ld+json\" class=\"yoast-schema-graph\">{\"@context\":\"https:\/\/schema.org\",\"@graph\":[{\"@type\":\"WebPage\",\"@id\":\"https:\/\/www.encontramontesclaros.com.br\/noticias\/a-cada-tres-dias-um-homicidio-e-registrado-em-montes-claros\/\",\"url\":\"https:\/\/www.encontramontesclaros.com.br\/noticias\/a-cada-tres-dias-um-homicidio-e-registrado-em-montes-claros\/\",\"name\":\"A cada tr\u00eas dias um homic\u00eddio \u00e9 registrado em Montes Claros - Not\u00edcias da Cidade Montes Claros\",\"isPartOf\":{\"@id\":\"https:\/\/www.encontramontesclaros.com.br\/noticias\/#website\"},\"datePublished\":\"2013-03-15T14:43:13+00:00\",\"dateModified\":\"2013-08-19T12:09:15+00:00\",\"author\":{\"@id\":\"https:\/\/www.encontramontesclaros.com.br\/noticias\/#\/schema\/person\/aee9ea87107989474197d40d1258976d\"},\"breadcrumb\":{\"@id\":\"https:\/\/www.encontramontesclaros.com.br\/noticias\/a-cada-tres-dias-um-homicidio-e-registrado-em-montes-claros\/#breadcrumb\"},\"inLanguage\":\"pt-BR\",\"potentialAction\":[{\"@type\":\"ReadAction\",\"target\":[\"https:\/\/www.encontramontesclaros.com.br\/noticias\/a-cada-tres-dias-um-homicidio-e-registrado-em-montes-claros\/\"]}]},{\"@type\":\"BreadcrumbList\",\"@id\":\"https:\/\/www.encontramontesclaros.com.br\/noticias\/a-cada-tres-dias-um-homicidio-e-registrado-em-montes-claros\/#breadcrumb\",\"itemListElement\":[{\"@type\":\"ListItem\",\"position\":1,\"name\":\"In\u00edcio\",\"item\":\"https:\/\/www.encontramontesclaros.com.br\/noticias\/\"},{\"@type\":\"ListItem\",\"position\":2,\"name\":\"A cada tr\u00eas dias um homic\u00eddio \u00e9 registrado em Montes Claros\"}]},{\"@type\":\"WebSite\",\"@id\":\"https:\/\/www.encontramontesclaros.com.br\/noticias\/#website\",\"url\":\"https:\/\/www.encontramontesclaros.com.br\/noticias\/\",\"name\":\"Not\u00edcias da Cidade Montes Claros\",\"description\":\"Not\u00edcias, eventos, informa\u00e7\u00f5es e dicas da cidade de Montes Claros e regi\u00e3o\",\"potentialAction\":[{\"@type\":\"SearchAction\",\"target\":{\"@type\":\"EntryPoint\",\"urlTemplate\":\"https:\/\/www.encontramontesclaros.com.br\/noticias\/?s={search_term_string}\"},\"query-input\":{\"@type\":\"PropertyValueSpecification\",\"valueRequired\":true,\"valueName\":\"search_term_string\"}}],\"inLanguage\":\"pt-BR\"},{\"@type\":\"Person\",\"@id\":\"https:\/\/www.encontramontesclaros.com.br\/noticias\/#\/schema\/person\/aee9ea87107989474197d40d1258976d\",\"name\":\"Encontra Montes Claros\",\"image\":{\"@type\":\"ImageObject\",\"inLanguage\":\"pt-BR\",\"@id\":\"https:\/\/www.encontramontesclaros.com.br\/noticias\/#\/schema\/person\/image\/\",\"url\":\"https:\/\/secure.gravatar.com\/avatar\/507340682b8270222e1f208e23198b6ae7e2c6a1033ae84e99bc6bce4f82a387?s=96&d=mm&r=g\",\"contentUrl\":\"https:\/\/secure.gravatar.com\/avatar\/507340682b8270222e1f208e23198b6ae7e2c6a1033ae84e99bc6bce4f82a387?s=96&d=mm&r=g\",\"caption\":\"Encontra Montes Claros\"},\"sameAs\":[\"http:\/\/www.encontramontesclaros.com.br\"],\"url\":\"https:\/\/www.encontramontesclaros.com.br\/noticias\/author\/emontesclaros\/\"}]}<\/script>\n<!-- \/ Yoast SEO plugin. -->","yoast_head_json":{"title":"A cada tr\u00eas dias um homic\u00eddio \u00e9 registrado em Montes Claros - Not\u00edcias da Cidade Montes Claros","robots":{"index":"index","follow":"follow","max-snippet":"max-snippet:-1","max-image-preview":"max-image-preview:large","max-video-preview":"max-video-preview:-1"},"canonical":"https:\/\/www.encontramontesclaros.com.br\/noticias\/a-cada-tres-dias-um-homicidio-e-registrado-em-montes-claros\/","og_locale":"pt_BR","og_type":"article","og_title":"A cada tr\u00eas dias um homic\u00eddio \u00e9 registrado em Montes Claros - Not\u00edcias da Cidade Montes Claros","og_description":"Os casos de viol\u00eancia em Montes Claros est\u00e3o deixando a popula\u00e7\u00e3o assustada. Do in\u00edcio de 2013 at\u00e9 agora foram registradas 22 mortes na cidade, o que equivale a uma morte a cada tr\u00eas dias. Preocupados com o problema, autoridades das Pol\u00edcia Civil, Militar, Federal, Rodovi\u00e1ria Federal e representantes do Judici\u00e1rio estiveram reunidos no in\u00edcio da [&hellip;]","og_url":"https:\/\/www.encontramontesclaros.com.br\/noticias\/a-cada-tres-dias-um-homicidio-e-registrado-em-montes-claros\/","og_site_name":"Not\u00edcias da Cidade Montes Claros","article_published_time":"2013-03-15T14:43:13+00:00","article_modified_time":"2013-08-19T12:09:15+00:00","author":"Encontra Montes Claros","twitter_card":"summary_large_image","twitter_misc":{"Escrito por":"Encontra Montes Claros","Est. tempo de leitura":"4 minutos"},"schema":{"@context":"https:\/\/schema.org","@graph":[{"@type":"WebPage","@id":"https:\/\/www.encontramontesclaros.com.br\/noticias\/a-cada-tres-dias-um-homicidio-e-registrado-em-montes-claros\/","url":"https:\/\/www.encontramontesclaros.com.br\/noticias\/a-cada-tres-dias-um-homicidio-e-registrado-em-montes-claros\/","name":"A cada tr\u00eas dias um homic\u00eddio \u00e9 registrado em Montes Claros - Not\u00edcias da Cidade Montes Claros","isPartOf":{"@id":"https:\/\/www.encontramontesclaros.com.br\/noticias\/#website"},"datePublished":"2013-03-15T14:43:13+00:00","dateModified":"2013-08-19T12:09:15+00:00","author":{"@id":"https:\/\/www.encontramontesclaros.com.br\/noticias\/#\/schema\/person\/aee9ea87107989474197d40d1258976d"},"breadcrumb":{"@id":"https:\/\/www.encontramontesclaros.com.br\/noticias\/a-cada-tres-dias-um-homicidio-e-registrado-em-montes-claros\/#breadcrumb"},"inLanguage":"pt-BR","potentialAction":[{"@type":"ReadAction","target":["https:\/\/www.encontramontesclaros.com.br\/noticias\/a-cada-tres-dias-um-homicidio-e-registrado-em-montes-claros\/"]}]},{"@type":"BreadcrumbList","@id":"https:\/\/www.encontramontesclaros.com.br\/noticias\/a-cada-tres-dias-um-homicidio-e-registrado-em-montes-claros\/#breadcrumb","itemListElement":[{"@type":"ListItem","position":1,"name":"In\u00edcio","item":"https:\/\/www.encontramontesclaros.com.br\/noticias\/"},{"@type":"ListItem","position":2,"name":"A cada tr\u00eas dias um homic\u00eddio \u00e9 registrado em Montes Claros"}]},{"@type":"WebSite","@id":"https:\/\/www.encontramontesclaros.com.br\/noticias\/#website","url":"https:\/\/www.encontramontesclaros.com.br\/noticias\/","name":"Not\u00edcias da Cidade Montes Claros","description":"Not\u00edcias, eventos, informa\u00e7\u00f5es e dicas da cidade de Montes Claros e regi\u00e3o","potentialAction":[{"@type":"SearchAction","target":{"@type":"EntryPoint","urlTemplate":"https:\/\/www.encontramontesclaros.com.br\/noticias\/?s={search_term_string}"},"query-input":{"@type":"PropertyValueSpecification","valueRequired":true,"valueName":"search_term_string"}}],"inLanguage":"pt-BR"},{"@type":"Person","@id":"https:\/\/www.encontramontesclaros.com.br\/noticias\/#\/schema\/person\/aee9ea87107989474197d40d1258976d","name":"Encontra Montes Claros","image":{"@type":"ImageObject","inLanguage":"pt-BR","@id":"https:\/\/www.encontramontesclaros.com.br\/noticias\/#\/schema\/person\/image\/","url":"https:\/\/secure.gravatar.com\/avatar\/507340682b8270222e1f208e23198b6ae7e2c6a1033ae84e99bc6bce4f82a387?s=96&d=mm&r=g","contentUrl":"https:\/\/secure.gravatar.com\/avatar\/507340682b8270222e1f208e23198b6ae7e2c6a1033ae84e99bc6bce4f82a387?s=96&d=mm&r=g","caption":"Encontra Montes Claros"},"sameAs":["http:\/\/www.encontramontesclaros.com.br"],"url":"https:\/\/www.encontramontesclaros.com.br\/noticias\/author\/emontesclaros\/"}]}},"_links":{"self":[{"href":"https:\/\/www.encontramontesclaros.com.br\/noticias\/wp-json\/wp\/v2\/posts\/350","targetHints":{"allow":["GET"]}}],"collection":[{"href":"https:\/\/www.encontramontesclaros.com.br\/noticias\/wp-json\/wp\/v2\/posts"}],"about":[{"href":"https:\/\/www.encontramontesclaros.com.br\/noticias\/wp-json\/wp\/v2\/types\/post"}],"author":[{"embeddable":true,"href":"https:\/\/www.encontramontesclaros.com.br\/noticias\/wp-json\/wp\/v2\/users\/1"}],"replies":[{"embeddable":true,"href":"https:\/\/www.encontramontesclaros.com.br\/noticias\/wp-json\/wp\/v2\/comments?post=350"}],"version-history":[{"count":2,"href":"https:\/\/www.encontramontesclaros.com.br\/noticias\/wp-json\/wp\/v2\/posts\/350\/revisions"}],"predecessor-version":[{"id":573,"href":"https:\/\/www.encontramontesclaros.com.br\/noticias\/wp-json\/wp\/v2\/posts\/350\/revisions\/573"}],"wp:attachment":[{"href":"https:\/\/www.encontramontesclaros.com.br\/noticias\/wp-json\/wp\/v2\/media?parent=350"}],"wp:term":[{"taxonomy":"category","embeddable":true,"href":"https:\/\/www.encontramontesclaros.com.br\/noticias\/wp-json\/wp\/v2\/categories?post=350"},{"taxonomy":"post_tag","embeddable":true,"href":"https:\/\/www.encontramontesclaros.com.br\/noticias\/wp-json\/wp\/v2\/tags?post=350"}],"curies":[{"name":"wp","href":"https:\/\/api.w.org\/{rel}","templated":true}]}}