{"id":344,"date":"2013-03-08T16:50:19","date_gmt":"2013-03-08T16:50:19","guid":{"rendered":"http:\/\/www.encontramontesclaros.com.br\/noticias\/?p=344"},"modified":"2013-08-19T12:09:22","modified_gmt":"2013-08-19T12:09:22","slug":"a-equipe-do-encontra-montes-claros-deseja-as-nossas-leitoras-um-excelente-dia-internacional-da-mulher","status":"publish","type":"post","link":"https:\/\/www.encontramontesclaros.com.br\/noticias\/a-equipe-do-encontra-montes-claros-deseja-as-nossas-leitoras-um-excelente-dia-internacional-da-mulher\/","title":{"rendered":"A Equipe do Encontra Montes Claros deseja \u00e0s nossas leitoras um excelente Dia Internacional da Mulher"},"content":{"rendered":"<p>Desejamos a todas as mulheres, leitoras, visitantes e f\u00e3s do Encontra Montes Claros um excelente Dia Internacional da Mulher.\u00a0 Gostar\u00edamos de expressar todo nosso respeito e admira\u00e7\u00e3o pelas mulheres que colaboram de v\u00e1rias maneiras diferentes por um mundo melhor e parabenizar pelos avan\u00e7os sociais, pol\u00edticos e econ\u00f4micos conquistados nos \u00faltimos anos.<\/p>\n<p>Felicidades a todas as mulheres!<\/p>\n<p><b><br \/>\nSobre o Dia Internacional da Mulher<\/b><\/p>\n<p>O Dia Internacional da Mulher, celebrado em 8 de mar\u00e7o, tem como origem as manifesta\u00e7\u00f5es das mulheres russas por melhores condi\u00e7\u00f5es de vida e trabalho e contra a entrada da R\u00fassia czarista na Primeira Guerra Mundial. Essas manifesta\u00e7\u00f5es marcaram o in\u00edcio da Revolu\u00e7\u00e3o de 1917. Entretanto a ideia de celebrar um dia da mulher j\u00e1 havia surgido desde os primeiros anos do s\u00e9culo XX, nos Estados Unidos e na Europa, no contexto das lutas de mulheres por melhores condi\u00e7\u00f5es de vida e trabalho, bem como pelo direito de voto.<\/p>\n<p>No Ocidente, o Dia Internacional da Mulher foi comemorado no in\u00edcio do s\u00e9culo, at\u00e9 a d\u00e9cada de 1920.<\/p>\n<p>Na antiga Uni\u00e3o Sovi\u00e9tica, durante o stalinismo, o Dia Internacional da Mulher tornou-se elemento de propaganda partid\u00e1ria.<\/p>\n<p>Nos pa\u00edses ocidentais, a data foi esquecida por longo tempo e somente recuperada pelo movimento feminista, j\u00e1 na d\u00e9cada de 1960. Na atualidade, a celebra\u00e7\u00e3o do Dia Internacional da Mulher perdeu parcialmente o seu sentido original, adquirindo um car\u00e1ter festivo e comercial. Nessa data, os empregadores, sem certamente pretender evocar o esp\u00edrito das oper\u00e1rias grevistas do 8 de mar\u00e7o de 1917, costumam distribuir rosas vermelhas ou pequenos mimos entre suas empregadas.<\/p>\n<p>Em 1975, foi designado pela ONU como o Ano Internacional da Mulher e, em dezembro de 1977, o Dia Internacional da Mulher foi adotado pelas Na\u00e7\u00f5es Unidas, para lembrar as conquistas sociais, pol\u00edticas e econ\u00f4micas das mulheres.<\/p>\n","protected":false},"excerpt":{"rendered":"<p>Desejamos a todas as mulheres, leitoras, visitantes e f\u00e3s do Encontra Montes Claros um excelente Dia Internacional da Mulher.\u00a0 Gostar\u00edamos de expressar todo nosso respeito e admira\u00e7\u00e3o pelas mulheres que colaboram de v\u00e1rias maneiras diferentes por um mundo melhor e parabenizar pelos avan\u00e7os sociais, pol\u00edticos e econ\u00f4micos conquistados nos \u00faltimos anos. Felicidades a todas as [&hellip;]<\/p>\n","protected":false},"author":1,"featured_media":0,"comment_status":"open","ping_status":"open","sticky":false,"template":"","format":"standard","meta":{"footnotes":""},"categories":[6],"tags":[],"class_list":["post-344","post","type-post","status-publish","format-standard","hentry","category-noticias-montes-claros"],"yoast_head":"<!-- This site is optimized with the Yoast SEO plugin v25.9 - https:\/\/yoast.com\/wordpress\/plugins\/seo\/ -->\n<title>A Equipe do Encontra Montes Claros deseja \u00e0s nossas leitoras um excelente Dia Internacional da Mulher - Not\u00edcias da Cidade Montes Claros<\/title>\n<meta name=\"robots\" content=\"index, follow, max-snippet:-1, max-image-preview:large, max-video-preview:-1\" \/>\n<link rel=\"canonical\" href=\"https:\/\/www.encontramontesclaros.com.br\/noticias\/a-equipe-do-encontra-montes-claros-deseja-as-nossas-leitoras-um-excelente-dia-internacional-da-mulher\/\" \/>\n<meta property=\"og:locale\" content=\"pt_BR\" \/>\n<meta property=\"og:type\" content=\"article\" \/>\n<meta property=\"og:title\" content=\"A Equipe do Encontra Montes Claros deseja \u00e0s nossas leitoras um excelente Dia Internacional da Mulher - Not\u00edcias da Cidade Montes Claros\" \/>\n<meta property=\"og:description\" content=\"Desejamos a todas as mulheres, leitoras, visitantes e f\u00e3s do Encontra Montes Claros um excelente Dia Internacional da Mulher.\u00a0 Gostar\u00edamos de expressar todo nosso respeito e admira\u00e7\u00e3o pelas mulheres que colaboram de v\u00e1rias maneiras diferentes por um mundo melhor e parabenizar pelos avan\u00e7os sociais, pol\u00edticos e econ\u00f4micos conquistados nos \u00faltimos anos. Felicidades a todas as [&hellip;]\" \/>\n<meta property=\"og:url\" content=\"https:\/\/www.encontramontesclaros.com.br\/noticias\/a-equipe-do-encontra-montes-claros-deseja-as-nossas-leitoras-um-excelente-dia-internacional-da-mulher\/\" \/>\n<meta property=\"og:site_name\" content=\"Not\u00edcias da Cidade Montes Claros\" \/>\n<meta property=\"article:published_time\" content=\"2013-03-08T16:50:19+00:00\" \/>\n<meta property=\"article:modified_time\" content=\"2013-08-19T12:09:22+00:00\" \/>\n<meta name=\"author\" content=\"Encontra Montes Claros\" \/>\n<meta name=\"twitter:card\" content=\"summary_large_image\" \/>\n<meta name=\"twitter:label1\" content=\"Escrito por\" \/>\n\t<meta name=\"twitter:data1\" content=\"Encontra Montes Claros\" \/>\n\t<meta name=\"twitter:label2\" content=\"Est. tempo de leitura\" \/>\n\t<meta name=\"twitter:data2\" content=\"2 minutos\" \/>\n<script type=\"application\/ld+json\" class=\"yoast-schema-graph\">{\"@context\":\"https:\/\/schema.org\",\"@graph\":[{\"@type\":\"WebPage\",\"@id\":\"https:\/\/www.encontramontesclaros.com.br\/noticias\/a-equipe-do-encontra-montes-claros-deseja-as-nossas-leitoras-um-excelente-dia-internacional-da-mulher\/\",\"url\":\"https:\/\/www.encontramontesclaros.com.br\/noticias\/a-equipe-do-encontra-montes-claros-deseja-as-nossas-leitoras-um-excelente-dia-internacional-da-mulher\/\",\"name\":\"A Equipe do Encontra Montes Claros deseja \u00e0s nossas leitoras um excelente Dia Internacional da Mulher - Not\u00edcias da Cidade Montes Claros\",\"isPartOf\":{\"@id\":\"https:\/\/www.encontramontesclaros.com.br\/noticias\/#website\"},\"datePublished\":\"2013-03-08T16:50:19+00:00\",\"dateModified\":\"2013-08-19T12:09:22+00:00\",\"author\":{\"@id\":\"https:\/\/www.encontramontesclaros.com.br\/noticias\/#\/schema\/person\/aee9ea87107989474197d40d1258976d\"},\"breadcrumb\":{\"@id\":\"https:\/\/www.encontramontesclaros.com.br\/noticias\/a-equipe-do-encontra-montes-claros-deseja-as-nossas-leitoras-um-excelente-dia-internacional-da-mulher\/#breadcrumb\"},\"inLanguage\":\"pt-BR\",\"potentialAction\":[{\"@type\":\"ReadAction\",\"target\":[\"https:\/\/www.encontramontesclaros.com.br\/noticias\/a-equipe-do-encontra-montes-claros-deseja-as-nossas-leitoras-um-excelente-dia-internacional-da-mulher\/\"]}]},{\"@type\":\"BreadcrumbList\",\"@id\":\"https:\/\/www.encontramontesclaros.com.br\/noticias\/a-equipe-do-encontra-montes-claros-deseja-as-nossas-leitoras-um-excelente-dia-internacional-da-mulher\/#breadcrumb\",\"itemListElement\":[{\"@type\":\"ListItem\",\"position\":1,\"name\":\"In\u00edcio\",\"item\":\"https:\/\/www.encontramontesclaros.com.br\/noticias\/\"},{\"@type\":\"ListItem\",\"position\":2,\"name\":\"A Equipe do Encontra Montes Claros deseja \u00e0s nossas leitoras um excelente Dia Internacional da Mulher\"}]},{\"@type\":\"WebSite\",\"@id\":\"https:\/\/www.encontramontesclaros.com.br\/noticias\/#website\",\"url\":\"https:\/\/www.encontramontesclaros.com.br\/noticias\/\",\"name\":\"Not\u00edcias da Cidade Montes Claros\",\"description\":\"Not\u00edcias, eventos, informa\u00e7\u00f5es e dicas da cidade de Montes Claros e regi\u00e3o\",\"potentialAction\":[{\"@type\":\"SearchAction\",\"target\":{\"@type\":\"EntryPoint\",\"urlTemplate\":\"https:\/\/www.encontramontesclaros.com.br\/noticias\/?s={search_term_string}\"},\"query-input\":{\"@type\":\"PropertyValueSpecification\",\"valueRequired\":true,\"valueName\":\"search_term_string\"}}],\"inLanguage\":\"pt-BR\"},{\"@type\":\"Person\",\"@id\":\"https:\/\/www.encontramontesclaros.com.br\/noticias\/#\/schema\/person\/aee9ea87107989474197d40d1258976d\",\"name\":\"Encontra Montes Claros\",\"image\":{\"@type\":\"ImageObject\",\"inLanguage\":\"pt-BR\",\"@id\":\"https:\/\/www.encontramontesclaros.com.br\/noticias\/#\/schema\/person\/image\/\",\"url\":\"https:\/\/secure.gravatar.com\/avatar\/507340682b8270222e1f208e23198b6ae7e2c6a1033ae84e99bc6bce4f82a387?s=96&d=mm&r=g\",\"contentUrl\":\"https:\/\/secure.gravatar.com\/avatar\/507340682b8270222e1f208e23198b6ae7e2c6a1033ae84e99bc6bce4f82a387?s=96&d=mm&r=g\",\"caption\":\"Encontra Montes Claros\"},\"sameAs\":[\"http:\/\/www.encontramontesclaros.com.br\"],\"url\":\"https:\/\/www.encontramontesclaros.com.br\/noticias\/author\/emontesclaros\/\"}]}<\/script>\n<!-- \/ Yoast SEO plugin. -->","yoast_head_json":{"title":"A Equipe do Encontra Montes Claros deseja \u00e0s nossas leitoras um excelente Dia Internacional da Mulher - Not\u00edcias da Cidade Montes Claros","robots":{"index":"index","follow":"follow","max-snippet":"max-snippet:-1","max-image-preview":"max-image-preview:large","max-video-preview":"max-video-preview:-1"},"canonical":"https:\/\/www.encontramontesclaros.com.br\/noticias\/a-equipe-do-encontra-montes-claros-deseja-as-nossas-leitoras-um-excelente-dia-internacional-da-mulher\/","og_locale":"pt_BR","og_type":"article","og_title":"A Equipe do Encontra Montes Claros deseja \u00e0s nossas leitoras um excelente Dia Internacional da Mulher - Not\u00edcias da Cidade Montes Claros","og_description":"Desejamos a todas as mulheres, leitoras, visitantes e f\u00e3s do Encontra Montes Claros um excelente Dia Internacional da Mulher.\u00a0 Gostar\u00edamos de expressar todo nosso respeito e admira\u00e7\u00e3o pelas mulheres que colaboram de v\u00e1rias maneiras diferentes por um mundo melhor e parabenizar pelos avan\u00e7os sociais, pol\u00edticos e econ\u00f4micos conquistados nos \u00faltimos anos. Felicidades a todas as [&hellip;]","og_url":"https:\/\/www.encontramontesclaros.com.br\/noticias\/a-equipe-do-encontra-montes-claros-deseja-as-nossas-leitoras-um-excelente-dia-internacional-da-mulher\/","og_site_name":"Not\u00edcias da Cidade Montes Claros","article_published_time":"2013-03-08T16:50:19+00:00","article_modified_time":"2013-08-19T12:09:22+00:00","author":"Encontra Montes Claros","twitter_card":"summary_large_image","twitter_misc":{"Escrito por":"Encontra Montes Claros","Est. tempo de leitura":"2 minutos"},"schema":{"@context":"https:\/\/schema.org","@graph":[{"@type":"WebPage","@id":"https:\/\/www.encontramontesclaros.com.br\/noticias\/a-equipe-do-encontra-montes-claros-deseja-as-nossas-leitoras-um-excelente-dia-internacional-da-mulher\/","url":"https:\/\/www.encontramontesclaros.com.br\/noticias\/a-equipe-do-encontra-montes-claros-deseja-as-nossas-leitoras-um-excelente-dia-internacional-da-mulher\/","name":"A Equipe do Encontra Montes Claros deseja \u00e0s nossas leitoras um excelente Dia Internacional da Mulher - Not\u00edcias da Cidade Montes Claros","isPartOf":{"@id":"https:\/\/www.encontramontesclaros.com.br\/noticias\/#website"},"datePublished":"2013-03-08T16:50:19+00:00","dateModified":"2013-08-19T12:09:22+00:00","author":{"@id":"https:\/\/www.encontramontesclaros.com.br\/noticias\/#\/schema\/person\/aee9ea87107989474197d40d1258976d"},"breadcrumb":{"@id":"https:\/\/www.encontramontesclaros.com.br\/noticias\/a-equipe-do-encontra-montes-claros-deseja-as-nossas-leitoras-um-excelente-dia-internacional-da-mulher\/#breadcrumb"},"inLanguage":"pt-BR","potentialAction":[{"@type":"ReadAction","target":["https:\/\/www.encontramontesclaros.com.br\/noticias\/a-equipe-do-encontra-montes-claros-deseja-as-nossas-leitoras-um-excelente-dia-internacional-da-mulher\/"]}]},{"@type":"BreadcrumbList","@id":"https:\/\/www.encontramontesclaros.com.br\/noticias\/a-equipe-do-encontra-montes-claros-deseja-as-nossas-leitoras-um-excelente-dia-internacional-da-mulher\/#breadcrumb","itemListElement":[{"@type":"ListItem","position":1,"name":"In\u00edcio","item":"https:\/\/www.encontramontesclaros.com.br\/noticias\/"},{"@type":"ListItem","position":2,"name":"A Equipe do Encontra Montes Claros deseja \u00e0s nossas leitoras um excelente Dia Internacional da Mulher"}]},{"@type":"WebSite","@id":"https:\/\/www.encontramontesclaros.com.br\/noticias\/#website","url":"https:\/\/www.encontramontesclaros.com.br\/noticias\/","name":"Not\u00edcias da Cidade Montes Claros","description":"Not\u00edcias, eventos, informa\u00e7\u00f5es e dicas da cidade de Montes Claros e regi\u00e3o","potentialAction":[{"@type":"SearchAction","target":{"@type":"EntryPoint","urlTemplate":"https:\/\/www.encontramontesclaros.com.br\/noticias\/?s={search_term_string}"},"query-input":{"@type":"PropertyValueSpecification","valueRequired":true,"valueName":"search_term_string"}}],"inLanguage":"pt-BR"},{"@type":"Person","@id":"https:\/\/www.encontramontesclaros.com.br\/noticias\/#\/schema\/person\/aee9ea87107989474197d40d1258976d","name":"Encontra Montes Claros","image":{"@type":"ImageObject","inLanguage":"pt-BR","@id":"https:\/\/www.encontramontesclaros.com.br\/noticias\/#\/schema\/person\/image\/","url":"https:\/\/secure.gravatar.com\/avatar\/507340682b8270222e1f208e23198b6ae7e2c6a1033ae84e99bc6bce4f82a387?s=96&d=mm&r=g","contentUrl":"https:\/\/secure.gravatar.com\/avatar\/507340682b8270222e1f208e23198b6ae7e2c6a1033ae84e99bc6bce4f82a387?s=96&d=mm&r=g","caption":"Encontra Montes Claros"},"sameAs":["http:\/\/www.encontramontesclaros.com.br"],"url":"https:\/\/www.encontramontesclaros.com.br\/noticias\/author\/emontesclaros\/"}]}},"_links":{"self":[{"href":"https:\/\/www.encontramontesclaros.com.br\/noticias\/wp-json\/wp\/v2\/posts\/344","targetHints":{"allow":["GET"]}}],"collection":[{"href":"https:\/\/www.encontramontesclaros.com.br\/noticias\/wp-json\/wp\/v2\/posts"}],"about":[{"href":"https:\/\/www.encontramontesclaros.com.br\/noticias\/wp-json\/wp\/v2\/types\/post"}],"author":[{"embeddable":true,"href":"https:\/\/www.encontramontesclaros.com.br\/noticias\/wp-json\/wp\/v2\/users\/1"}],"replies":[{"embeddable":true,"href":"https:\/\/www.encontramontesclaros.com.br\/noticias\/wp-json\/wp\/v2\/comments?post=344"}],"version-history":[{"count":3,"href":"https:\/\/www.encontramontesclaros.com.br\/noticias\/wp-json\/wp\/v2\/posts\/344\/revisions"}],"predecessor-version":[{"id":346,"href":"https:\/\/www.encontramontesclaros.com.br\/noticias\/wp-json\/wp\/v2\/posts\/344\/revisions\/346"}],"wp:attachment":[{"href":"https:\/\/www.encontramontesclaros.com.br\/noticias\/wp-json\/wp\/v2\/media?parent=344"}],"wp:term":[{"taxonomy":"category","embeddable":true,"href":"https:\/\/www.encontramontesclaros.com.br\/noticias\/wp-json\/wp\/v2\/categories?post=344"},{"taxonomy":"post_tag","embeddable":true,"href":"https:\/\/www.encontramontesclaros.com.br\/noticias\/wp-json\/wp\/v2\/tags?post=344"}],"curies":[{"name":"wp","href":"https:\/\/api.w.org\/{rel}","templated":true}]}}