{"id":340,"date":"2013-03-07T13:33:45","date_gmt":"2013-03-07T13:33:45","guid":{"rendered":"http:\/\/www.encontramontesclaros.com.br\/noticias\/?p=340"},"modified":"2013-08-19T12:08:55","modified_gmt":"2013-08-19T12:08:55","slug":"montes-claros-tera-programacao-especial-para-as-mulheres","status":"publish","type":"post","link":"https:\/\/www.encontramontesclaros.com.br\/noticias\/montes-claros-tera-programacao-especial-para-as-mulheres\/","title":{"rendered":"Montes Claros ter\u00e1 programa\u00e7\u00e3o  especial para as mulheres"},"content":{"rendered":"<p>Para comemorar o Dia Internacional da Mulher a <a title=\"Prefeitura de Montes Claros\" href=\"http:\/\/www.encontramontesclaros.com.br\/montes-claros\/prefeitura-municipal-de-montes-claros.shtml\" target=\"_blank\">Prefeitura de Montes Claros<\/a>, atrav\u00e9s da Secretaria de Cultura, Esporte e Juventude e com o apoio da Associa\u00e7\u00e3o de Promo\u00e7\u00e3o e A\u00e7\u00e3o Social (APAS) e da Universidade Estadual de Montes Claros (Unimontes), realizar\u00e1 no pr\u00f3ximo dia 08, sexta-feira, uma noite especial para homenagear todas as mulheres, especialmente as montes-clarenses. A programa\u00e7\u00e3o come\u00e7a no Casar\u00e3o da Fafil, \u00e0s 20 horas, com a abertura solene da Exposi\u00e7\u00e3o Coletiva de Artistas Pl\u00e1sticos Olhar Feminino, que apresentar\u00e1 obras de 34 artistas convidadas.<\/p>\n<p>Na oportunidade, a Prefeitura vai realizar uma homenagem \u00e0 escritora montes-clarense Yvone Silveira. \u201cEla faz parte da hist\u00f3ria de Montes Claros, tem 98 anos de sabedoria e dedica\u00e7\u00e3o \u00e0s letras, por isso, nada mais justo que prestar a ela essa homenagem\u201d, afirmou o secret\u00e1rio de Cultura, Esporte e Juventude, Carlos Muniz.<\/p>\n<p>O secret\u00e1rio ainda destacou que o evento ocorre dentro da programa\u00e7\u00e3o do projeto cultural Papo em Dia, que realiza mensalmente eventos culturais para incentivar a rela\u00e7\u00e3o de diversos artistas com o p\u00fablico, atrav\u00e9s do encontro de v\u00e1rios segmentos, como a dan\u00e7a, a m\u00fasica e as artes pl\u00e1sticas. \u201cAl\u00e9m disso, \u00e9 mais uma oportunidade de usar o espa\u00e7o do Corredor Cultural\u201d, enfatiza o secret\u00e1rio.<\/p>\n<p><strong>Mais homenagens<\/strong> &#8211; Al\u00e9m de Yvone Silveira, mais 11 mulheres tamb\u00e9m ser\u00e3o homenageadas. S\u00e3o elas: M\u00e1rcia Ribeiro Pinheiro, assistente social, filha do ex-prefeito M\u00e1rio Ribeiro e uma das fundadoras da APAS; Ant\u00f4nia Colares, mais conhecida como Tonha, que como enfermeira trabalhou muitos anos no Hospital Santa Casa, colaborando nos servi\u00e7os de parto; Karla Maia Malveira, fisioterapeuta, que exerce importante trabalho na assist\u00eancia \u00e0s crian\u00e7as com c\u00e2ncer; Maria de Jesus, a primeira mulher m\u00e9dica da cidade; Raquel Muniz, pedagoga, m\u00e9dica, primeira-dama, presidente da APAS e chefe de Gabinete da atual administra\u00e7\u00e3o municipal de Montes Claros; Mirtis Fr\u00f3es Medeiros, segunda-dama e vice-presidente da APAS; Marly das Gra\u00e7as, vereadora; Eva Conegundes, professora de portugu\u00eas que tanto contribuiu e contribui para a forma\u00e7\u00e3o dos jovens que estudam no munic\u00edpio; Iracen\u00edria Fernandes da Silva, professora e diretora do Conservat\u00f3rio Estadual de M\u00fasica Lorenzo Fern\u00e2ndez; Ruth Tupinamb\u00e1, a mais importante memorialista de Montes Claros, sendo reverenciada por muitos como a Cora Coralina de Montes Claros; e Ruth Tolentino, graduada em matem\u00e1tica, professora e ex-provedora do Hospital Aroldo Tourinho.<\/p>\n<p><strong>Eventos na cidade de Montes Claros \u2013 <\/strong> Para encerrar a noite,<strong><\/strong>\u00e0s 21 horas, no Corredor Cultural Padre Dudu, acontecer\u00e1 o show \u201cPelas Estradas do Meu Sert\u00e3o\u201d, com o compositor e violonista montes-clarense Jukita Queiroz. \u201c O show \u00e9 uma divulga\u00e7\u00e3o do meu segundo CD solo, onde apresento algumas can\u00e7\u00f5es deste disco, al\u00e9m de composi\u00e7\u00f5es de Renato Teixeira, Grupo Ra\u00edzes, algumas m\u00fasicas de dom\u00ednio p\u00fablico, e outras\u201d, informa Jukita, que garante que quem comparecer ao evento ainda ter\u00e1 v\u00e1rias surpresas com o repert\u00f3rio, que vai incluir algumas can\u00e7\u00f5es para homenagear a mulher montes-clarense. E ele diz por que fazer essa homenagem \u00e0s mulheres: \u201cAcredito que pela hist\u00f3ria de conquistas constru\u00edda pela mulher, que j\u00e1 sofreu e sofre com o preconceito e a desvaloriza\u00e7\u00e3o na sociedade ainda machista, \u00e9 importante comemorar este dia para conscientizar as pessoas que ainda pensam que a mulher \u00e9 o sexo fr\u00e1gil&#8230;N\u00e3o \u00e9, muito pelo contr\u00e1rio\u201d, defende o m\u00fasico.<\/p>\n<p><em>Fonte: Prefeitura Montes Claros<\/em><\/p>\n","protected":false},"excerpt":{"rendered":"<p>Para comemorar o Dia Internacional da Mulher a Prefeitura de Montes Claros, atrav\u00e9s da Secretaria de Cultura, Esporte e Juventude e com o apoio da Associa\u00e7\u00e3o de Promo\u00e7\u00e3o e A\u00e7\u00e3o Social (APAS) e da Universidade Estadual de Montes Claros (Unimontes), realizar\u00e1 no pr\u00f3ximo dia 08, sexta-feira, uma noite especial para homenagear todas as mulheres, especialmente [&hellip;]<\/p>\n","protected":false},"author":1,"featured_media":0,"comment_status":"open","ping_status":"open","sticky":false,"template":"","format":"standard","meta":{"footnotes":""},"categories":[6],"tags":[],"class_list":["post-340","post","type-post","status-publish","format-standard","hentry","category-noticias-montes-claros"],"yoast_head":"<!-- This site is optimized with the Yoast SEO plugin v25.9 - https:\/\/yoast.com\/wordpress\/plugins\/seo\/ -->\n<title>Montes Claros ter\u00e1 programa\u00e7\u00e3o especial para as mulheres - Not\u00edcias da Cidade Montes Claros<\/title>\n<meta name=\"robots\" content=\"index, follow, max-snippet:-1, max-image-preview:large, max-video-preview:-1\" \/>\n<link rel=\"canonical\" href=\"https:\/\/www.encontramontesclaros.com.br\/noticias\/montes-claros-tera-programacao-especial-para-as-mulheres\/\" \/>\n<meta property=\"og:locale\" content=\"pt_BR\" \/>\n<meta property=\"og:type\" content=\"article\" \/>\n<meta property=\"og:title\" content=\"Montes Claros ter\u00e1 programa\u00e7\u00e3o especial para as mulheres - Not\u00edcias da Cidade Montes Claros\" \/>\n<meta property=\"og:description\" content=\"Para comemorar o Dia Internacional da Mulher a Prefeitura de Montes Claros, atrav\u00e9s da Secretaria de Cultura, Esporte e Juventude e com o apoio da Associa\u00e7\u00e3o de Promo\u00e7\u00e3o e A\u00e7\u00e3o Social (APAS) e da Universidade Estadual de Montes Claros (Unimontes), realizar\u00e1 no pr\u00f3ximo dia 08, sexta-feira, uma noite especial para homenagear todas as mulheres, especialmente [&hellip;]\" \/>\n<meta property=\"og:url\" content=\"https:\/\/www.encontramontesclaros.com.br\/noticias\/montes-claros-tera-programacao-especial-para-as-mulheres\/\" \/>\n<meta property=\"og:site_name\" content=\"Not\u00edcias da Cidade Montes Claros\" \/>\n<meta property=\"article:published_time\" content=\"2013-03-07T13:33:45+00:00\" \/>\n<meta property=\"article:modified_time\" content=\"2013-08-19T12:08:55+00:00\" \/>\n<meta name=\"author\" content=\"Encontra Montes Claros\" \/>\n<meta name=\"twitter:card\" content=\"summary_large_image\" \/>\n<meta name=\"twitter:label1\" content=\"Escrito por\" \/>\n\t<meta name=\"twitter:data1\" content=\"Encontra Montes Claros\" \/>\n\t<meta name=\"twitter:label2\" content=\"Est. tempo de leitura\" \/>\n\t<meta name=\"twitter:data2\" content=\"3 minutos\" \/>\n<script type=\"application\/ld+json\" class=\"yoast-schema-graph\">{\"@context\":\"https:\/\/schema.org\",\"@graph\":[{\"@type\":\"WebPage\",\"@id\":\"https:\/\/www.encontramontesclaros.com.br\/noticias\/montes-claros-tera-programacao-especial-para-as-mulheres\/\",\"url\":\"https:\/\/www.encontramontesclaros.com.br\/noticias\/montes-claros-tera-programacao-especial-para-as-mulheres\/\",\"name\":\"Montes Claros ter\u00e1 programa\u00e7\u00e3o especial para as mulheres - Not\u00edcias da Cidade Montes Claros\",\"isPartOf\":{\"@id\":\"https:\/\/www.encontramontesclaros.com.br\/noticias\/#website\"},\"datePublished\":\"2013-03-07T13:33:45+00:00\",\"dateModified\":\"2013-08-19T12:08:55+00:00\",\"author\":{\"@id\":\"https:\/\/www.encontramontesclaros.com.br\/noticias\/#\/schema\/person\/aee9ea87107989474197d40d1258976d\"},\"breadcrumb\":{\"@id\":\"https:\/\/www.encontramontesclaros.com.br\/noticias\/montes-claros-tera-programacao-especial-para-as-mulheres\/#breadcrumb\"},\"inLanguage\":\"pt-BR\",\"potentialAction\":[{\"@type\":\"ReadAction\",\"target\":[\"https:\/\/www.encontramontesclaros.com.br\/noticias\/montes-claros-tera-programacao-especial-para-as-mulheres\/\"]}]},{\"@type\":\"BreadcrumbList\",\"@id\":\"https:\/\/www.encontramontesclaros.com.br\/noticias\/montes-claros-tera-programacao-especial-para-as-mulheres\/#breadcrumb\",\"itemListElement\":[{\"@type\":\"ListItem\",\"position\":1,\"name\":\"In\u00edcio\",\"item\":\"https:\/\/www.encontramontesclaros.com.br\/noticias\/\"},{\"@type\":\"ListItem\",\"position\":2,\"name\":\"Montes Claros ter\u00e1 programa\u00e7\u00e3o especial para as mulheres\"}]},{\"@type\":\"WebSite\",\"@id\":\"https:\/\/www.encontramontesclaros.com.br\/noticias\/#website\",\"url\":\"https:\/\/www.encontramontesclaros.com.br\/noticias\/\",\"name\":\"Not\u00edcias da Cidade Montes Claros\",\"description\":\"Not\u00edcias, eventos, informa\u00e7\u00f5es e dicas da cidade de Montes Claros e regi\u00e3o\",\"potentialAction\":[{\"@type\":\"SearchAction\",\"target\":{\"@type\":\"EntryPoint\",\"urlTemplate\":\"https:\/\/www.encontramontesclaros.com.br\/noticias\/?s={search_term_string}\"},\"query-input\":{\"@type\":\"PropertyValueSpecification\",\"valueRequired\":true,\"valueName\":\"search_term_string\"}}],\"inLanguage\":\"pt-BR\"},{\"@type\":\"Person\",\"@id\":\"https:\/\/www.encontramontesclaros.com.br\/noticias\/#\/schema\/person\/aee9ea87107989474197d40d1258976d\",\"name\":\"Encontra Montes Claros\",\"image\":{\"@type\":\"ImageObject\",\"inLanguage\":\"pt-BR\",\"@id\":\"https:\/\/www.encontramontesclaros.com.br\/noticias\/#\/schema\/person\/image\/\",\"url\":\"https:\/\/secure.gravatar.com\/avatar\/507340682b8270222e1f208e23198b6ae7e2c6a1033ae84e99bc6bce4f82a387?s=96&d=mm&r=g\",\"contentUrl\":\"https:\/\/secure.gravatar.com\/avatar\/507340682b8270222e1f208e23198b6ae7e2c6a1033ae84e99bc6bce4f82a387?s=96&d=mm&r=g\",\"caption\":\"Encontra Montes Claros\"},\"sameAs\":[\"http:\/\/www.encontramontesclaros.com.br\"],\"url\":\"https:\/\/www.encontramontesclaros.com.br\/noticias\/author\/emontesclaros\/\"}]}<\/script>\n<!-- \/ Yoast SEO plugin. -->","yoast_head_json":{"title":"Montes Claros ter\u00e1 programa\u00e7\u00e3o especial para as mulheres - Not\u00edcias da Cidade Montes Claros","robots":{"index":"index","follow":"follow","max-snippet":"max-snippet:-1","max-image-preview":"max-image-preview:large","max-video-preview":"max-video-preview:-1"},"canonical":"https:\/\/www.encontramontesclaros.com.br\/noticias\/montes-claros-tera-programacao-especial-para-as-mulheres\/","og_locale":"pt_BR","og_type":"article","og_title":"Montes Claros ter\u00e1 programa\u00e7\u00e3o especial para as mulheres - Not\u00edcias da Cidade Montes Claros","og_description":"Para comemorar o Dia Internacional da Mulher a Prefeitura de Montes Claros, atrav\u00e9s da Secretaria de Cultura, Esporte e Juventude e com o apoio da Associa\u00e7\u00e3o de Promo\u00e7\u00e3o e A\u00e7\u00e3o Social (APAS) e da Universidade Estadual de Montes Claros (Unimontes), realizar\u00e1 no pr\u00f3ximo dia 08, sexta-feira, uma noite especial para homenagear todas as mulheres, especialmente [&hellip;]","og_url":"https:\/\/www.encontramontesclaros.com.br\/noticias\/montes-claros-tera-programacao-especial-para-as-mulheres\/","og_site_name":"Not\u00edcias da Cidade Montes Claros","article_published_time":"2013-03-07T13:33:45+00:00","article_modified_time":"2013-08-19T12:08:55+00:00","author":"Encontra Montes Claros","twitter_card":"summary_large_image","twitter_misc":{"Escrito por":"Encontra Montes Claros","Est. tempo de leitura":"3 minutos"},"schema":{"@context":"https:\/\/schema.org","@graph":[{"@type":"WebPage","@id":"https:\/\/www.encontramontesclaros.com.br\/noticias\/montes-claros-tera-programacao-especial-para-as-mulheres\/","url":"https:\/\/www.encontramontesclaros.com.br\/noticias\/montes-claros-tera-programacao-especial-para-as-mulheres\/","name":"Montes Claros ter\u00e1 programa\u00e7\u00e3o especial para as mulheres - Not\u00edcias da Cidade Montes Claros","isPartOf":{"@id":"https:\/\/www.encontramontesclaros.com.br\/noticias\/#website"},"datePublished":"2013-03-07T13:33:45+00:00","dateModified":"2013-08-19T12:08:55+00:00","author":{"@id":"https:\/\/www.encontramontesclaros.com.br\/noticias\/#\/schema\/person\/aee9ea87107989474197d40d1258976d"},"breadcrumb":{"@id":"https:\/\/www.encontramontesclaros.com.br\/noticias\/montes-claros-tera-programacao-especial-para-as-mulheres\/#breadcrumb"},"inLanguage":"pt-BR","potentialAction":[{"@type":"ReadAction","target":["https:\/\/www.encontramontesclaros.com.br\/noticias\/montes-claros-tera-programacao-especial-para-as-mulheres\/"]}]},{"@type":"BreadcrumbList","@id":"https:\/\/www.encontramontesclaros.com.br\/noticias\/montes-claros-tera-programacao-especial-para-as-mulheres\/#breadcrumb","itemListElement":[{"@type":"ListItem","position":1,"name":"In\u00edcio","item":"https:\/\/www.encontramontesclaros.com.br\/noticias\/"},{"@type":"ListItem","position":2,"name":"Montes Claros ter\u00e1 programa\u00e7\u00e3o especial para as mulheres"}]},{"@type":"WebSite","@id":"https:\/\/www.encontramontesclaros.com.br\/noticias\/#website","url":"https:\/\/www.encontramontesclaros.com.br\/noticias\/","name":"Not\u00edcias da Cidade Montes Claros","description":"Not\u00edcias, eventos, informa\u00e7\u00f5es e dicas da cidade de Montes Claros e regi\u00e3o","potentialAction":[{"@type":"SearchAction","target":{"@type":"EntryPoint","urlTemplate":"https:\/\/www.encontramontesclaros.com.br\/noticias\/?s={search_term_string}"},"query-input":{"@type":"PropertyValueSpecification","valueRequired":true,"valueName":"search_term_string"}}],"inLanguage":"pt-BR"},{"@type":"Person","@id":"https:\/\/www.encontramontesclaros.com.br\/noticias\/#\/schema\/person\/aee9ea87107989474197d40d1258976d","name":"Encontra Montes Claros","image":{"@type":"ImageObject","inLanguage":"pt-BR","@id":"https:\/\/www.encontramontesclaros.com.br\/noticias\/#\/schema\/person\/image\/","url":"https:\/\/secure.gravatar.com\/avatar\/507340682b8270222e1f208e23198b6ae7e2c6a1033ae84e99bc6bce4f82a387?s=96&d=mm&r=g","contentUrl":"https:\/\/secure.gravatar.com\/avatar\/507340682b8270222e1f208e23198b6ae7e2c6a1033ae84e99bc6bce4f82a387?s=96&d=mm&r=g","caption":"Encontra Montes Claros"},"sameAs":["http:\/\/www.encontramontesclaros.com.br"],"url":"https:\/\/www.encontramontesclaros.com.br\/noticias\/author\/emontesclaros\/"}]}},"_links":{"self":[{"href":"https:\/\/www.encontramontesclaros.com.br\/noticias\/wp-json\/wp\/v2\/posts\/340","targetHints":{"allow":["GET"]}}],"collection":[{"href":"https:\/\/www.encontramontesclaros.com.br\/noticias\/wp-json\/wp\/v2\/posts"}],"about":[{"href":"https:\/\/www.encontramontesclaros.com.br\/noticias\/wp-json\/wp\/v2\/types\/post"}],"author":[{"embeddable":true,"href":"https:\/\/www.encontramontesclaros.com.br\/noticias\/wp-json\/wp\/v2\/users\/1"}],"replies":[{"embeddable":true,"href":"https:\/\/www.encontramontesclaros.com.br\/noticias\/wp-json\/wp\/v2\/comments?post=340"}],"version-history":[{"count":3,"href":"https:\/\/www.encontramontesclaros.com.br\/noticias\/wp-json\/wp\/v2\/posts\/340\/revisions"}],"predecessor-version":[{"id":342,"href":"https:\/\/www.encontramontesclaros.com.br\/noticias\/wp-json\/wp\/v2\/posts\/340\/revisions\/342"}],"wp:attachment":[{"href":"https:\/\/www.encontramontesclaros.com.br\/noticias\/wp-json\/wp\/v2\/media?parent=340"}],"wp:term":[{"taxonomy":"category","embeddable":true,"href":"https:\/\/www.encontramontesclaros.com.br\/noticias\/wp-json\/wp\/v2\/categories?post=340"},{"taxonomy":"post_tag","embeddable":true,"href":"https:\/\/www.encontramontesclaros.com.br\/noticias\/wp-json\/wp\/v2\/tags?post=340"}],"curies":[{"name":"wp","href":"https:\/\/api.w.org\/{rel}","templated":true}]}}