{"id":337,"date":"2013-03-07T13:29:37","date_gmt":"2013-03-07T13:29:37","guid":{"rendered":"http:\/\/www.encontramontesclaros.com.br\/noticias\/?p=337"},"modified":"2013-08-19T12:09:03","modified_gmt":"2013-08-19T12:09:03","slug":"suely-reis-e-a-nova-secretaria-de-educacao-de-montes-claros","status":"publish","type":"post","link":"https:\/\/www.encontramontesclaros.com.br\/noticias\/suely-reis-e-a-nova-secretaria-de-educacao-de-montes-claros\/","title":{"rendered":"Suely Reis \u00e9 a nova secret\u00e1ria de Educa\u00e7\u00e3o de Montes Claros"},"content":{"rendered":"<p>Suely Reis tomou posse na \u00faltima segunda feira (4) como secret\u00e1ria de Educa\u00e7\u00e3o na cidade de Montes Claros. Ela passa a ocupar o cargo de Rosivaldo Ant\u00f4nio Gon\u00e7alves, que ap\u00f3s assumir a vaga no in\u00edcio deste ano, deixou a secretaria alegando que j\u00e1 \u00e9 professor na Universidade Estadual de Montes Claros.<\/p>\n<p>O prefeito Rui Muniz falou sobre a decis\u00e3o do antigo secret\u00e1rio. \u201cO professor Rosivaldo tem um ganho superior como professor do que o ganho como secret\u00e1rio. A Unimontes n\u00e3o pode ced\u00ea-lo com \u00f4nus para a <a title=\"Prefeitura de Montes Claros\" href=\"http:\/\/www.encontramontesclaros.com.br\/montes-claros\/prefeitura-municipal-de-montes-claros.shtml\" target=\"_blank\">Prefeitura de Montes Claros<\/a>\u201d.<\/p>\n<p>A nova secret\u00e1ria diz acreditar no plano de trabalho desenvolvido para a educa\u00e7\u00e3o na cidade. Segundo ela, o objetivo \u00e9 alcan\u00e7ar a m\u00e9dia 7 no \u00cdndice de Desenvolvimento da Educa\u00e7\u00e3o B\u00e1sica (IDEB). \u201cVamos trabalhar para tornar a educa\u00e7\u00e3o de Montes Claros uma refer\u00eancia no estado. Ent\u00e3o o foco \u00e9 tornar as escolas organizadas e com qualidade\u201d.<\/p>\n<p>De acordo com o Prefeito Ruy Muniz, a troca de nomes na Secretaria n\u00e3o afeta o m\u00e9todo de trabalho. \u201cO projeto educacional continua o mesmo. Inclusive o Rosivaldo permanece na equipe como consultor e formador de professores\u201d.<\/p>\n<p><em>Fonte: G1<\/em><\/p>\n","protected":false},"excerpt":{"rendered":"<p>Suely Reis tomou posse na \u00faltima segunda feira (4) como secret\u00e1ria de Educa\u00e7\u00e3o na cidade de Montes Claros. Ela passa a ocupar o cargo de Rosivaldo Ant\u00f4nio Gon\u00e7alves, que ap\u00f3s assumir a vaga no in\u00edcio deste ano, deixou a secretaria alegando que j\u00e1 \u00e9 professor na Universidade Estadual de Montes Claros. O prefeito Rui Muniz [&hellip;]<\/p>\n","protected":false},"author":1,"featured_media":0,"comment_status":"open","ping_status":"open","sticky":false,"template":"","format":"standard","meta":{"footnotes":""},"categories":[6],"tags":[],"class_list":["post-337","post","type-post","status-publish","format-standard","hentry","category-noticias-montes-claros"],"yoast_head":"<!-- This site is optimized with the Yoast SEO plugin v25.9 - https:\/\/yoast.com\/wordpress\/plugins\/seo\/ -->\n<title>Suely Reis \u00e9 a nova secret\u00e1ria de Educa\u00e7\u00e3o de Montes Claros - Not\u00edcias da Cidade Montes Claros<\/title>\n<meta name=\"robots\" content=\"index, follow, max-snippet:-1, max-image-preview:large, max-video-preview:-1\" \/>\n<link rel=\"canonical\" href=\"https:\/\/www.encontramontesclaros.com.br\/noticias\/suely-reis-e-a-nova-secretaria-de-educacao-de-montes-claros\/\" \/>\n<meta property=\"og:locale\" content=\"pt_BR\" \/>\n<meta property=\"og:type\" content=\"article\" \/>\n<meta property=\"og:title\" content=\"Suely Reis \u00e9 a nova secret\u00e1ria de Educa\u00e7\u00e3o de Montes Claros - Not\u00edcias da Cidade Montes Claros\" \/>\n<meta property=\"og:description\" content=\"Suely Reis tomou posse na \u00faltima segunda feira (4) como secret\u00e1ria de Educa\u00e7\u00e3o na cidade de Montes Claros. Ela passa a ocupar o cargo de Rosivaldo Ant\u00f4nio Gon\u00e7alves, que ap\u00f3s assumir a vaga no in\u00edcio deste ano, deixou a secretaria alegando que j\u00e1 \u00e9 professor na Universidade Estadual de Montes Claros. O prefeito Rui Muniz [&hellip;]\" \/>\n<meta property=\"og:url\" content=\"https:\/\/www.encontramontesclaros.com.br\/noticias\/suely-reis-e-a-nova-secretaria-de-educacao-de-montes-claros\/\" \/>\n<meta property=\"og:site_name\" content=\"Not\u00edcias da Cidade Montes Claros\" \/>\n<meta property=\"article:published_time\" content=\"2013-03-07T13:29:37+00:00\" \/>\n<meta property=\"article:modified_time\" content=\"2013-08-19T12:09:03+00:00\" \/>\n<meta name=\"author\" content=\"Encontra Montes Claros\" \/>\n<meta name=\"twitter:card\" content=\"summary_large_image\" \/>\n<meta name=\"twitter:label1\" content=\"Escrito por\" \/>\n\t<meta name=\"twitter:data1\" content=\"Encontra Montes Claros\" \/>\n\t<meta name=\"twitter:label2\" content=\"Est. tempo de leitura\" \/>\n\t<meta name=\"twitter:data2\" content=\"1 minuto\" \/>\n<script type=\"application\/ld+json\" class=\"yoast-schema-graph\">{\"@context\":\"https:\/\/schema.org\",\"@graph\":[{\"@type\":\"WebPage\",\"@id\":\"https:\/\/www.encontramontesclaros.com.br\/noticias\/suely-reis-e-a-nova-secretaria-de-educacao-de-montes-claros\/\",\"url\":\"https:\/\/www.encontramontesclaros.com.br\/noticias\/suely-reis-e-a-nova-secretaria-de-educacao-de-montes-claros\/\",\"name\":\"Suely Reis \u00e9 a nova secret\u00e1ria de Educa\u00e7\u00e3o de Montes Claros - Not\u00edcias da Cidade Montes Claros\",\"isPartOf\":{\"@id\":\"https:\/\/www.encontramontesclaros.com.br\/noticias\/#website\"},\"datePublished\":\"2013-03-07T13:29:37+00:00\",\"dateModified\":\"2013-08-19T12:09:03+00:00\",\"author\":{\"@id\":\"https:\/\/www.encontramontesclaros.com.br\/noticias\/#\/schema\/person\/aee9ea87107989474197d40d1258976d\"},\"breadcrumb\":{\"@id\":\"https:\/\/www.encontramontesclaros.com.br\/noticias\/suely-reis-e-a-nova-secretaria-de-educacao-de-montes-claros\/#breadcrumb\"},\"inLanguage\":\"pt-BR\",\"potentialAction\":[{\"@type\":\"ReadAction\",\"target\":[\"https:\/\/www.encontramontesclaros.com.br\/noticias\/suely-reis-e-a-nova-secretaria-de-educacao-de-montes-claros\/\"]}]},{\"@type\":\"BreadcrumbList\",\"@id\":\"https:\/\/www.encontramontesclaros.com.br\/noticias\/suely-reis-e-a-nova-secretaria-de-educacao-de-montes-claros\/#breadcrumb\",\"itemListElement\":[{\"@type\":\"ListItem\",\"position\":1,\"name\":\"In\u00edcio\",\"item\":\"https:\/\/www.encontramontesclaros.com.br\/noticias\/\"},{\"@type\":\"ListItem\",\"position\":2,\"name\":\"Suely Reis \u00e9 a nova secret\u00e1ria de Educa\u00e7\u00e3o de Montes Claros\"}]},{\"@type\":\"WebSite\",\"@id\":\"https:\/\/www.encontramontesclaros.com.br\/noticias\/#website\",\"url\":\"https:\/\/www.encontramontesclaros.com.br\/noticias\/\",\"name\":\"Not\u00edcias da Cidade Montes Claros\",\"description\":\"Not\u00edcias, eventos, informa\u00e7\u00f5es e dicas da cidade de Montes Claros e regi\u00e3o\",\"potentialAction\":[{\"@type\":\"SearchAction\",\"target\":{\"@type\":\"EntryPoint\",\"urlTemplate\":\"https:\/\/www.encontramontesclaros.com.br\/noticias\/?s={search_term_string}\"},\"query-input\":{\"@type\":\"PropertyValueSpecification\",\"valueRequired\":true,\"valueName\":\"search_term_string\"}}],\"inLanguage\":\"pt-BR\"},{\"@type\":\"Person\",\"@id\":\"https:\/\/www.encontramontesclaros.com.br\/noticias\/#\/schema\/person\/aee9ea87107989474197d40d1258976d\",\"name\":\"Encontra Montes Claros\",\"image\":{\"@type\":\"ImageObject\",\"inLanguage\":\"pt-BR\",\"@id\":\"https:\/\/www.encontramontesclaros.com.br\/noticias\/#\/schema\/person\/image\/\",\"url\":\"https:\/\/secure.gravatar.com\/avatar\/507340682b8270222e1f208e23198b6ae7e2c6a1033ae84e99bc6bce4f82a387?s=96&d=mm&r=g\",\"contentUrl\":\"https:\/\/secure.gravatar.com\/avatar\/507340682b8270222e1f208e23198b6ae7e2c6a1033ae84e99bc6bce4f82a387?s=96&d=mm&r=g\",\"caption\":\"Encontra Montes Claros\"},\"sameAs\":[\"http:\/\/www.encontramontesclaros.com.br\"],\"url\":\"https:\/\/www.encontramontesclaros.com.br\/noticias\/author\/emontesclaros\/\"}]}<\/script>\n<!-- \/ Yoast SEO plugin. -->","yoast_head_json":{"title":"Suely Reis \u00e9 a nova secret\u00e1ria de Educa\u00e7\u00e3o de Montes Claros - Not\u00edcias da Cidade Montes Claros","robots":{"index":"index","follow":"follow","max-snippet":"max-snippet:-1","max-image-preview":"max-image-preview:large","max-video-preview":"max-video-preview:-1"},"canonical":"https:\/\/www.encontramontesclaros.com.br\/noticias\/suely-reis-e-a-nova-secretaria-de-educacao-de-montes-claros\/","og_locale":"pt_BR","og_type":"article","og_title":"Suely Reis \u00e9 a nova secret\u00e1ria de Educa\u00e7\u00e3o de Montes Claros - Not\u00edcias da Cidade Montes Claros","og_description":"Suely Reis tomou posse na \u00faltima segunda feira (4) como secret\u00e1ria de Educa\u00e7\u00e3o na cidade de Montes Claros. Ela passa a ocupar o cargo de Rosivaldo Ant\u00f4nio Gon\u00e7alves, que ap\u00f3s assumir a vaga no in\u00edcio deste ano, deixou a secretaria alegando que j\u00e1 \u00e9 professor na Universidade Estadual de Montes Claros. O prefeito Rui Muniz [&hellip;]","og_url":"https:\/\/www.encontramontesclaros.com.br\/noticias\/suely-reis-e-a-nova-secretaria-de-educacao-de-montes-claros\/","og_site_name":"Not\u00edcias da Cidade Montes Claros","article_published_time":"2013-03-07T13:29:37+00:00","article_modified_time":"2013-08-19T12:09:03+00:00","author":"Encontra Montes Claros","twitter_card":"summary_large_image","twitter_misc":{"Escrito por":"Encontra Montes Claros","Est. tempo de leitura":"1 minuto"},"schema":{"@context":"https:\/\/schema.org","@graph":[{"@type":"WebPage","@id":"https:\/\/www.encontramontesclaros.com.br\/noticias\/suely-reis-e-a-nova-secretaria-de-educacao-de-montes-claros\/","url":"https:\/\/www.encontramontesclaros.com.br\/noticias\/suely-reis-e-a-nova-secretaria-de-educacao-de-montes-claros\/","name":"Suely Reis \u00e9 a nova secret\u00e1ria de Educa\u00e7\u00e3o de Montes Claros - Not\u00edcias da Cidade Montes Claros","isPartOf":{"@id":"https:\/\/www.encontramontesclaros.com.br\/noticias\/#website"},"datePublished":"2013-03-07T13:29:37+00:00","dateModified":"2013-08-19T12:09:03+00:00","author":{"@id":"https:\/\/www.encontramontesclaros.com.br\/noticias\/#\/schema\/person\/aee9ea87107989474197d40d1258976d"},"breadcrumb":{"@id":"https:\/\/www.encontramontesclaros.com.br\/noticias\/suely-reis-e-a-nova-secretaria-de-educacao-de-montes-claros\/#breadcrumb"},"inLanguage":"pt-BR","potentialAction":[{"@type":"ReadAction","target":["https:\/\/www.encontramontesclaros.com.br\/noticias\/suely-reis-e-a-nova-secretaria-de-educacao-de-montes-claros\/"]}]},{"@type":"BreadcrumbList","@id":"https:\/\/www.encontramontesclaros.com.br\/noticias\/suely-reis-e-a-nova-secretaria-de-educacao-de-montes-claros\/#breadcrumb","itemListElement":[{"@type":"ListItem","position":1,"name":"In\u00edcio","item":"https:\/\/www.encontramontesclaros.com.br\/noticias\/"},{"@type":"ListItem","position":2,"name":"Suely Reis \u00e9 a nova secret\u00e1ria de Educa\u00e7\u00e3o de Montes Claros"}]},{"@type":"WebSite","@id":"https:\/\/www.encontramontesclaros.com.br\/noticias\/#website","url":"https:\/\/www.encontramontesclaros.com.br\/noticias\/","name":"Not\u00edcias da Cidade Montes Claros","description":"Not\u00edcias, eventos, informa\u00e7\u00f5es e dicas da cidade de Montes Claros e regi\u00e3o","potentialAction":[{"@type":"SearchAction","target":{"@type":"EntryPoint","urlTemplate":"https:\/\/www.encontramontesclaros.com.br\/noticias\/?s={search_term_string}"},"query-input":{"@type":"PropertyValueSpecification","valueRequired":true,"valueName":"search_term_string"}}],"inLanguage":"pt-BR"},{"@type":"Person","@id":"https:\/\/www.encontramontesclaros.com.br\/noticias\/#\/schema\/person\/aee9ea87107989474197d40d1258976d","name":"Encontra Montes Claros","image":{"@type":"ImageObject","inLanguage":"pt-BR","@id":"https:\/\/www.encontramontesclaros.com.br\/noticias\/#\/schema\/person\/image\/","url":"https:\/\/secure.gravatar.com\/avatar\/507340682b8270222e1f208e23198b6ae7e2c6a1033ae84e99bc6bce4f82a387?s=96&d=mm&r=g","contentUrl":"https:\/\/secure.gravatar.com\/avatar\/507340682b8270222e1f208e23198b6ae7e2c6a1033ae84e99bc6bce4f82a387?s=96&d=mm&r=g","caption":"Encontra Montes Claros"},"sameAs":["http:\/\/www.encontramontesclaros.com.br"],"url":"https:\/\/www.encontramontesclaros.com.br\/noticias\/author\/emontesclaros\/"}]}},"_links":{"self":[{"href":"https:\/\/www.encontramontesclaros.com.br\/noticias\/wp-json\/wp\/v2\/posts\/337","targetHints":{"allow":["GET"]}}],"collection":[{"href":"https:\/\/www.encontramontesclaros.com.br\/noticias\/wp-json\/wp\/v2\/posts"}],"about":[{"href":"https:\/\/www.encontramontesclaros.com.br\/noticias\/wp-json\/wp\/v2\/types\/post"}],"author":[{"embeddable":true,"href":"https:\/\/www.encontramontesclaros.com.br\/noticias\/wp-json\/wp\/v2\/users\/1"}],"replies":[{"embeddable":true,"href":"https:\/\/www.encontramontesclaros.com.br\/noticias\/wp-json\/wp\/v2\/comments?post=337"}],"version-history":[{"count":4,"href":"https:\/\/www.encontramontesclaros.com.br\/noticias\/wp-json\/wp\/v2\/posts\/337\/revisions"}],"predecessor-version":[{"id":548,"href":"https:\/\/www.encontramontesclaros.com.br\/noticias\/wp-json\/wp\/v2\/posts\/337\/revisions\/548"}],"wp:attachment":[{"href":"https:\/\/www.encontramontesclaros.com.br\/noticias\/wp-json\/wp\/v2\/media?parent=337"}],"wp:term":[{"taxonomy":"category","embeddable":true,"href":"https:\/\/www.encontramontesclaros.com.br\/noticias\/wp-json\/wp\/v2\/categories?post=337"},{"taxonomy":"post_tag","embeddable":true,"href":"https:\/\/www.encontramontesclaros.com.br\/noticias\/wp-json\/wp\/v2\/tags?post=337"}],"curies":[{"name":"wp","href":"https:\/\/api.w.org\/{rel}","templated":true}]}}