{"id":335,"date":"2013-03-11T01:25:50","date_gmt":"2013-03-11T01:25:50","guid":{"rendered":"http:\/\/www.encontramontesclaros.com.br\/noticias\/?p=335"},"modified":"2013-08-19T12:09:22","modified_gmt":"2013-08-19T12:09:22","slug":"prazo-para-pagamento-integral-do-iptu-em-montes-claros-e-12-de-abril","status":"publish","type":"post","link":"https:\/\/www.encontramontesclaros.com.br\/noticias\/prazo-para-pagamento-integral-do-iptu-em-montes-claros-e-12-de-abril\/","title":{"rendered":"Prazo para pagamento integral do IPTU em Montes Claros \u00e9 12 de abril"},"content":{"rendered":"<div id=\"materia-letra\">\n<div>\n<div>\n<p>Prazo para quita\u00e7\u00e3o do Imposto Predial e Territorial Urbano (IPTU), em parcela \u00fanica em Montes Claros, \u00e9 at\u00e9 12 de abril de 2013. Segundo Secretaria de Fazenda, as guias para pagamento j\u00e1 est\u00e3o dispon\u00edveis no site da <a title=\"Prefeitura de Montes Claros\" href=\"http:\/\/www.encontramontesclaros.com.br\/montes-claros\/prefeitura-municipal-de-montes-claros.shtml\" target=\"_blank\">Prefeitura de Montes Claros<\/a>. O pagamento integral do tributo tem desconto de 7%.<\/p>\n<p>Ao acessar a p\u00e1gina, o contribuinte ter\u00e1 que clicar no link 2\u00aa via de carn\u00ea 2013. \u00c9 necess\u00e1rio ter em m\u00e3os o n\u00famero do im\u00f3vel na cidade de Montes Claros, que pode ser encontrado no carn\u00ea de 2012.<\/p>\n<p>Outra op\u00e7\u00e3o para pagamento \u00e9 pela guia de pagamento, que ser\u00e1 enviado a cada contribuinte. Caso a forma de pagamento escolhida seja a parcelada, o valor do IPTU poder\u00e1 ser dividido em at\u00e9 nove vezes. A guia em casa poder\u00e1 ser utilizada para efetuar o primeiro pagamento, depois ser\u00e1 enviado um carn\u00ea com as demais parcelas , sendo que a o prazo para pagamento da segunda parcela vence no dia 28 de maio.<\/p>\n<p>Segundo Sebasti\u00e3o Prates, da Secretaria Municipal de Fazenda, \u201co parcelamento s\u00f3 poder\u00e1 ser realizado se a parcela for superior a R$ 25,00\u201d.<\/p>\n<p><em>Fonte: G1<\/em><\/p>\n<\/div>\n<\/div>\n<\/div>\n","protected":false},"excerpt":{"rendered":"<p>Prazo para quita\u00e7\u00e3o do Imposto Predial e Territorial Urbano (IPTU), em parcela \u00fanica em Montes Claros, \u00e9 at\u00e9 12 de abril de 2013. Segundo Secretaria de Fazenda, as guias para pagamento j\u00e1 est\u00e3o dispon\u00edveis no site da Prefeitura de Montes Claros. O pagamento integral do tributo tem desconto de 7%. Ao acessar a p\u00e1gina, o [&hellip;]<\/p>\n","protected":false},"author":1,"featured_media":0,"comment_status":"open","ping_status":"open","sticky":false,"template":"","format":"standard","meta":{"footnotes":""},"categories":[6],"tags":[],"class_list":["post-335","post","type-post","status-publish","format-standard","hentry","category-noticias-montes-claros"],"yoast_head":"<!-- This site is optimized with the Yoast SEO plugin v25.9 - https:\/\/yoast.com\/wordpress\/plugins\/seo\/ -->\n<title>Prazo para pagamento integral do IPTU em Montes Claros \u00e9 12 de abril - Not\u00edcias da Cidade Montes Claros<\/title>\n<meta name=\"robots\" content=\"index, follow, max-snippet:-1, max-image-preview:large, max-video-preview:-1\" \/>\n<link rel=\"canonical\" href=\"https:\/\/www.encontramontesclaros.com.br\/noticias\/prazo-para-pagamento-integral-do-iptu-em-montes-claros-e-12-de-abril\/\" \/>\n<meta property=\"og:locale\" content=\"pt_BR\" \/>\n<meta property=\"og:type\" content=\"article\" \/>\n<meta property=\"og:title\" content=\"Prazo para pagamento integral do IPTU em Montes Claros \u00e9 12 de abril - Not\u00edcias da Cidade Montes Claros\" \/>\n<meta property=\"og:description\" content=\"Prazo para quita\u00e7\u00e3o do Imposto Predial e Territorial Urbano (IPTU), em parcela \u00fanica em Montes Claros, \u00e9 at\u00e9 12 de abril de 2013. Segundo Secretaria de Fazenda, as guias para pagamento j\u00e1 est\u00e3o dispon\u00edveis no site da Prefeitura de Montes Claros. O pagamento integral do tributo tem desconto de 7%. Ao acessar a p\u00e1gina, o [&hellip;]\" \/>\n<meta property=\"og:url\" content=\"https:\/\/www.encontramontesclaros.com.br\/noticias\/prazo-para-pagamento-integral-do-iptu-em-montes-claros-e-12-de-abril\/\" \/>\n<meta property=\"og:site_name\" content=\"Not\u00edcias da Cidade Montes Claros\" \/>\n<meta property=\"article:published_time\" content=\"2013-03-11T01:25:50+00:00\" \/>\n<meta property=\"article:modified_time\" content=\"2013-08-19T12:09:22+00:00\" \/>\n<meta name=\"author\" content=\"Encontra Montes Claros\" \/>\n<meta name=\"twitter:card\" content=\"summary_large_image\" \/>\n<meta name=\"twitter:label1\" content=\"Escrito por\" \/>\n\t<meta name=\"twitter:data1\" content=\"Encontra Montes Claros\" \/>\n\t<meta name=\"twitter:label2\" content=\"Est. tempo de leitura\" \/>\n\t<meta name=\"twitter:data2\" content=\"1 minuto\" \/>\n<script type=\"application\/ld+json\" class=\"yoast-schema-graph\">{\"@context\":\"https:\/\/schema.org\",\"@graph\":[{\"@type\":\"WebPage\",\"@id\":\"https:\/\/www.encontramontesclaros.com.br\/noticias\/prazo-para-pagamento-integral-do-iptu-em-montes-claros-e-12-de-abril\/\",\"url\":\"https:\/\/www.encontramontesclaros.com.br\/noticias\/prazo-para-pagamento-integral-do-iptu-em-montes-claros-e-12-de-abril\/\",\"name\":\"Prazo para pagamento integral do IPTU em Montes Claros \u00e9 12 de abril - Not\u00edcias da Cidade Montes Claros\",\"isPartOf\":{\"@id\":\"https:\/\/www.encontramontesclaros.com.br\/noticias\/#website\"},\"datePublished\":\"2013-03-11T01:25:50+00:00\",\"dateModified\":\"2013-08-19T12:09:22+00:00\",\"author\":{\"@id\":\"https:\/\/www.encontramontesclaros.com.br\/noticias\/#\/schema\/person\/aee9ea87107989474197d40d1258976d\"},\"breadcrumb\":{\"@id\":\"https:\/\/www.encontramontesclaros.com.br\/noticias\/prazo-para-pagamento-integral-do-iptu-em-montes-claros-e-12-de-abril\/#breadcrumb\"},\"inLanguage\":\"pt-BR\",\"potentialAction\":[{\"@type\":\"ReadAction\",\"target\":[\"https:\/\/www.encontramontesclaros.com.br\/noticias\/prazo-para-pagamento-integral-do-iptu-em-montes-claros-e-12-de-abril\/\"]}]},{\"@type\":\"BreadcrumbList\",\"@id\":\"https:\/\/www.encontramontesclaros.com.br\/noticias\/prazo-para-pagamento-integral-do-iptu-em-montes-claros-e-12-de-abril\/#breadcrumb\",\"itemListElement\":[{\"@type\":\"ListItem\",\"position\":1,\"name\":\"In\u00edcio\",\"item\":\"https:\/\/www.encontramontesclaros.com.br\/noticias\/\"},{\"@type\":\"ListItem\",\"position\":2,\"name\":\"Prazo para pagamento integral do IPTU em Montes Claros \u00e9 12 de abril\"}]},{\"@type\":\"WebSite\",\"@id\":\"https:\/\/www.encontramontesclaros.com.br\/noticias\/#website\",\"url\":\"https:\/\/www.encontramontesclaros.com.br\/noticias\/\",\"name\":\"Not\u00edcias da Cidade Montes Claros\",\"description\":\"Not\u00edcias, eventos, informa\u00e7\u00f5es e dicas da cidade de Montes Claros e regi\u00e3o\",\"potentialAction\":[{\"@type\":\"SearchAction\",\"target\":{\"@type\":\"EntryPoint\",\"urlTemplate\":\"https:\/\/www.encontramontesclaros.com.br\/noticias\/?s={search_term_string}\"},\"query-input\":{\"@type\":\"PropertyValueSpecification\",\"valueRequired\":true,\"valueName\":\"search_term_string\"}}],\"inLanguage\":\"pt-BR\"},{\"@type\":\"Person\",\"@id\":\"https:\/\/www.encontramontesclaros.com.br\/noticias\/#\/schema\/person\/aee9ea87107989474197d40d1258976d\",\"name\":\"Encontra Montes Claros\",\"image\":{\"@type\":\"ImageObject\",\"inLanguage\":\"pt-BR\",\"@id\":\"https:\/\/www.encontramontesclaros.com.br\/noticias\/#\/schema\/person\/image\/\",\"url\":\"https:\/\/secure.gravatar.com\/avatar\/507340682b8270222e1f208e23198b6ae7e2c6a1033ae84e99bc6bce4f82a387?s=96&d=mm&r=g\",\"contentUrl\":\"https:\/\/secure.gravatar.com\/avatar\/507340682b8270222e1f208e23198b6ae7e2c6a1033ae84e99bc6bce4f82a387?s=96&d=mm&r=g\",\"caption\":\"Encontra Montes Claros\"},\"sameAs\":[\"http:\/\/www.encontramontesclaros.com.br\"],\"url\":\"https:\/\/www.encontramontesclaros.com.br\/noticias\/author\/emontesclaros\/\"}]}<\/script>\n<!-- \/ Yoast SEO plugin. -->","yoast_head_json":{"title":"Prazo para pagamento integral do IPTU em Montes Claros \u00e9 12 de abril - Not\u00edcias da Cidade Montes Claros","robots":{"index":"index","follow":"follow","max-snippet":"max-snippet:-1","max-image-preview":"max-image-preview:large","max-video-preview":"max-video-preview:-1"},"canonical":"https:\/\/www.encontramontesclaros.com.br\/noticias\/prazo-para-pagamento-integral-do-iptu-em-montes-claros-e-12-de-abril\/","og_locale":"pt_BR","og_type":"article","og_title":"Prazo para pagamento integral do IPTU em Montes Claros \u00e9 12 de abril - Not\u00edcias da Cidade Montes Claros","og_description":"Prazo para quita\u00e7\u00e3o do Imposto Predial e Territorial Urbano (IPTU), em parcela \u00fanica em Montes Claros, \u00e9 at\u00e9 12 de abril de 2013. Segundo Secretaria de Fazenda, as guias para pagamento j\u00e1 est\u00e3o dispon\u00edveis no site da Prefeitura de Montes Claros. O pagamento integral do tributo tem desconto de 7%. Ao acessar a p\u00e1gina, o [&hellip;]","og_url":"https:\/\/www.encontramontesclaros.com.br\/noticias\/prazo-para-pagamento-integral-do-iptu-em-montes-claros-e-12-de-abril\/","og_site_name":"Not\u00edcias da Cidade Montes Claros","article_published_time":"2013-03-11T01:25:50+00:00","article_modified_time":"2013-08-19T12:09:22+00:00","author":"Encontra Montes Claros","twitter_card":"summary_large_image","twitter_misc":{"Escrito por":"Encontra Montes Claros","Est. tempo de leitura":"1 minuto"},"schema":{"@context":"https:\/\/schema.org","@graph":[{"@type":"WebPage","@id":"https:\/\/www.encontramontesclaros.com.br\/noticias\/prazo-para-pagamento-integral-do-iptu-em-montes-claros-e-12-de-abril\/","url":"https:\/\/www.encontramontesclaros.com.br\/noticias\/prazo-para-pagamento-integral-do-iptu-em-montes-claros-e-12-de-abril\/","name":"Prazo para pagamento integral do IPTU em Montes Claros \u00e9 12 de abril - Not\u00edcias da Cidade Montes Claros","isPartOf":{"@id":"https:\/\/www.encontramontesclaros.com.br\/noticias\/#website"},"datePublished":"2013-03-11T01:25:50+00:00","dateModified":"2013-08-19T12:09:22+00:00","author":{"@id":"https:\/\/www.encontramontesclaros.com.br\/noticias\/#\/schema\/person\/aee9ea87107989474197d40d1258976d"},"breadcrumb":{"@id":"https:\/\/www.encontramontesclaros.com.br\/noticias\/prazo-para-pagamento-integral-do-iptu-em-montes-claros-e-12-de-abril\/#breadcrumb"},"inLanguage":"pt-BR","potentialAction":[{"@type":"ReadAction","target":["https:\/\/www.encontramontesclaros.com.br\/noticias\/prazo-para-pagamento-integral-do-iptu-em-montes-claros-e-12-de-abril\/"]}]},{"@type":"BreadcrumbList","@id":"https:\/\/www.encontramontesclaros.com.br\/noticias\/prazo-para-pagamento-integral-do-iptu-em-montes-claros-e-12-de-abril\/#breadcrumb","itemListElement":[{"@type":"ListItem","position":1,"name":"In\u00edcio","item":"https:\/\/www.encontramontesclaros.com.br\/noticias\/"},{"@type":"ListItem","position":2,"name":"Prazo para pagamento integral do IPTU em Montes Claros \u00e9 12 de abril"}]},{"@type":"WebSite","@id":"https:\/\/www.encontramontesclaros.com.br\/noticias\/#website","url":"https:\/\/www.encontramontesclaros.com.br\/noticias\/","name":"Not\u00edcias da Cidade Montes Claros","description":"Not\u00edcias, eventos, informa\u00e7\u00f5es e dicas da cidade de Montes Claros e regi\u00e3o","potentialAction":[{"@type":"SearchAction","target":{"@type":"EntryPoint","urlTemplate":"https:\/\/www.encontramontesclaros.com.br\/noticias\/?s={search_term_string}"},"query-input":{"@type":"PropertyValueSpecification","valueRequired":true,"valueName":"search_term_string"}}],"inLanguage":"pt-BR"},{"@type":"Person","@id":"https:\/\/www.encontramontesclaros.com.br\/noticias\/#\/schema\/person\/aee9ea87107989474197d40d1258976d","name":"Encontra Montes Claros","image":{"@type":"ImageObject","inLanguage":"pt-BR","@id":"https:\/\/www.encontramontesclaros.com.br\/noticias\/#\/schema\/person\/image\/","url":"https:\/\/secure.gravatar.com\/avatar\/507340682b8270222e1f208e23198b6ae7e2c6a1033ae84e99bc6bce4f82a387?s=96&d=mm&r=g","contentUrl":"https:\/\/secure.gravatar.com\/avatar\/507340682b8270222e1f208e23198b6ae7e2c6a1033ae84e99bc6bce4f82a387?s=96&d=mm&r=g","caption":"Encontra Montes Claros"},"sameAs":["http:\/\/www.encontramontesclaros.com.br"],"url":"https:\/\/www.encontramontesclaros.com.br\/noticias\/author\/emontesclaros\/"}]}},"_links":{"self":[{"href":"https:\/\/www.encontramontesclaros.com.br\/noticias\/wp-json\/wp\/v2\/posts\/335","targetHints":{"allow":["GET"]}}],"collection":[{"href":"https:\/\/www.encontramontesclaros.com.br\/noticias\/wp-json\/wp\/v2\/posts"}],"about":[{"href":"https:\/\/www.encontramontesclaros.com.br\/noticias\/wp-json\/wp\/v2\/types\/post"}],"author":[{"embeddable":true,"href":"https:\/\/www.encontramontesclaros.com.br\/noticias\/wp-json\/wp\/v2\/users\/1"}],"replies":[{"embeddable":true,"href":"https:\/\/www.encontramontesclaros.com.br\/noticias\/wp-json\/wp\/v2\/comments?post=335"}],"version-history":[{"count":2,"href":"https:\/\/www.encontramontesclaros.com.br\/noticias\/wp-json\/wp\/v2\/posts\/335\/revisions"}],"predecessor-version":[{"id":598,"href":"https:\/\/www.encontramontesclaros.com.br\/noticias\/wp-json\/wp\/v2\/posts\/335\/revisions\/598"}],"wp:attachment":[{"href":"https:\/\/www.encontramontesclaros.com.br\/noticias\/wp-json\/wp\/v2\/media?parent=335"}],"wp:term":[{"taxonomy":"category","embeddable":true,"href":"https:\/\/www.encontramontesclaros.com.br\/noticias\/wp-json\/wp\/v2\/categories?post=335"},{"taxonomy":"post_tag","embeddable":true,"href":"https:\/\/www.encontramontesclaros.com.br\/noticias\/wp-json\/wp\/v2\/tags?post=335"}],"curies":[{"name":"wp","href":"https:\/\/api.w.org\/{rel}","templated":true}]}}