{"id":329,"date":"2013-03-04T13:56:15","date_gmt":"2013-03-04T13:56:15","guid":{"rendered":"http:\/\/www.encontramontesclaros.com.br\/noticias\/?p=329"},"modified":"2013-08-19T12:09:21","modified_gmt":"2013-08-19T12:09:21","slug":"dois-homens-sao-baleados-no-bairro-santo-amaro-em-montes-claros","status":"publish","type":"post","link":"https:\/\/www.encontramontesclaros.com.br\/noticias\/dois-homens-sao-baleados-no-bairro-santo-amaro-em-montes-claros\/","title":{"rendered":"Dois homens s\u00e3o baleados no bairro Santo Amaro, em Montes Claros"},"content":{"rendered":"<div id=\"materia-letra\">\n<div>\n<div>\n<p>Duas pessoas foram baleadas na madrugada desta sexta-feira (1), em Montes Claros. O crime aconteceu no bairro Santo Amaro. Segundo informa\u00e7\u00f5es da Pol\u00edcia Militar, Jo\u00e3o Ferreira Santos Filho, de 21 anos, estava sentado em frente ao im\u00f3vel na cidade de Montes Claros, na companhia de um menor de 13 anos, quando dois homens chegaram atirando. Os dois foram socorridos e encaminhados para um hospital da cidade.<\/p>\n<p>A PM n\u00e3o soube informar o que poderia ter motivado o crime. At\u00e9 o momento ningu\u00e9m foi preso.<\/p>\n<p><em>Fonte: G1<\/em><\/p>\n<\/div>\n<\/div>\n<\/div>\n","protected":false},"excerpt":{"rendered":"<p>Duas pessoas foram baleadas na madrugada desta sexta-feira (1), em Montes Claros. O crime aconteceu no bairro Santo Amaro. Segundo informa\u00e7\u00f5es da Pol\u00edcia Militar, Jo\u00e3o Ferreira Santos Filho, de 21 anos, estava sentado em frente ao im\u00f3vel na cidade de Montes Claros, na companhia de um menor de 13 anos, quando dois homens chegaram atirando. [&hellip;]<\/p>\n","protected":false},"author":1,"featured_media":0,"comment_status":"open","ping_status":"open","sticky":false,"template":"","format":"standard","meta":{"footnotes":""},"categories":[6],"tags":[],"class_list":["post-329","post","type-post","status-publish","format-standard","hentry","category-noticias-montes-claros"],"yoast_head":"<!-- This site is optimized with the Yoast SEO plugin v25.9 - https:\/\/yoast.com\/wordpress\/plugins\/seo\/ -->\n<title>Dois homens s\u00e3o baleados no bairro Santo Amaro, em Montes Claros - Not\u00edcias da Cidade Montes Claros<\/title>\n<meta name=\"robots\" content=\"index, follow, max-snippet:-1, max-image-preview:large, max-video-preview:-1\" \/>\n<link rel=\"canonical\" href=\"https:\/\/www.encontramontesclaros.com.br\/noticias\/dois-homens-sao-baleados-no-bairro-santo-amaro-em-montes-claros\/\" \/>\n<meta property=\"og:locale\" content=\"pt_BR\" \/>\n<meta property=\"og:type\" content=\"article\" \/>\n<meta property=\"og:title\" content=\"Dois homens s\u00e3o baleados no bairro Santo Amaro, em Montes Claros - Not\u00edcias da Cidade Montes Claros\" \/>\n<meta property=\"og:description\" content=\"Duas pessoas foram baleadas na madrugada desta sexta-feira (1), em Montes Claros. O crime aconteceu no bairro Santo Amaro. Segundo informa\u00e7\u00f5es da Pol\u00edcia Militar, Jo\u00e3o Ferreira Santos Filho, de 21 anos, estava sentado em frente ao im\u00f3vel na cidade de Montes Claros, na companhia de um menor de 13 anos, quando dois homens chegaram atirando. [&hellip;]\" \/>\n<meta property=\"og:url\" content=\"https:\/\/www.encontramontesclaros.com.br\/noticias\/dois-homens-sao-baleados-no-bairro-santo-amaro-em-montes-claros\/\" \/>\n<meta property=\"og:site_name\" content=\"Not\u00edcias da Cidade Montes Claros\" \/>\n<meta property=\"article:published_time\" content=\"2013-03-04T13:56:15+00:00\" \/>\n<meta property=\"article:modified_time\" content=\"2013-08-19T12:09:21+00:00\" \/>\n<meta name=\"author\" content=\"Encontra Montes Claros\" \/>\n<meta name=\"twitter:card\" content=\"summary_large_image\" \/>\n<meta name=\"twitter:label1\" content=\"Escrito por\" \/>\n\t<meta name=\"twitter:data1\" content=\"Encontra Montes Claros\" \/>\n<script type=\"application\/ld+json\" class=\"yoast-schema-graph\">{\"@context\":\"https:\/\/schema.org\",\"@graph\":[{\"@type\":\"WebPage\",\"@id\":\"https:\/\/www.encontramontesclaros.com.br\/noticias\/dois-homens-sao-baleados-no-bairro-santo-amaro-em-montes-claros\/\",\"url\":\"https:\/\/www.encontramontesclaros.com.br\/noticias\/dois-homens-sao-baleados-no-bairro-santo-amaro-em-montes-claros\/\",\"name\":\"Dois homens s\u00e3o baleados no bairro Santo Amaro, em Montes Claros - Not\u00edcias da Cidade Montes Claros\",\"isPartOf\":{\"@id\":\"https:\/\/www.encontramontesclaros.com.br\/noticias\/#website\"},\"datePublished\":\"2013-03-04T13:56:15+00:00\",\"dateModified\":\"2013-08-19T12:09:21+00:00\",\"author\":{\"@id\":\"https:\/\/www.encontramontesclaros.com.br\/noticias\/#\/schema\/person\/aee9ea87107989474197d40d1258976d\"},\"breadcrumb\":{\"@id\":\"https:\/\/www.encontramontesclaros.com.br\/noticias\/dois-homens-sao-baleados-no-bairro-santo-amaro-em-montes-claros\/#breadcrumb\"},\"inLanguage\":\"pt-BR\",\"potentialAction\":[{\"@type\":\"ReadAction\",\"target\":[\"https:\/\/www.encontramontesclaros.com.br\/noticias\/dois-homens-sao-baleados-no-bairro-santo-amaro-em-montes-claros\/\"]}]},{\"@type\":\"BreadcrumbList\",\"@id\":\"https:\/\/www.encontramontesclaros.com.br\/noticias\/dois-homens-sao-baleados-no-bairro-santo-amaro-em-montes-claros\/#breadcrumb\",\"itemListElement\":[{\"@type\":\"ListItem\",\"position\":1,\"name\":\"In\u00edcio\",\"item\":\"https:\/\/www.encontramontesclaros.com.br\/noticias\/\"},{\"@type\":\"ListItem\",\"position\":2,\"name\":\"Dois homens s\u00e3o baleados no bairro Santo Amaro, em Montes Claros\"}]},{\"@type\":\"WebSite\",\"@id\":\"https:\/\/www.encontramontesclaros.com.br\/noticias\/#website\",\"url\":\"https:\/\/www.encontramontesclaros.com.br\/noticias\/\",\"name\":\"Not\u00edcias da Cidade Montes Claros\",\"description\":\"Not\u00edcias, eventos, informa\u00e7\u00f5es e dicas da cidade de Montes Claros e regi\u00e3o\",\"potentialAction\":[{\"@type\":\"SearchAction\",\"target\":{\"@type\":\"EntryPoint\",\"urlTemplate\":\"https:\/\/www.encontramontesclaros.com.br\/noticias\/?s={search_term_string}\"},\"query-input\":{\"@type\":\"PropertyValueSpecification\",\"valueRequired\":true,\"valueName\":\"search_term_string\"}}],\"inLanguage\":\"pt-BR\"},{\"@type\":\"Person\",\"@id\":\"https:\/\/www.encontramontesclaros.com.br\/noticias\/#\/schema\/person\/aee9ea87107989474197d40d1258976d\",\"name\":\"Encontra Montes Claros\",\"image\":{\"@type\":\"ImageObject\",\"inLanguage\":\"pt-BR\",\"@id\":\"https:\/\/www.encontramontesclaros.com.br\/noticias\/#\/schema\/person\/image\/\",\"url\":\"https:\/\/secure.gravatar.com\/avatar\/507340682b8270222e1f208e23198b6ae7e2c6a1033ae84e99bc6bce4f82a387?s=96&d=mm&r=g\",\"contentUrl\":\"https:\/\/secure.gravatar.com\/avatar\/507340682b8270222e1f208e23198b6ae7e2c6a1033ae84e99bc6bce4f82a387?s=96&d=mm&r=g\",\"caption\":\"Encontra Montes Claros\"},\"sameAs\":[\"http:\/\/www.encontramontesclaros.com.br\"],\"url\":\"https:\/\/www.encontramontesclaros.com.br\/noticias\/author\/emontesclaros\/\"}]}<\/script>\n<!-- \/ Yoast SEO plugin. -->","yoast_head_json":{"title":"Dois homens s\u00e3o baleados no bairro Santo Amaro, em Montes Claros - Not\u00edcias da Cidade Montes Claros","robots":{"index":"index","follow":"follow","max-snippet":"max-snippet:-1","max-image-preview":"max-image-preview:large","max-video-preview":"max-video-preview:-1"},"canonical":"https:\/\/www.encontramontesclaros.com.br\/noticias\/dois-homens-sao-baleados-no-bairro-santo-amaro-em-montes-claros\/","og_locale":"pt_BR","og_type":"article","og_title":"Dois homens s\u00e3o baleados no bairro Santo Amaro, em Montes Claros - Not\u00edcias da Cidade Montes Claros","og_description":"Duas pessoas foram baleadas na madrugada desta sexta-feira (1), em Montes Claros. O crime aconteceu no bairro Santo Amaro. Segundo informa\u00e7\u00f5es da Pol\u00edcia Militar, Jo\u00e3o Ferreira Santos Filho, de 21 anos, estava sentado em frente ao im\u00f3vel na cidade de Montes Claros, na companhia de um menor de 13 anos, quando dois homens chegaram atirando. [&hellip;]","og_url":"https:\/\/www.encontramontesclaros.com.br\/noticias\/dois-homens-sao-baleados-no-bairro-santo-amaro-em-montes-claros\/","og_site_name":"Not\u00edcias da Cidade Montes Claros","article_published_time":"2013-03-04T13:56:15+00:00","article_modified_time":"2013-08-19T12:09:21+00:00","author":"Encontra Montes Claros","twitter_card":"summary_large_image","twitter_misc":{"Escrito por":"Encontra Montes Claros"},"schema":{"@context":"https:\/\/schema.org","@graph":[{"@type":"WebPage","@id":"https:\/\/www.encontramontesclaros.com.br\/noticias\/dois-homens-sao-baleados-no-bairro-santo-amaro-em-montes-claros\/","url":"https:\/\/www.encontramontesclaros.com.br\/noticias\/dois-homens-sao-baleados-no-bairro-santo-amaro-em-montes-claros\/","name":"Dois homens s\u00e3o baleados no bairro Santo Amaro, em Montes Claros - Not\u00edcias da Cidade Montes Claros","isPartOf":{"@id":"https:\/\/www.encontramontesclaros.com.br\/noticias\/#website"},"datePublished":"2013-03-04T13:56:15+00:00","dateModified":"2013-08-19T12:09:21+00:00","author":{"@id":"https:\/\/www.encontramontesclaros.com.br\/noticias\/#\/schema\/person\/aee9ea87107989474197d40d1258976d"},"breadcrumb":{"@id":"https:\/\/www.encontramontesclaros.com.br\/noticias\/dois-homens-sao-baleados-no-bairro-santo-amaro-em-montes-claros\/#breadcrumb"},"inLanguage":"pt-BR","potentialAction":[{"@type":"ReadAction","target":["https:\/\/www.encontramontesclaros.com.br\/noticias\/dois-homens-sao-baleados-no-bairro-santo-amaro-em-montes-claros\/"]}]},{"@type":"BreadcrumbList","@id":"https:\/\/www.encontramontesclaros.com.br\/noticias\/dois-homens-sao-baleados-no-bairro-santo-amaro-em-montes-claros\/#breadcrumb","itemListElement":[{"@type":"ListItem","position":1,"name":"In\u00edcio","item":"https:\/\/www.encontramontesclaros.com.br\/noticias\/"},{"@type":"ListItem","position":2,"name":"Dois homens s\u00e3o baleados no bairro Santo Amaro, em Montes Claros"}]},{"@type":"WebSite","@id":"https:\/\/www.encontramontesclaros.com.br\/noticias\/#website","url":"https:\/\/www.encontramontesclaros.com.br\/noticias\/","name":"Not\u00edcias da Cidade Montes Claros","description":"Not\u00edcias, eventos, informa\u00e7\u00f5es e dicas da cidade de Montes Claros e regi\u00e3o","potentialAction":[{"@type":"SearchAction","target":{"@type":"EntryPoint","urlTemplate":"https:\/\/www.encontramontesclaros.com.br\/noticias\/?s={search_term_string}"},"query-input":{"@type":"PropertyValueSpecification","valueRequired":true,"valueName":"search_term_string"}}],"inLanguage":"pt-BR"},{"@type":"Person","@id":"https:\/\/www.encontramontesclaros.com.br\/noticias\/#\/schema\/person\/aee9ea87107989474197d40d1258976d","name":"Encontra Montes Claros","image":{"@type":"ImageObject","inLanguage":"pt-BR","@id":"https:\/\/www.encontramontesclaros.com.br\/noticias\/#\/schema\/person\/image\/","url":"https:\/\/secure.gravatar.com\/avatar\/507340682b8270222e1f208e23198b6ae7e2c6a1033ae84e99bc6bce4f82a387?s=96&d=mm&r=g","contentUrl":"https:\/\/secure.gravatar.com\/avatar\/507340682b8270222e1f208e23198b6ae7e2c6a1033ae84e99bc6bce4f82a387?s=96&d=mm&r=g","caption":"Encontra Montes Claros"},"sameAs":["http:\/\/www.encontramontesclaros.com.br"],"url":"https:\/\/www.encontramontesclaros.com.br\/noticias\/author\/emontesclaros\/"}]}},"_links":{"self":[{"href":"https:\/\/www.encontramontesclaros.com.br\/noticias\/wp-json\/wp\/v2\/posts\/329","targetHints":{"allow":["GET"]}}],"collection":[{"href":"https:\/\/www.encontramontesclaros.com.br\/noticias\/wp-json\/wp\/v2\/posts"}],"about":[{"href":"https:\/\/www.encontramontesclaros.com.br\/noticias\/wp-json\/wp\/v2\/types\/post"}],"author":[{"embeddable":true,"href":"https:\/\/www.encontramontesclaros.com.br\/noticias\/wp-json\/wp\/v2\/users\/1"}],"replies":[{"embeddable":true,"href":"https:\/\/www.encontramontesclaros.com.br\/noticias\/wp-json\/wp\/v2\/comments?post=329"}],"version-history":[{"count":2,"href":"https:\/\/www.encontramontesclaros.com.br\/noticias\/wp-json\/wp\/v2\/posts\/329\/revisions"}],"predecessor-version":[{"id":597,"href":"https:\/\/www.encontramontesclaros.com.br\/noticias\/wp-json\/wp\/v2\/posts\/329\/revisions\/597"}],"wp:attachment":[{"href":"https:\/\/www.encontramontesclaros.com.br\/noticias\/wp-json\/wp\/v2\/media?parent=329"}],"wp:term":[{"taxonomy":"category","embeddable":true,"href":"https:\/\/www.encontramontesclaros.com.br\/noticias\/wp-json\/wp\/v2\/categories?post=329"},{"taxonomy":"post_tag","embeddable":true,"href":"https:\/\/www.encontramontesclaros.com.br\/noticias\/wp-json\/wp\/v2\/tags?post=329"}],"curies":[{"name":"wp","href":"https:\/\/api.w.org\/{rel}","templated":true}]}}