{"id":327,"date":"2013-03-04T13:55:06","date_gmt":"2013-03-04T13:55:06","guid":{"rendered":"http:\/\/www.encontramontesclaros.com.br\/noticias\/?p=327"},"modified":"2013-08-19T12:09:06","modified_gmt":"2013-08-19T12:09:06","slug":"homem-e-preso-em-montes-claros-suspeito-de-estelionato","status":"publish","type":"post","link":"https:\/\/www.encontramontesclaros.com.br\/noticias\/homem-e-preso-em-montes-claros-suspeito-de-estelionato\/","title":{"rendered":"Homem \u00e9 preso em Montes Claros suspeito de estelionato"},"content":{"rendered":"<p>Um homem foi preso na tarde desta sexta-feira (1) suspeito de estelionato em Montes Claros (MG). Segundo a Pol\u00edcia Militar, Jean Pierre Fernandes Dias, de 28 anos, se aproximava das v\u00edtimas dizendo que era comerciante ou at\u00e9 mesmo bombeiro militar.<\/p>\n<p>Segundo o sargento Wilson Souza j\u00e1 havia boletins de ocorr\u00eancia envolvendo estelionat\u00e1rio. \u201cO suspeito foi abordado ap\u00f3s a pol\u00edcia verificar que ele possu\u00eda caracter\u00edsticas de um homem que aplicava golpes utilizando roupas do Corpo de Bombeiros. J\u00e1 havia Boletins de Ocorr\u00eancia e algumas v\u00edtimas vieram at\u00e9 a delegacia na cidade de Montes Claros e fizeram o reconhecimento do autor\u201d, afirma o sargento.<\/p>\n<p>Uma das v\u00edtimas, que n\u00e3o quis se identificar, afirmou que o suspeito se aproximou dizendo que era funcion\u00e1rio de uma ind\u00fastria de cimento na cidade. O suspeito disse que teria recebido um b\u00f4nus na empresa e poderia comercializar o produto com pre\u00e7o melhor que o praticado na cidade. \u201cEle me ofereceu o cimento a R$13,50. Encomendei 50 sacos e o pagaria no dia da entrega. Ele aceitou normalmente\u201d.<\/p>\n<p>O golpe foi bem esquematizado pelo suspeito que chegou a levar o cimento na obra da v\u00edtima. Enquanto o produto era descarregado, Jean Pierre recebia o dinheiro na casa da v\u00edtima. \u201cAntes de o material ser totalmente descarregado, chegou um senhor dizendo que era dono do dep\u00f3sito e tinha ido receber o dinheiro do cimento. S\u00f3 a\u00ed percebi que tinha sido enganado por Jean Pierre\u201d.<\/p>\n<p>A pol\u00edcia alerta a popula\u00e7\u00e3o para este tipo de golpe. Segundo a PM, as caracter\u00edsticas dos suspeitos envolvidos neste tipo de ocorr\u00eancia conseguem envolver as v\u00edtimas para aplicarem os golpes. \u201cOs envolvidos neste tipo de crime t\u00eam o dom de persuadir as v\u00edtimas. \u00c9 preciso verificar a proced\u00eancia, pois eles geralmente chegam dizendo que v\u00e3o resolver um problema para a v\u00edtima. Depois aplicam o golpe\u201d alerta o sargento.<\/p>\n<p><em>Fonte: G1<\/em><\/p>\n","protected":false},"excerpt":{"rendered":"<p>Um homem foi preso na tarde desta sexta-feira (1) suspeito de estelionato em Montes Claros (MG). Segundo a Pol\u00edcia Militar, Jean Pierre Fernandes Dias, de 28 anos, se aproximava das v\u00edtimas dizendo que era comerciante ou at\u00e9 mesmo bombeiro militar. Segundo o sargento Wilson Souza j\u00e1 havia boletins de ocorr\u00eancia envolvendo estelionat\u00e1rio. \u201cO suspeito foi [&hellip;]<\/p>\n","protected":false},"author":1,"featured_media":0,"comment_status":"open","ping_status":"open","sticky":false,"template":"","format":"standard","meta":{"footnotes":""},"categories":[6],"tags":[],"class_list":["post-327","post","type-post","status-publish","format-standard","hentry","category-noticias-montes-claros"],"yoast_head":"<!-- This site is optimized with the Yoast SEO plugin v25.9 - https:\/\/yoast.com\/wordpress\/plugins\/seo\/ -->\n<title>Homem \u00e9 preso em Montes Claros suspeito de estelionato - Not\u00edcias da Cidade Montes Claros<\/title>\n<meta name=\"robots\" content=\"index, follow, max-snippet:-1, max-image-preview:large, max-video-preview:-1\" \/>\n<link rel=\"canonical\" href=\"https:\/\/www.encontramontesclaros.com.br\/noticias\/homem-e-preso-em-montes-claros-suspeito-de-estelionato\/\" \/>\n<meta property=\"og:locale\" content=\"pt_BR\" \/>\n<meta property=\"og:type\" content=\"article\" \/>\n<meta property=\"og:title\" content=\"Homem \u00e9 preso em Montes Claros suspeito de estelionato - Not\u00edcias da Cidade Montes Claros\" \/>\n<meta property=\"og:description\" content=\"Um homem foi preso na tarde desta sexta-feira (1) suspeito de estelionato em Montes Claros (MG). Segundo a Pol\u00edcia Militar, Jean Pierre Fernandes Dias, de 28 anos, se aproximava das v\u00edtimas dizendo que era comerciante ou at\u00e9 mesmo bombeiro militar. Segundo o sargento Wilson Souza j\u00e1 havia boletins de ocorr\u00eancia envolvendo estelionat\u00e1rio. \u201cO suspeito foi [&hellip;]\" \/>\n<meta property=\"og:url\" content=\"https:\/\/www.encontramontesclaros.com.br\/noticias\/homem-e-preso-em-montes-claros-suspeito-de-estelionato\/\" \/>\n<meta property=\"og:site_name\" content=\"Not\u00edcias da Cidade Montes Claros\" \/>\n<meta property=\"article:published_time\" content=\"2013-03-04T13:55:06+00:00\" \/>\n<meta property=\"article:modified_time\" content=\"2013-08-19T12:09:06+00:00\" \/>\n<meta name=\"author\" content=\"Encontra Montes Claros\" \/>\n<meta name=\"twitter:card\" content=\"summary_large_image\" \/>\n<meta name=\"twitter:label1\" content=\"Escrito por\" \/>\n\t<meta name=\"twitter:data1\" content=\"Encontra Montes Claros\" \/>\n\t<meta name=\"twitter:label2\" content=\"Est. tempo de leitura\" \/>\n\t<meta name=\"twitter:data2\" content=\"2 minutos\" \/>\n<script type=\"application\/ld+json\" class=\"yoast-schema-graph\">{\"@context\":\"https:\/\/schema.org\",\"@graph\":[{\"@type\":\"WebPage\",\"@id\":\"https:\/\/www.encontramontesclaros.com.br\/noticias\/homem-e-preso-em-montes-claros-suspeito-de-estelionato\/\",\"url\":\"https:\/\/www.encontramontesclaros.com.br\/noticias\/homem-e-preso-em-montes-claros-suspeito-de-estelionato\/\",\"name\":\"Homem \u00e9 preso em Montes Claros suspeito de estelionato - Not\u00edcias da Cidade Montes Claros\",\"isPartOf\":{\"@id\":\"https:\/\/www.encontramontesclaros.com.br\/noticias\/#website\"},\"datePublished\":\"2013-03-04T13:55:06+00:00\",\"dateModified\":\"2013-08-19T12:09:06+00:00\",\"author\":{\"@id\":\"https:\/\/www.encontramontesclaros.com.br\/noticias\/#\/schema\/person\/aee9ea87107989474197d40d1258976d\"},\"breadcrumb\":{\"@id\":\"https:\/\/www.encontramontesclaros.com.br\/noticias\/homem-e-preso-em-montes-claros-suspeito-de-estelionato\/#breadcrumb\"},\"inLanguage\":\"pt-BR\",\"potentialAction\":[{\"@type\":\"ReadAction\",\"target\":[\"https:\/\/www.encontramontesclaros.com.br\/noticias\/homem-e-preso-em-montes-claros-suspeito-de-estelionato\/\"]}]},{\"@type\":\"BreadcrumbList\",\"@id\":\"https:\/\/www.encontramontesclaros.com.br\/noticias\/homem-e-preso-em-montes-claros-suspeito-de-estelionato\/#breadcrumb\",\"itemListElement\":[{\"@type\":\"ListItem\",\"position\":1,\"name\":\"In\u00edcio\",\"item\":\"https:\/\/www.encontramontesclaros.com.br\/noticias\/\"},{\"@type\":\"ListItem\",\"position\":2,\"name\":\"Homem \u00e9 preso em Montes Claros suspeito de estelionato\"}]},{\"@type\":\"WebSite\",\"@id\":\"https:\/\/www.encontramontesclaros.com.br\/noticias\/#website\",\"url\":\"https:\/\/www.encontramontesclaros.com.br\/noticias\/\",\"name\":\"Not\u00edcias da Cidade Montes Claros\",\"description\":\"Not\u00edcias, eventos, informa\u00e7\u00f5es e dicas da cidade de Montes Claros e regi\u00e3o\",\"potentialAction\":[{\"@type\":\"SearchAction\",\"target\":{\"@type\":\"EntryPoint\",\"urlTemplate\":\"https:\/\/www.encontramontesclaros.com.br\/noticias\/?s={search_term_string}\"},\"query-input\":{\"@type\":\"PropertyValueSpecification\",\"valueRequired\":true,\"valueName\":\"search_term_string\"}}],\"inLanguage\":\"pt-BR\"},{\"@type\":\"Person\",\"@id\":\"https:\/\/www.encontramontesclaros.com.br\/noticias\/#\/schema\/person\/aee9ea87107989474197d40d1258976d\",\"name\":\"Encontra Montes Claros\",\"image\":{\"@type\":\"ImageObject\",\"inLanguage\":\"pt-BR\",\"@id\":\"https:\/\/www.encontramontesclaros.com.br\/noticias\/#\/schema\/person\/image\/\",\"url\":\"https:\/\/secure.gravatar.com\/avatar\/507340682b8270222e1f208e23198b6ae7e2c6a1033ae84e99bc6bce4f82a387?s=96&d=mm&r=g\",\"contentUrl\":\"https:\/\/secure.gravatar.com\/avatar\/507340682b8270222e1f208e23198b6ae7e2c6a1033ae84e99bc6bce4f82a387?s=96&d=mm&r=g\",\"caption\":\"Encontra Montes Claros\"},\"sameAs\":[\"http:\/\/www.encontramontesclaros.com.br\"],\"url\":\"https:\/\/www.encontramontesclaros.com.br\/noticias\/author\/emontesclaros\/\"}]}<\/script>\n<!-- \/ Yoast SEO plugin. -->","yoast_head_json":{"title":"Homem \u00e9 preso em Montes Claros suspeito de estelionato - Not\u00edcias da Cidade Montes Claros","robots":{"index":"index","follow":"follow","max-snippet":"max-snippet:-1","max-image-preview":"max-image-preview:large","max-video-preview":"max-video-preview:-1"},"canonical":"https:\/\/www.encontramontesclaros.com.br\/noticias\/homem-e-preso-em-montes-claros-suspeito-de-estelionato\/","og_locale":"pt_BR","og_type":"article","og_title":"Homem \u00e9 preso em Montes Claros suspeito de estelionato - Not\u00edcias da Cidade Montes Claros","og_description":"Um homem foi preso na tarde desta sexta-feira (1) suspeito de estelionato em Montes Claros (MG). Segundo a Pol\u00edcia Militar, Jean Pierre Fernandes Dias, de 28 anos, se aproximava das v\u00edtimas dizendo que era comerciante ou at\u00e9 mesmo bombeiro militar. Segundo o sargento Wilson Souza j\u00e1 havia boletins de ocorr\u00eancia envolvendo estelionat\u00e1rio. \u201cO suspeito foi [&hellip;]","og_url":"https:\/\/www.encontramontesclaros.com.br\/noticias\/homem-e-preso-em-montes-claros-suspeito-de-estelionato\/","og_site_name":"Not\u00edcias da Cidade Montes Claros","article_published_time":"2013-03-04T13:55:06+00:00","article_modified_time":"2013-08-19T12:09:06+00:00","author":"Encontra Montes Claros","twitter_card":"summary_large_image","twitter_misc":{"Escrito por":"Encontra Montes Claros","Est. tempo de leitura":"2 minutos"},"schema":{"@context":"https:\/\/schema.org","@graph":[{"@type":"WebPage","@id":"https:\/\/www.encontramontesclaros.com.br\/noticias\/homem-e-preso-em-montes-claros-suspeito-de-estelionato\/","url":"https:\/\/www.encontramontesclaros.com.br\/noticias\/homem-e-preso-em-montes-claros-suspeito-de-estelionato\/","name":"Homem \u00e9 preso em Montes Claros suspeito de estelionato - Not\u00edcias da Cidade Montes Claros","isPartOf":{"@id":"https:\/\/www.encontramontesclaros.com.br\/noticias\/#website"},"datePublished":"2013-03-04T13:55:06+00:00","dateModified":"2013-08-19T12:09:06+00:00","author":{"@id":"https:\/\/www.encontramontesclaros.com.br\/noticias\/#\/schema\/person\/aee9ea87107989474197d40d1258976d"},"breadcrumb":{"@id":"https:\/\/www.encontramontesclaros.com.br\/noticias\/homem-e-preso-em-montes-claros-suspeito-de-estelionato\/#breadcrumb"},"inLanguage":"pt-BR","potentialAction":[{"@type":"ReadAction","target":["https:\/\/www.encontramontesclaros.com.br\/noticias\/homem-e-preso-em-montes-claros-suspeito-de-estelionato\/"]}]},{"@type":"BreadcrumbList","@id":"https:\/\/www.encontramontesclaros.com.br\/noticias\/homem-e-preso-em-montes-claros-suspeito-de-estelionato\/#breadcrumb","itemListElement":[{"@type":"ListItem","position":1,"name":"In\u00edcio","item":"https:\/\/www.encontramontesclaros.com.br\/noticias\/"},{"@type":"ListItem","position":2,"name":"Homem \u00e9 preso em Montes Claros suspeito de estelionato"}]},{"@type":"WebSite","@id":"https:\/\/www.encontramontesclaros.com.br\/noticias\/#website","url":"https:\/\/www.encontramontesclaros.com.br\/noticias\/","name":"Not\u00edcias da Cidade Montes Claros","description":"Not\u00edcias, eventos, informa\u00e7\u00f5es e dicas da cidade de Montes Claros e regi\u00e3o","potentialAction":[{"@type":"SearchAction","target":{"@type":"EntryPoint","urlTemplate":"https:\/\/www.encontramontesclaros.com.br\/noticias\/?s={search_term_string}"},"query-input":{"@type":"PropertyValueSpecification","valueRequired":true,"valueName":"search_term_string"}}],"inLanguage":"pt-BR"},{"@type":"Person","@id":"https:\/\/www.encontramontesclaros.com.br\/noticias\/#\/schema\/person\/aee9ea87107989474197d40d1258976d","name":"Encontra Montes Claros","image":{"@type":"ImageObject","inLanguage":"pt-BR","@id":"https:\/\/www.encontramontesclaros.com.br\/noticias\/#\/schema\/person\/image\/","url":"https:\/\/secure.gravatar.com\/avatar\/507340682b8270222e1f208e23198b6ae7e2c6a1033ae84e99bc6bce4f82a387?s=96&d=mm&r=g","contentUrl":"https:\/\/secure.gravatar.com\/avatar\/507340682b8270222e1f208e23198b6ae7e2c6a1033ae84e99bc6bce4f82a387?s=96&d=mm&r=g","caption":"Encontra Montes Claros"},"sameAs":["http:\/\/www.encontramontesclaros.com.br"],"url":"https:\/\/www.encontramontesclaros.com.br\/noticias\/author\/emontesclaros\/"}]}},"_links":{"self":[{"href":"https:\/\/www.encontramontesclaros.com.br\/noticias\/wp-json\/wp\/v2\/posts\/327","targetHints":{"allow":["GET"]}}],"collection":[{"href":"https:\/\/www.encontramontesclaros.com.br\/noticias\/wp-json\/wp\/v2\/posts"}],"about":[{"href":"https:\/\/www.encontramontesclaros.com.br\/noticias\/wp-json\/wp\/v2\/types\/post"}],"author":[{"embeddable":true,"href":"https:\/\/www.encontramontesclaros.com.br\/noticias\/wp-json\/wp\/v2\/users\/1"}],"replies":[{"embeddable":true,"href":"https:\/\/www.encontramontesclaros.com.br\/noticias\/wp-json\/wp\/v2\/comments?post=327"}],"version-history":[{"count":2,"href":"https:\/\/www.encontramontesclaros.com.br\/noticias\/wp-json\/wp\/v2\/posts\/327\/revisions"}],"predecessor-version":[{"id":555,"href":"https:\/\/www.encontramontesclaros.com.br\/noticias\/wp-json\/wp\/v2\/posts\/327\/revisions\/555"}],"wp:attachment":[{"href":"https:\/\/www.encontramontesclaros.com.br\/noticias\/wp-json\/wp\/v2\/media?parent=327"}],"wp:term":[{"taxonomy":"category","embeddable":true,"href":"https:\/\/www.encontramontesclaros.com.br\/noticias\/wp-json\/wp\/v2\/categories?post=327"},{"taxonomy":"post_tag","embeddable":true,"href":"https:\/\/www.encontramontesclaros.com.br\/noticias\/wp-json\/wp\/v2\/tags?post=327"}],"curies":[{"name":"wp","href":"https:\/\/api.w.org\/{rel}","templated":true}]}}