{"id":325,"date":"2013-03-04T13:51:55","date_gmt":"2013-03-04T13:51:55","guid":{"rendered":"http:\/\/www.encontramontesclaros.com.br\/noticias\/?p=325"},"modified":"2013-08-19T12:08:59","modified_gmt":"2013-08-19T12:08:59","slug":"mulher-morre-em-montes-claros-com-suspeita-de-dengue-hemorragica","status":"publish","type":"post","link":"https:\/\/www.encontramontesclaros.com.br\/noticias\/mulher-morre-em-montes-claros-com-suspeita-de-dengue-hemorragica\/","title":{"rendered":"Mulher morre em Montes Claros com suspeita de dengue hemorr\u00e1gica"},"content":{"rendered":"<p>Morreu na manh\u00e3 deste s\u00e1bado (02), uma mulher de 32 anos que pode ser mais uma v\u00edtima de dengue hemorr\u00e1gica. Kely Tatiane da Concei\u00e7\u00e3o Nunes estava internada no CTI.<\/p>\n<p>De acordo com o marido da v\u00edtma, Wagner Santos Mota, a fam\u00edlia procurou atendimento na Santa Casa de Montes Claros, onde a mulher teria plano de sa\u00fade, durante cinco dias. Ainda segundo o marido, Kely teria passado por tr\u00eas m\u00e9dicos, antes de resolverem intern\u00e1-la nesta sexta-feira (01). A mulher acabou morrendo neste s\u00e1bado (02), \u00e0s 11h.<\/p>\n<p>&#8220;Estou indignado com a descaso com minha mulher, corri a semana toda procurando atendimento nos hospitais na cidade de Montes Claros. O m\u00e9dico colocava o soro e liberava minha esposa, mesmo ela estando com fortes dores abdominais. \u00c9 um absurdo. Ela pagava caro por um plano e n\u00e3o teve atendimento, os m\u00e9dicos e enfermeiros est\u00e3o muito despreparados&#8221;, desabafou.<\/p>\n<p>De acordo com a assessoria da <a title=\"prefeitura de Montes Claros\" href=\"http:\/\/www.encontramontesclaros.com.br\/montes-claros\/prefeitura-municipal-de-montes-claros.shtml\" target=\"_blank\">prefeitura de Montes Claros<\/a>, o exame realizado deu negativo para dengue. Uma outra amostra de sangue foi enviada para a cidade de Belo Horizonte, para mais exames. O resultado deve sair em 25 dias.<\/p>\n<p><em>Fonte: G1<\/em><\/p>\n","protected":false},"excerpt":{"rendered":"<p>Morreu na manh\u00e3 deste s\u00e1bado (02), uma mulher de 32 anos que pode ser mais uma v\u00edtima de dengue hemorr\u00e1gica. Kely Tatiane da Concei\u00e7\u00e3o Nunes estava internada no CTI. De acordo com o marido da v\u00edtma, Wagner Santos Mota, a fam\u00edlia procurou atendimento na Santa Casa de Montes Claros, onde a mulher teria plano de [&hellip;]<\/p>\n","protected":false},"author":1,"featured_media":0,"comment_status":"open","ping_status":"open","sticky":false,"template":"","format":"standard","meta":{"footnotes":""},"categories":[6],"tags":[],"class_list":["post-325","post","type-post","status-publish","format-standard","hentry","category-noticias-montes-claros"],"yoast_head":"<!-- This site is optimized with the Yoast SEO plugin v25.9 - https:\/\/yoast.com\/wordpress\/plugins\/seo\/ -->\n<title>Mulher morre em Montes Claros com suspeita de dengue hemorr\u00e1gica - Not\u00edcias da Cidade Montes Claros<\/title>\n<meta name=\"robots\" content=\"index, follow, max-snippet:-1, max-image-preview:large, max-video-preview:-1\" \/>\n<link rel=\"canonical\" href=\"https:\/\/www.encontramontesclaros.com.br\/noticias\/mulher-morre-em-montes-claros-com-suspeita-de-dengue-hemorragica\/\" \/>\n<meta property=\"og:locale\" content=\"pt_BR\" \/>\n<meta property=\"og:type\" content=\"article\" \/>\n<meta property=\"og:title\" content=\"Mulher morre em Montes Claros com suspeita de dengue hemorr\u00e1gica - Not\u00edcias da Cidade Montes Claros\" \/>\n<meta property=\"og:description\" content=\"Morreu na manh\u00e3 deste s\u00e1bado (02), uma mulher de 32 anos que pode ser mais uma v\u00edtima de dengue hemorr\u00e1gica. Kely Tatiane da Concei\u00e7\u00e3o Nunes estava internada no CTI. De acordo com o marido da v\u00edtma, Wagner Santos Mota, a fam\u00edlia procurou atendimento na Santa Casa de Montes Claros, onde a mulher teria plano de [&hellip;]\" \/>\n<meta property=\"og:url\" content=\"https:\/\/www.encontramontesclaros.com.br\/noticias\/mulher-morre-em-montes-claros-com-suspeita-de-dengue-hemorragica\/\" \/>\n<meta property=\"og:site_name\" content=\"Not\u00edcias da Cidade Montes Claros\" \/>\n<meta property=\"article:published_time\" content=\"2013-03-04T13:51:55+00:00\" \/>\n<meta property=\"article:modified_time\" content=\"2013-08-19T12:08:59+00:00\" \/>\n<meta name=\"author\" content=\"Encontra Montes Claros\" \/>\n<meta name=\"twitter:card\" content=\"summary_large_image\" \/>\n<meta name=\"twitter:label1\" content=\"Escrito por\" \/>\n\t<meta name=\"twitter:data1\" content=\"Encontra Montes Claros\" \/>\n\t<meta name=\"twitter:label2\" content=\"Est. tempo de leitura\" \/>\n\t<meta name=\"twitter:data2\" content=\"1 minuto\" \/>\n<script type=\"application\/ld+json\" class=\"yoast-schema-graph\">{\"@context\":\"https:\/\/schema.org\",\"@graph\":[{\"@type\":\"WebPage\",\"@id\":\"https:\/\/www.encontramontesclaros.com.br\/noticias\/mulher-morre-em-montes-claros-com-suspeita-de-dengue-hemorragica\/\",\"url\":\"https:\/\/www.encontramontesclaros.com.br\/noticias\/mulher-morre-em-montes-claros-com-suspeita-de-dengue-hemorragica\/\",\"name\":\"Mulher morre em Montes Claros com suspeita de dengue hemorr\u00e1gica - Not\u00edcias da Cidade Montes Claros\",\"isPartOf\":{\"@id\":\"https:\/\/www.encontramontesclaros.com.br\/noticias\/#website\"},\"datePublished\":\"2013-03-04T13:51:55+00:00\",\"dateModified\":\"2013-08-19T12:08:59+00:00\",\"author\":{\"@id\":\"https:\/\/www.encontramontesclaros.com.br\/noticias\/#\/schema\/person\/aee9ea87107989474197d40d1258976d\"},\"breadcrumb\":{\"@id\":\"https:\/\/www.encontramontesclaros.com.br\/noticias\/mulher-morre-em-montes-claros-com-suspeita-de-dengue-hemorragica\/#breadcrumb\"},\"inLanguage\":\"pt-BR\",\"potentialAction\":[{\"@type\":\"ReadAction\",\"target\":[\"https:\/\/www.encontramontesclaros.com.br\/noticias\/mulher-morre-em-montes-claros-com-suspeita-de-dengue-hemorragica\/\"]}]},{\"@type\":\"BreadcrumbList\",\"@id\":\"https:\/\/www.encontramontesclaros.com.br\/noticias\/mulher-morre-em-montes-claros-com-suspeita-de-dengue-hemorragica\/#breadcrumb\",\"itemListElement\":[{\"@type\":\"ListItem\",\"position\":1,\"name\":\"In\u00edcio\",\"item\":\"https:\/\/www.encontramontesclaros.com.br\/noticias\/\"},{\"@type\":\"ListItem\",\"position\":2,\"name\":\"Mulher morre em Montes Claros com suspeita de dengue hemorr\u00e1gica\"}]},{\"@type\":\"WebSite\",\"@id\":\"https:\/\/www.encontramontesclaros.com.br\/noticias\/#website\",\"url\":\"https:\/\/www.encontramontesclaros.com.br\/noticias\/\",\"name\":\"Not\u00edcias da Cidade Montes Claros\",\"description\":\"Not\u00edcias, eventos, informa\u00e7\u00f5es e dicas da cidade de Montes Claros e regi\u00e3o\",\"potentialAction\":[{\"@type\":\"SearchAction\",\"target\":{\"@type\":\"EntryPoint\",\"urlTemplate\":\"https:\/\/www.encontramontesclaros.com.br\/noticias\/?s={search_term_string}\"},\"query-input\":{\"@type\":\"PropertyValueSpecification\",\"valueRequired\":true,\"valueName\":\"search_term_string\"}}],\"inLanguage\":\"pt-BR\"},{\"@type\":\"Person\",\"@id\":\"https:\/\/www.encontramontesclaros.com.br\/noticias\/#\/schema\/person\/aee9ea87107989474197d40d1258976d\",\"name\":\"Encontra Montes Claros\",\"image\":{\"@type\":\"ImageObject\",\"inLanguage\":\"pt-BR\",\"@id\":\"https:\/\/www.encontramontesclaros.com.br\/noticias\/#\/schema\/person\/image\/\",\"url\":\"https:\/\/secure.gravatar.com\/avatar\/507340682b8270222e1f208e23198b6ae7e2c6a1033ae84e99bc6bce4f82a387?s=96&d=mm&r=g\",\"contentUrl\":\"https:\/\/secure.gravatar.com\/avatar\/507340682b8270222e1f208e23198b6ae7e2c6a1033ae84e99bc6bce4f82a387?s=96&d=mm&r=g\",\"caption\":\"Encontra Montes Claros\"},\"sameAs\":[\"http:\/\/www.encontramontesclaros.com.br\"],\"url\":\"https:\/\/www.encontramontesclaros.com.br\/noticias\/author\/emontesclaros\/\"}]}<\/script>\n<!-- \/ Yoast SEO plugin. -->","yoast_head_json":{"title":"Mulher morre em Montes Claros com suspeita de dengue hemorr\u00e1gica - Not\u00edcias da Cidade Montes Claros","robots":{"index":"index","follow":"follow","max-snippet":"max-snippet:-1","max-image-preview":"max-image-preview:large","max-video-preview":"max-video-preview:-1"},"canonical":"https:\/\/www.encontramontesclaros.com.br\/noticias\/mulher-morre-em-montes-claros-com-suspeita-de-dengue-hemorragica\/","og_locale":"pt_BR","og_type":"article","og_title":"Mulher morre em Montes Claros com suspeita de dengue hemorr\u00e1gica - Not\u00edcias da Cidade Montes Claros","og_description":"Morreu na manh\u00e3 deste s\u00e1bado (02), uma mulher de 32 anos que pode ser mais uma v\u00edtima de dengue hemorr\u00e1gica. Kely Tatiane da Concei\u00e7\u00e3o Nunes estava internada no CTI. De acordo com o marido da v\u00edtma, Wagner Santos Mota, a fam\u00edlia procurou atendimento na Santa Casa de Montes Claros, onde a mulher teria plano de [&hellip;]","og_url":"https:\/\/www.encontramontesclaros.com.br\/noticias\/mulher-morre-em-montes-claros-com-suspeita-de-dengue-hemorragica\/","og_site_name":"Not\u00edcias da Cidade Montes Claros","article_published_time":"2013-03-04T13:51:55+00:00","article_modified_time":"2013-08-19T12:08:59+00:00","author":"Encontra Montes Claros","twitter_card":"summary_large_image","twitter_misc":{"Escrito por":"Encontra Montes Claros","Est. tempo de leitura":"1 minuto"},"schema":{"@context":"https:\/\/schema.org","@graph":[{"@type":"WebPage","@id":"https:\/\/www.encontramontesclaros.com.br\/noticias\/mulher-morre-em-montes-claros-com-suspeita-de-dengue-hemorragica\/","url":"https:\/\/www.encontramontesclaros.com.br\/noticias\/mulher-morre-em-montes-claros-com-suspeita-de-dengue-hemorragica\/","name":"Mulher morre em Montes Claros com suspeita de dengue hemorr\u00e1gica - Not\u00edcias da Cidade Montes Claros","isPartOf":{"@id":"https:\/\/www.encontramontesclaros.com.br\/noticias\/#website"},"datePublished":"2013-03-04T13:51:55+00:00","dateModified":"2013-08-19T12:08:59+00:00","author":{"@id":"https:\/\/www.encontramontesclaros.com.br\/noticias\/#\/schema\/person\/aee9ea87107989474197d40d1258976d"},"breadcrumb":{"@id":"https:\/\/www.encontramontesclaros.com.br\/noticias\/mulher-morre-em-montes-claros-com-suspeita-de-dengue-hemorragica\/#breadcrumb"},"inLanguage":"pt-BR","potentialAction":[{"@type":"ReadAction","target":["https:\/\/www.encontramontesclaros.com.br\/noticias\/mulher-morre-em-montes-claros-com-suspeita-de-dengue-hemorragica\/"]}]},{"@type":"BreadcrumbList","@id":"https:\/\/www.encontramontesclaros.com.br\/noticias\/mulher-morre-em-montes-claros-com-suspeita-de-dengue-hemorragica\/#breadcrumb","itemListElement":[{"@type":"ListItem","position":1,"name":"In\u00edcio","item":"https:\/\/www.encontramontesclaros.com.br\/noticias\/"},{"@type":"ListItem","position":2,"name":"Mulher morre em Montes Claros com suspeita de dengue hemorr\u00e1gica"}]},{"@type":"WebSite","@id":"https:\/\/www.encontramontesclaros.com.br\/noticias\/#website","url":"https:\/\/www.encontramontesclaros.com.br\/noticias\/","name":"Not\u00edcias da Cidade Montes Claros","description":"Not\u00edcias, eventos, informa\u00e7\u00f5es e dicas da cidade de Montes Claros e regi\u00e3o","potentialAction":[{"@type":"SearchAction","target":{"@type":"EntryPoint","urlTemplate":"https:\/\/www.encontramontesclaros.com.br\/noticias\/?s={search_term_string}"},"query-input":{"@type":"PropertyValueSpecification","valueRequired":true,"valueName":"search_term_string"}}],"inLanguage":"pt-BR"},{"@type":"Person","@id":"https:\/\/www.encontramontesclaros.com.br\/noticias\/#\/schema\/person\/aee9ea87107989474197d40d1258976d","name":"Encontra Montes Claros","image":{"@type":"ImageObject","inLanguage":"pt-BR","@id":"https:\/\/www.encontramontesclaros.com.br\/noticias\/#\/schema\/person\/image\/","url":"https:\/\/secure.gravatar.com\/avatar\/507340682b8270222e1f208e23198b6ae7e2c6a1033ae84e99bc6bce4f82a387?s=96&d=mm&r=g","contentUrl":"https:\/\/secure.gravatar.com\/avatar\/507340682b8270222e1f208e23198b6ae7e2c6a1033ae84e99bc6bce4f82a387?s=96&d=mm&r=g","caption":"Encontra Montes Claros"},"sameAs":["http:\/\/www.encontramontesclaros.com.br"],"url":"https:\/\/www.encontramontesclaros.com.br\/noticias\/author\/emontesclaros\/"}]}},"_links":{"self":[{"href":"https:\/\/www.encontramontesclaros.com.br\/noticias\/wp-json\/wp\/v2\/posts\/325","targetHints":{"allow":["GET"]}}],"collection":[{"href":"https:\/\/www.encontramontesclaros.com.br\/noticias\/wp-json\/wp\/v2\/posts"}],"about":[{"href":"https:\/\/www.encontramontesclaros.com.br\/noticias\/wp-json\/wp\/v2\/types\/post"}],"author":[{"embeddable":true,"href":"https:\/\/www.encontramontesclaros.com.br\/noticias\/wp-json\/wp\/v2\/users\/1"}],"replies":[{"embeddable":true,"href":"https:\/\/www.encontramontesclaros.com.br\/noticias\/wp-json\/wp\/v2\/comments?post=325"}],"version-history":[{"count":3,"href":"https:\/\/www.encontramontesclaros.com.br\/noticias\/wp-json\/wp\/v2\/posts\/325\/revisions"}],"predecessor-version":[{"id":529,"href":"https:\/\/www.encontramontesclaros.com.br\/noticias\/wp-json\/wp\/v2\/posts\/325\/revisions\/529"}],"wp:attachment":[{"href":"https:\/\/www.encontramontesclaros.com.br\/noticias\/wp-json\/wp\/v2\/media?parent=325"}],"wp:term":[{"taxonomy":"category","embeddable":true,"href":"https:\/\/www.encontramontesclaros.com.br\/noticias\/wp-json\/wp\/v2\/categories?post=325"},{"taxonomy":"post_tag","embeddable":true,"href":"https:\/\/www.encontramontesclaros.com.br\/noticias\/wp-json\/wp\/v2\/tags?post=325"}],"curies":[{"name":"wp","href":"https:\/\/api.w.org\/{rel}","templated":true}]}}