{"id":178,"date":"2012-08-22T11:11:51","date_gmt":"2012-08-22T11:11:51","guid":{"rendered":"http:\/\/www.encontramontesclaros.com.br\/noticias\/?p=178"},"modified":"2013-08-19T12:08:55","modified_gmt":"2013-08-19T12:08:55","slug":"prefeitura-de-montes-claros-alienara-14-terrenos-no-mes-que-vem","status":"publish","type":"post","link":"https:\/\/www.encontramontesclaros.com.br\/noticias\/prefeitura-de-montes-claros-alienara-14-terrenos-no-mes-que-vem\/","title":{"rendered":"Prefeitura de Montes Claros alienar\u00e1 14 terrenos no m\u00eas que vem"},"content":{"rendered":"<p>Entre os 14   terrenos de propriedade do Munic\u00edpio, que a Prefeitura da cidade de Montes Claros alienar\u00e1 no m\u00eas que vem para realizar investimentos na \u00e1rea de infraestrutura   (recapeamento asf\u00e1ltico) em bairros da periferia, alguns est\u00e3o situados em \u00e1reas   cobi\u00e7ad\u00edssimas, como Alto S\u00e3o Jo\u00e3o e avenidas Sidney Chaves e Osmani Barbosa.<\/p>\n<p>A licita\u00e7\u00e3o na   modalidade concorr\u00eancia, do tipo maior lance ofertado, ser\u00e1 dia 18 de   setembro, a partir das 9 horas, na Sala da Comiss\u00e3o Permanente de Licita\u00e7\u00f5es   e Julgamento (Avenida Cula Mangabeira, 211-B, Centro).<\/p>\n<p>Veja, abaixo, as   caracter\u00edsticas e os pre\u00e7os estabelecidos para cada um dos terrenos:<\/p>\n<p>01 \u2013 \u00c1rea: 2.873,08   m\u00b2, na Rua Coronel Jos\u00e9 Alves com Rua Bernardino Souto, Bairro S\u00e3o Jo\u00e3o.   Pre\u00e7o: R$ 1.723,848,00.<\/p>\n<p>02 \u2013 \u00c1rea: 1.478,95   m\u00b2, na Avenida Sidney Chaves com Rua Ventor Fernandes, Bairro Edgar Pereira.   Pre\u00e7o: R$ 443.685,00.<\/p>\n<p>03 \u2013 \u00c1rea: 5.548,19   m\u00b2, na Rua Francisco Coutinho, Rua No\u00e9 Luiz e Rua Ivan Lopes, Bairro Augusta   Mota. Pre\u00e7o: R$ 798.939,36.<\/p>\n<p>04 \u2013 \u00c1rea:   14.540,28 m\u00b2, na Avenida Osmani Barbosa, Bairro J.K.. Pre\u00e7o: R$ 1.017.819,60.<\/p>\n<p>05 \u2013 \u00c1rea: 1.457,35   m\u00b2, na Rua Benjamim dos Anjos com Rua Tapaj\u00f3s, Bairro Melo. Pre\u00e7o: R$   801.542,50.<\/p>\n<p>06 \u2013 \u00c1rea: 5.435,00   m\u00b2, na Rua N, Bairro Ac\u00e1cias. Pre\u00e7o: R$ 344.216,66.<\/p>\n<p>07 \u2013 \u00c1rea: 5.666,48   m\u00b2, na Rua B, Rua D e Rua E, Bairro Raul Louren\u00e7o. Pre\u00e7o: R$ 339.988,80.<\/p>\n<p>08 \u2013 \u00c1rea: 2.086,82   m\u00b2, na Rua C, Bairro Nossa Senhora Aparecida. Pre\u00e7o: R$ 187.813,38.<\/p>\n<p>09 \u2013 \u00c1rea: 3.983,00   m\u00b2, na Rua Pedro Pereira dos Santos com Rua CD, Bairro Jardim Panorama.   Pre\u00e7o: R$ 258.895,00.<\/p>\n<p>10 \u2013 \u00c1rea: 2.000,00   m\u00b2, na Rua N, Bairro Ac\u00e1cias. Pre\u00e7o: R$ 100.000,00.<\/p>\n<p>11 \u2013 \u00c1rea: 5.263,50   m\u00b2, na Alameda Lagoa Araruama com Alameda Rodrigo de Freitas, Bairro Carmelo.   Pre\u00e7o: R$ 184.222,50.<\/p>\n<p>12 \u2013 \u00c1rea:   12.000,00 m\u00b2, na Rua G, Bairro Novo Jaragu\u00e1. Pre\u00e7o: R$ 192.000,00.<\/p>\n<p>13 \u2013 \u00c1rea: 7.414,76   m\u00b2, na Rua Engenheiro Eug\u00eanio Benjamim Silva, Rua Engenheiro Ad\u00e3o Levi   Barbosa e Rua Serra do Cip\u00f3, Bairro Morada da Serra. Pre\u00e7o: R$ 1.070.197,02.<\/p>\n<p>14 \u2013 \u00c1rea: 288,66   m\u00b2, na Avenida Geraldo Athayde, Bairro Alto S\u00e3o Jo\u00e3o. Pre\u00e7o: R$ 174.639,30.<\/p>\n<p><em>Fonte: Montesclaros.com.br<\/em><\/p>\n","protected":false},"excerpt":{"rendered":"<p>Entre os 14 terrenos de propriedade do Munic\u00edpio, que a Prefeitura da cidade de Montes Claros alienar\u00e1 no m\u00eas que vem para realizar investimentos na \u00e1rea de infraestrutura (recapeamento asf\u00e1ltico) em bairros da periferia, alguns est\u00e3o situados em \u00e1reas cobi\u00e7ad\u00edssimas, como Alto S\u00e3o Jo\u00e3o e avenidas Sidney Chaves e Osmani Barbosa. A licita\u00e7\u00e3o na modalidade [&hellip;]<\/p>\n","protected":false},"author":1,"featured_media":0,"comment_status":"open","ping_status":"open","sticky":false,"template":"","format":"standard","meta":{"footnotes":""},"categories":[6],"tags":[],"class_list":["post-178","post","type-post","status-publish","format-standard","hentry","category-noticias-montes-claros"],"yoast_head":"<!-- This site is optimized with the Yoast SEO plugin v25.9 - https:\/\/yoast.com\/wordpress\/plugins\/seo\/ -->\n<title>Prefeitura de Montes Claros alienar\u00e1 14 terrenos no m\u00eas que vem  - Not\u00edcias da Cidade Montes Claros<\/title>\n<meta name=\"robots\" content=\"index, follow, max-snippet:-1, max-image-preview:large, max-video-preview:-1\" \/>\n<link rel=\"canonical\" href=\"https:\/\/www.encontramontesclaros.com.br\/noticias\/prefeitura-de-montes-claros-alienara-14-terrenos-no-mes-que-vem\/\" \/>\n<meta property=\"og:locale\" content=\"pt_BR\" \/>\n<meta property=\"og:type\" content=\"article\" \/>\n<meta property=\"og:title\" content=\"Prefeitura de Montes Claros alienar\u00e1 14 terrenos no m\u00eas que vem  - Not\u00edcias da Cidade Montes Claros\" \/>\n<meta property=\"og:description\" content=\"Entre os 14 terrenos de propriedade do Munic\u00edpio, que a Prefeitura da cidade de Montes Claros alienar\u00e1 no m\u00eas que vem para realizar investimentos na \u00e1rea de infraestrutura (recapeamento asf\u00e1ltico) em bairros da periferia, alguns est\u00e3o situados em \u00e1reas cobi\u00e7ad\u00edssimas, como Alto S\u00e3o Jo\u00e3o e avenidas Sidney Chaves e Osmani Barbosa. A licita\u00e7\u00e3o na modalidade [&hellip;]\" \/>\n<meta property=\"og:url\" content=\"https:\/\/www.encontramontesclaros.com.br\/noticias\/prefeitura-de-montes-claros-alienara-14-terrenos-no-mes-que-vem\/\" \/>\n<meta property=\"og:site_name\" content=\"Not\u00edcias da Cidade Montes Claros\" \/>\n<meta property=\"article:published_time\" content=\"2012-08-22T11:11:51+00:00\" \/>\n<meta property=\"article:modified_time\" content=\"2013-08-19T12:08:55+00:00\" \/>\n<meta name=\"author\" content=\"Encontra Montes Claros\" \/>\n<meta name=\"twitter:card\" content=\"summary_large_image\" \/>\n<meta name=\"twitter:label1\" content=\"Escrito por\" \/>\n\t<meta name=\"twitter:data1\" content=\"Encontra Montes Claros\" \/>\n\t<meta name=\"twitter:label2\" content=\"Est. tempo de leitura\" \/>\n\t<meta name=\"twitter:data2\" content=\"2 minutos\" \/>\n<script type=\"application\/ld+json\" class=\"yoast-schema-graph\">{\"@context\":\"https:\/\/schema.org\",\"@graph\":[{\"@type\":\"WebPage\",\"@id\":\"https:\/\/www.encontramontesclaros.com.br\/noticias\/prefeitura-de-montes-claros-alienara-14-terrenos-no-mes-que-vem\/\",\"url\":\"https:\/\/www.encontramontesclaros.com.br\/noticias\/prefeitura-de-montes-claros-alienara-14-terrenos-no-mes-que-vem\/\",\"name\":\"Prefeitura de Montes Claros alienar\u00e1 14 terrenos no m\u00eas que vem - Not\u00edcias da Cidade Montes Claros\",\"isPartOf\":{\"@id\":\"https:\/\/www.encontramontesclaros.com.br\/noticias\/#website\"},\"datePublished\":\"2012-08-22T11:11:51+00:00\",\"dateModified\":\"2013-08-19T12:08:55+00:00\",\"author\":{\"@id\":\"https:\/\/www.encontramontesclaros.com.br\/noticias\/#\/schema\/person\/aee9ea87107989474197d40d1258976d\"},\"breadcrumb\":{\"@id\":\"https:\/\/www.encontramontesclaros.com.br\/noticias\/prefeitura-de-montes-claros-alienara-14-terrenos-no-mes-que-vem\/#breadcrumb\"},\"inLanguage\":\"pt-BR\",\"potentialAction\":[{\"@type\":\"ReadAction\",\"target\":[\"https:\/\/www.encontramontesclaros.com.br\/noticias\/prefeitura-de-montes-claros-alienara-14-terrenos-no-mes-que-vem\/\"]}]},{\"@type\":\"BreadcrumbList\",\"@id\":\"https:\/\/www.encontramontesclaros.com.br\/noticias\/prefeitura-de-montes-claros-alienara-14-terrenos-no-mes-que-vem\/#breadcrumb\",\"itemListElement\":[{\"@type\":\"ListItem\",\"position\":1,\"name\":\"In\u00edcio\",\"item\":\"https:\/\/www.encontramontesclaros.com.br\/noticias\/\"},{\"@type\":\"ListItem\",\"position\":2,\"name\":\"Prefeitura de Montes Claros alienar\u00e1 14 terrenos no m\u00eas que vem\"}]},{\"@type\":\"WebSite\",\"@id\":\"https:\/\/www.encontramontesclaros.com.br\/noticias\/#website\",\"url\":\"https:\/\/www.encontramontesclaros.com.br\/noticias\/\",\"name\":\"Not\u00edcias da Cidade Montes Claros\",\"description\":\"Not\u00edcias, eventos, informa\u00e7\u00f5es e dicas da cidade de Montes Claros e regi\u00e3o\",\"potentialAction\":[{\"@type\":\"SearchAction\",\"target\":{\"@type\":\"EntryPoint\",\"urlTemplate\":\"https:\/\/www.encontramontesclaros.com.br\/noticias\/?s={search_term_string}\"},\"query-input\":{\"@type\":\"PropertyValueSpecification\",\"valueRequired\":true,\"valueName\":\"search_term_string\"}}],\"inLanguage\":\"pt-BR\"},{\"@type\":\"Person\",\"@id\":\"https:\/\/www.encontramontesclaros.com.br\/noticias\/#\/schema\/person\/aee9ea87107989474197d40d1258976d\",\"name\":\"Encontra Montes Claros\",\"image\":{\"@type\":\"ImageObject\",\"inLanguage\":\"pt-BR\",\"@id\":\"https:\/\/www.encontramontesclaros.com.br\/noticias\/#\/schema\/person\/image\/\",\"url\":\"https:\/\/secure.gravatar.com\/avatar\/507340682b8270222e1f208e23198b6ae7e2c6a1033ae84e99bc6bce4f82a387?s=96&d=mm&r=g\",\"contentUrl\":\"https:\/\/secure.gravatar.com\/avatar\/507340682b8270222e1f208e23198b6ae7e2c6a1033ae84e99bc6bce4f82a387?s=96&d=mm&r=g\",\"caption\":\"Encontra Montes Claros\"},\"sameAs\":[\"http:\/\/www.encontramontesclaros.com.br\"],\"url\":\"https:\/\/www.encontramontesclaros.com.br\/noticias\/author\/emontesclaros\/\"}]}<\/script>\n<!-- \/ Yoast SEO plugin. -->","yoast_head_json":{"title":"Prefeitura de Montes Claros alienar\u00e1 14 terrenos no m\u00eas que vem  - Not\u00edcias da Cidade Montes Claros","robots":{"index":"index","follow":"follow","max-snippet":"max-snippet:-1","max-image-preview":"max-image-preview:large","max-video-preview":"max-video-preview:-1"},"canonical":"https:\/\/www.encontramontesclaros.com.br\/noticias\/prefeitura-de-montes-claros-alienara-14-terrenos-no-mes-que-vem\/","og_locale":"pt_BR","og_type":"article","og_title":"Prefeitura de Montes Claros alienar\u00e1 14 terrenos no m\u00eas que vem  - Not\u00edcias da Cidade Montes Claros","og_description":"Entre os 14 terrenos de propriedade do Munic\u00edpio, que a Prefeitura da cidade de Montes Claros alienar\u00e1 no m\u00eas que vem para realizar investimentos na \u00e1rea de infraestrutura (recapeamento asf\u00e1ltico) em bairros da periferia, alguns est\u00e3o situados em \u00e1reas cobi\u00e7ad\u00edssimas, como Alto S\u00e3o Jo\u00e3o e avenidas Sidney Chaves e Osmani Barbosa. A licita\u00e7\u00e3o na modalidade [&hellip;]","og_url":"https:\/\/www.encontramontesclaros.com.br\/noticias\/prefeitura-de-montes-claros-alienara-14-terrenos-no-mes-que-vem\/","og_site_name":"Not\u00edcias da Cidade Montes Claros","article_published_time":"2012-08-22T11:11:51+00:00","article_modified_time":"2013-08-19T12:08:55+00:00","author":"Encontra Montes Claros","twitter_card":"summary_large_image","twitter_misc":{"Escrito por":"Encontra Montes Claros","Est. tempo de leitura":"2 minutos"},"schema":{"@context":"https:\/\/schema.org","@graph":[{"@type":"WebPage","@id":"https:\/\/www.encontramontesclaros.com.br\/noticias\/prefeitura-de-montes-claros-alienara-14-terrenos-no-mes-que-vem\/","url":"https:\/\/www.encontramontesclaros.com.br\/noticias\/prefeitura-de-montes-claros-alienara-14-terrenos-no-mes-que-vem\/","name":"Prefeitura de Montes Claros alienar\u00e1 14 terrenos no m\u00eas que vem - Not\u00edcias da Cidade Montes Claros","isPartOf":{"@id":"https:\/\/www.encontramontesclaros.com.br\/noticias\/#website"},"datePublished":"2012-08-22T11:11:51+00:00","dateModified":"2013-08-19T12:08:55+00:00","author":{"@id":"https:\/\/www.encontramontesclaros.com.br\/noticias\/#\/schema\/person\/aee9ea87107989474197d40d1258976d"},"breadcrumb":{"@id":"https:\/\/www.encontramontesclaros.com.br\/noticias\/prefeitura-de-montes-claros-alienara-14-terrenos-no-mes-que-vem\/#breadcrumb"},"inLanguage":"pt-BR","potentialAction":[{"@type":"ReadAction","target":["https:\/\/www.encontramontesclaros.com.br\/noticias\/prefeitura-de-montes-claros-alienara-14-terrenos-no-mes-que-vem\/"]}]},{"@type":"BreadcrumbList","@id":"https:\/\/www.encontramontesclaros.com.br\/noticias\/prefeitura-de-montes-claros-alienara-14-terrenos-no-mes-que-vem\/#breadcrumb","itemListElement":[{"@type":"ListItem","position":1,"name":"In\u00edcio","item":"https:\/\/www.encontramontesclaros.com.br\/noticias\/"},{"@type":"ListItem","position":2,"name":"Prefeitura de Montes Claros alienar\u00e1 14 terrenos no m\u00eas que vem"}]},{"@type":"WebSite","@id":"https:\/\/www.encontramontesclaros.com.br\/noticias\/#website","url":"https:\/\/www.encontramontesclaros.com.br\/noticias\/","name":"Not\u00edcias da Cidade Montes Claros","description":"Not\u00edcias, eventos, informa\u00e7\u00f5es e dicas da cidade de Montes Claros e regi\u00e3o","potentialAction":[{"@type":"SearchAction","target":{"@type":"EntryPoint","urlTemplate":"https:\/\/www.encontramontesclaros.com.br\/noticias\/?s={search_term_string}"},"query-input":{"@type":"PropertyValueSpecification","valueRequired":true,"valueName":"search_term_string"}}],"inLanguage":"pt-BR"},{"@type":"Person","@id":"https:\/\/www.encontramontesclaros.com.br\/noticias\/#\/schema\/person\/aee9ea87107989474197d40d1258976d","name":"Encontra Montes Claros","image":{"@type":"ImageObject","inLanguage":"pt-BR","@id":"https:\/\/www.encontramontesclaros.com.br\/noticias\/#\/schema\/person\/image\/","url":"https:\/\/secure.gravatar.com\/avatar\/507340682b8270222e1f208e23198b6ae7e2c6a1033ae84e99bc6bce4f82a387?s=96&d=mm&r=g","contentUrl":"https:\/\/secure.gravatar.com\/avatar\/507340682b8270222e1f208e23198b6ae7e2c6a1033ae84e99bc6bce4f82a387?s=96&d=mm&r=g","caption":"Encontra Montes Claros"},"sameAs":["http:\/\/www.encontramontesclaros.com.br"],"url":"https:\/\/www.encontramontesclaros.com.br\/noticias\/author\/emontesclaros\/"}]}},"_links":{"self":[{"href":"https:\/\/www.encontramontesclaros.com.br\/noticias\/wp-json\/wp\/v2\/posts\/178","targetHints":{"allow":["GET"]}}],"collection":[{"href":"https:\/\/www.encontramontesclaros.com.br\/noticias\/wp-json\/wp\/v2\/posts"}],"about":[{"href":"https:\/\/www.encontramontesclaros.com.br\/noticias\/wp-json\/wp\/v2\/types\/post"}],"author":[{"embeddable":true,"href":"https:\/\/www.encontramontesclaros.com.br\/noticias\/wp-json\/wp\/v2\/users\/1"}],"replies":[{"embeddable":true,"href":"https:\/\/www.encontramontesclaros.com.br\/noticias\/wp-json\/wp\/v2\/comments?post=178"}],"version-history":[{"count":4,"href":"https:\/\/www.encontramontesclaros.com.br\/noticias\/wp-json\/wp\/v2\/posts\/178\/revisions"}],"predecessor-version":[{"id":180,"href":"https:\/\/www.encontramontesclaros.com.br\/noticias\/wp-json\/wp\/v2\/posts\/178\/revisions\/180"}],"wp:attachment":[{"href":"https:\/\/www.encontramontesclaros.com.br\/noticias\/wp-json\/wp\/v2\/media?parent=178"}],"wp:term":[{"taxonomy":"category","embeddable":true,"href":"https:\/\/www.encontramontesclaros.com.br\/noticias\/wp-json\/wp\/v2\/categories?post=178"},{"taxonomy":"post_tag","embeddable":true,"href":"https:\/\/www.encontramontesclaros.com.br\/noticias\/wp-json\/wp\/v2\/tags?post=178"}],"curies":[{"name":"wp","href":"https:\/\/api.w.org\/{rel}","templated":true}]}}