{"id":173,"date":"2012-08-08T00:24:06","date_gmt":"2012-08-08T00:24:06","guid":{"rendered":"http:\/\/www.encontramontesclaros.com.br\/noticias\/?p=173"},"modified":"2013-08-19T12:08:55","modified_gmt":"2013-08-19T12:08:55","slug":"tremores-de-terra-em-montes-claros-comecam-a-ser-investigados","status":"publish","type":"post","link":"https:\/\/www.encontramontesclaros.com.br\/noticias\/tremores-de-terra-em-montes-claros-comecam-a-ser-investigados\/","title":{"rendered":"Tremores de terra em Montes Claros come\u00e7am a ser investigados"},"content":{"rendered":"<p>Come\u00e7am estudos para investigar causa de tremores de terra \u2013 Sism\u00f3logos e geof\u00edsicos das universidades de Bras\u00edlia (UnB) e S\u00e3o Paulo (USP) deram in\u00edcio, ontem, a estudos t\u00e9cnicos sobre os tremores de terra registrados em Montes Claros.<\/p>\n<p>O objetivo \u00e9 descobrir a raz\u00e3o dos abalos. As an\u00e1lises ser\u00e3o feitas a partir de dados dos sete sism\u00f3grafos da cidade. No dia 3, a terra balan\u00e7ou pela 40\u00aa vez no munic\u00edpio, desde 2008. N\u00e3o houve feridos. No s\u00e1bado, uma equipe do estado de S\u00e3o Paulo, comandada pelo geof\u00edsico Luiz Galhardo, concluiu a coleta de informa\u00e7\u00f5es. O material ser\u00e1 encaminhado ao Instituto de Astronomia e Geof\u00edsica da USP.<\/p>\n<p>Luiz Galhardo diz que os primeiros ind\u00edcios apontam para tremores naturais, causados por falhas geol\u00f3gicas ou similares. Ele afirma que as exposi\u00e7\u00f5es provocadas por pedreiras que ficam na regi\u00e3o servir\u00e3o para calibrar os sism\u00f3grafos, mas lembra que as detona\u00e7\u00f5es s\u00e3o informadas com anteced\u00eancia, o que permite checar se foram registradas pelos equipamentos. J\u00e1 a professora M\u00f4nica Von Huelsen, chefe do Observat\u00f3rio Sismol\u00f3gico da UnB, acredita que, al\u00e9m de fatores naturais, explos\u00f5es nas pedreiras possam estar relacionadas ao fen\u00f4meno. A instala\u00e7\u00e3o de uma Esta\u00e7\u00e3o Permanente de Sismologia no munic\u00edpio deve acontecer somente no fim de outubro, quando a Universidade Estadual de Montes Claros receber\u00e1 o sism\u00f3grafo comprado, no M\u00e9xico, pelo governo do Estado.<\/p>\n<p><em>Fonte: Montesclaros.com<\/em><\/p>\n","protected":false},"excerpt":{"rendered":"<p>Come\u00e7am estudos para investigar causa de tremores de terra \u2013 Sism\u00f3logos e geof\u00edsicos das universidades de Bras\u00edlia (UnB) e S\u00e3o Paulo (USP) deram in\u00edcio, ontem, a estudos t\u00e9cnicos sobre os tremores de terra registrados em Montes Claros. O objetivo \u00e9 descobrir a raz\u00e3o dos abalos. As an\u00e1lises ser\u00e3o feitas a partir de dados dos sete [&hellip;]<\/p>\n","protected":false},"author":1,"featured_media":0,"comment_status":"open","ping_status":"open","sticky":false,"template":"","format":"standard","meta":{"footnotes":""},"categories":[6],"tags":[],"class_list":["post-173","post","type-post","status-publish","format-standard","hentry","category-noticias-montes-claros"],"yoast_head":"<!-- This site is optimized with the Yoast SEO plugin v25.9 - https:\/\/yoast.com\/wordpress\/plugins\/seo\/ -->\n<title>Tremores de terra em Montes Claros come\u00e7am a ser investigados - Not\u00edcias da Cidade Montes Claros<\/title>\n<meta name=\"robots\" content=\"index, follow, max-snippet:-1, max-image-preview:large, max-video-preview:-1\" \/>\n<link rel=\"canonical\" href=\"https:\/\/www.encontramontesclaros.com.br\/noticias\/tremores-de-terra-em-montes-claros-comecam-a-ser-investigados\/\" \/>\n<meta property=\"og:locale\" content=\"pt_BR\" \/>\n<meta property=\"og:type\" content=\"article\" \/>\n<meta property=\"og:title\" content=\"Tremores de terra em Montes Claros come\u00e7am a ser investigados - Not\u00edcias da Cidade Montes Claros\" \/>\n<meta property=\"og:description\" content=\"Come\u00e7am estudos para investigar causa de tremores de terra \u2013 Sism\u00f3logos e geof\u00edsicos das universidades de Bras\u00edlia (UnB) e S\u00e3o Paulo (USP) deram in\u00edcio, ontem, a estudos t\u00e9cnicos sobre os tremores de terra registrados em Montes Claros. O objetivo \u00e9 descobrir a raz\u00e3o dos abalos. As an\u00e1lises ser\u00e3o feitas a partir de dados dos sete [&hellip;]\" \/>\n<meta property=\"og:url\" content=\"https:\/\/www.encontramontesclaros.com.br\/noticias\/tremores-de-terra-em-montes-claros-comecam-a-ser-investigados\/\" \/>\n<meta property=\"og:site_name\" content=\"Not\u00edcias da Cidade Montes Claros\" \/>\n<meta property=\"article:published_time\" content=\"2012-08-08T00:24:06+00:00\" \/>\n<meta property=\"article:modified_time\" content=\"2013-08-19T12:08:55+00:00\" \/>\n<meta name=\"author\" content=\"Encontra Montes Claros\" \/>\n<meta name=\"twitter:card\" content=\"summary_large_image\" \/>\n<meta name=\"twitter:label1\" content=\"Escrito por\" \/>\n\t<meta name=\"twitter:data1\" content=\"Encontra Montes Claros\" \/>\n\t<meta name=\"twitter:label2\" content=\"Est. tempo de leitura\" \/>\n\t<meta name=\"twitter:data2\" content=\"1 minuto\" \/>\n<script type=\"application\/ld+json\" class=\"yoast-schema-graph\">{\"@context\":\"https:\/\/schema.org\",\"@graph\":[{\"@type\":\"WebPage\",\"@id\":\"https:\/\/www.encontramontesclaros.com.br\/noticias\/tremores-de-terra-em-montes-claros-comecam-a-ser-investigados\/\",\"url\":\"https:\/\/www.encontramontesclaros.com.br\/noticias\/tremores-de-terra-em-montes-claros-comecam-a-ser-investigados\/\",\"name\":\"Tremores de terra em Montes Claros come\u00e7am a ser investigados - Not\u00edcias da Cidade Montes Claros\",\"isPartOf\":{\"@id\":\"https:\/\/www.encontramontesclaros.com.br\/noticias\/#website\"},\"datePublished\":\"2012-08-08T00:24:06+00:00\",\"dateModified\":\"2013-08-19T12:08:55+00:00\",\"author\":{\"@id\":\"https:\/\/www.encontramontesclaros.com.br\/noticias\/#\/schema\/person\/aee9ea87107989474197d40d1258976d\"},\"breadcrumb\":{\"@id\":\"https:\/\/www.encontramontesclaros.com.br\/noticias\/tremores-de-terra-em-montes-claros-comecam-a-ser-investigados\/#breadcrumb\"},\"inLanguage\":\"pt-BR\",\"potentialAction\":[{\"@type\":\"ReadAction\",\"target\":[\"https:\/\/www.encontramontesclaros.com.br\/noticias\/tremores-de-terra-em-montes-claros-comecam-a-ser-investigados\/\"]}]},{\"@type\":\"BreadcrumbList\",\"@id\":\"https:\/\/www.encontramontesclaros.com.br\/noticias\/tremores-de-terra-em-montes-claros-comecam-a-ser-investigados\/#breadcrumb\",\"itemListElement\":[{\"@type\":\"ListItem\",\"position\":1,\"name\":\"In\u00edcio\",\"item\":\"https:\/\/www.encontramontesclaros.com.br\/noticias\/\"},{\"@type\":\"ListItem\",\"position\":2,\"name\":\"Tremores de terra em Montes Claros come\u00e7am a ser investigados\"}]},{\"@type\":\"WebSite\",\"@id\":\"https:\/\/www.encontramontesclaros.com.br\/noticias\/#website\",\"url\":\"https:\/\/www.encontramontesclaros.com.br\/noticias\/\",\"name\":\"Not\u00edcias da Cidade Montes Claros\",\"description\":\"Not\u00edcias, eventos, informa\u00e7\u00f5es e dicas da cidade de Montes Claros e regi\u00e3o\",\"potentialAction\":[{\"@type\":\"SearchAction\",\"target\":{\"@type\":\"EntryPoint\",\"urlTemplate\":\"https:\/\/www.encontramontesclaros.com.br\/noticias\/?s={search_term_string}\"},\"query-input\":{\"@type\":\"PropertyValueSpecification\",\"valueRequired\":true,\"valueName\":\"search_term_string\"}}],\"inLanguage\":\"pt-BR\"},{\"@type\":\"Person\",\"@id\":\"https:\/\/www.encontramontesclaros.com.br\/noticias\/#\/schema\/person\/aee9ea87107989474197d40d1258976d\",\"name\":\"Encontra Montes Claros\",\"image\":{\"@type\":\"ImageObject\",\"inLanguage\":\"pt-BR\",\"@id\":\"https:\/\/www.encontramontesclaros.com.br\/noticias\/#\/schema\/person\/image\/\",\"url\":\"https:\/\/secure.gravatar.com\/avatar\/507340682b8270222e1f208e23198b6ae7e2c6a1033ae84e99bc6bce4f82a387?s=96&d=mm&r=g\",\"contentUrl\":\"https:\/\/secure.gravatar.com\/avatar\/507340682b8270222e1f208e23198b6ae7e2c6a1033ae84e99bc6bce4f82a387?s=96&d=mm&r=g\",\"caption\":\"Encontra Montes Claros\"},\"sameAs\":[\"http:\/\/www.encontramontesclaros.com.br\"],\"url\":\"https:\/\/www.encontramontesclaros.com.br\/noticias\/author\/emontesclaros\/\"}]}<\/script>\n<!-- \/ Yoast SEO plugin. -->","yoast_head_json":{"title":"Tremores de terra em Montes Claros come\u00e7am a ser investigados - Not\u00edcias da Cidade Montes Claros","robots":{"index":"index","follow":"follow","max-snippet":"max-snippet:-1","max-image-preview":"max-image-preview:large","max-video-preview":"max-video-preview:-1"},"canonical":"https:\/\/www.encontramontesclaros.com.br\/noticias\/tremores-de-terra-em-montes-claros-comecam-a-ser-investigados\/","og_locale":"pt_BR","og_type":"article","og_title":"Tremores de terra em Montes Claros come\u00e7am a ser investigados - Not\u00edcias da Cidade Montes Claros","og_description":"Come\u00e7am estudos para investigar causa de tremores de terra \u2013 Sism\u00f3logos e geof\u00edsicos das universidades de Bras\u00edlia (UnB) e S\u00e3o Paulo (USP) deram in\u00edcio, ontem, a estudos t\u00e9cnicos sobre os tremores de terra registrados em Montes Claros. O objetivo \u00e9 descobrir a raz\u00e3o dos abalos. As an\u00e1lises ser\u00e3o feitas a partir de dados dos sete [&hellip;]","og_url":"https:\/\/www.encontramontesclaros.com.br\/noticias\/tremores-de-terra-em-montes-claros-comecam-a-ser-investigados\/","og_site_name":"Not\u00edcias da Cidade Montes Claros","article_published_time":"2012-08-08T00:24:06+00:00","article_modified_time":"2013-08-19T12:08:55+00:00","author":"Encontra Montes Claros","twitter_card":"summary_large_image","twitter_misc":{"Escrito por":"Encontra Montes Claros","Est. tempo de leitura":"1 minuto"},"schema":{"@context":"https:\/\/schema.org","@graph":[{"@type":"WebPage","@id":"https:\/\/www.encontramontesclaros.com.br\/noticias\/tremores-de-terra-em-montes-claros-comecam-a-ser-investigados\/","url":"https:\/\/www.encontramontesclaros.com.br\/noticias\/tremores-de-terra-em-montes-claros-comecam-a-ser-investigados\/","name":"Tremores de terra em Montes Claros come\u00e7am a ser investigados - Not\u00edcias da Cidade Montes Claros","isPartOf":{"@id":"https:\/\/www.encontramontesclaros.com.br\/noticias\/#website"},"datePublished":"2012-08-08T00:24:06+00:00","dateModified":"2013-08-19T12:08:55+00:00","author":{"@id":"https:\/\/www.encontramontesclaros.com.br\/noticias\/#\/schema\/person\/aee9ea87107989474197d40d1258976d"},"breadcrumb":{"@id":"https:\/\/www.encontramontesclaros.com.br\/noticias\/tremores-de-terra-em-montes-claros-comecam-a-ser-investigados\/#breadcrumb"},"inLanguage":"pt-BR","potentialAction":[{"@type":"ReadAction","target":["https:\/\/www.encontramontesclaros.com.br\/noticias\/tremores-de-terra-em-montes-claros-comecam-a-ser-investigados\/"]}]},{"@type":"BreadcrumbList","@id":"https:\/\/www.encontramontesclaros.com.br\/noticias\/tremores-de-terra-em-montes-claros-comecam-a-ser-investigados\/#breadcrumb","itemListElement":[{"@type":"ListItem","position":1,"name":"In\u00edcio","item":"https:\/\/www.encontramontesclaros.com.br\/noticias\/"},{"@type":"ListItem","position":2,"name":"Tremores de terra em Montes Claros come\u00e7am a ser investigados"}]},{"@type":"WebSite","@id":"https:\/\/www.encontramontesclaros.com.br\/noticias\/#website","url":"https:\/\/www.encontramontesclaros.com.br\/noticias\/","name":"Not\u00edcias da Cidade Montes Claros","description":"Not\u00edcias, eventos, informa\u00e7\u00f5es e dicas da cidade de Montes Claros e regi\u00e3o","potentialAction":[{"@type":"SearchAction","target":{"@type":"EntryPoint","urlTemplate":"https:\/\/www.encontramontesclaros.com.br\/noticias\/?s={search_term_string}"},"query-input":{"@type":"PropertyValueSpecification","valueRequired":true,"valueName":"search_term_string"}}],"inLanguage":"pt-BR"},{"@type":"Person","@id":"https:\/\/www.encontramontesclaros.com.br\/noticias\/#\/schema\/person\/aee9ea87107989474197d40d1258976d","name":"Encontra Montes Claros","image":{"@type":"ImageObject","inLanguage":"pt-BR","@id":"https:\/\/www.encontramontesclaros.com.br\/noticias\/#\/schema\/person\/image\/","url":"https:\/\/secure.gravatar.com\/avatar\/507340682b8270222e1f208e23198b6ae7e2c6a1033ae84e99bc6bce4f82a387?s=96&d=mm&r=g","contentUrl":"https:\/\/secure.gravatar.com\/avatar\/507340682b8270222e1f208e23198b6ae7e2c6a1033ae84e99bc6bce4f82a387?s=96&d=mm&r=g","caption":"Encontra Montes Claros"},"sameAs":["http:\/\/www.encontramontesclaros.com.br"],"url":"https:\/\/www.encontramontesclaros.com.br\/noticias\/author\/emontesclaros\/"}]}},"_links":{"self":[{"href":"https:\/\/www.encontramontesclaros.com.br\/noticias\/wp-json\/wp\/v2\/posts\/173","targetHints":{"allow":["GET"]}}],"collection":[{"href":"https:\/\/www.encontramontesclaros.com.br\/noticias\/wp-json\/wp\/v2\/posts"}],"about":[{"href":"https:\/\/www.encontramontesclaros.com.br\/noticias\/wp-json\/wp\/v2\/types\/post"}],"author":[{"embeddable":true,"href":"https:\/\/www.encontramontesclaros.com.br\/noticias\/wp-json\/wp\/v2\/users\/1"}],"replies":[{"embeddable":true,"href":"https:\/\/www.encontramontesclaros.com.br\/noticias\/wp-json\/wp\/v2\/comments?post=173"}],"version-history":[{"count":5,"href":"https:\/\/www.encontramontesclaros.com.br\/noticias\/wp-json\/wp\/v2\/posts\/173\/revisions"}],"predecessor-version":[{"id":512,"href":"https:\/\/www.encontramontesclaros.com.br\/noticias\/wp-json\/wp\/v2\/posts\/173\/revisions\/512"}],"wp:attachment":[{"href":"https:\/\/www.encontramontesclaros.com.br\/noticias\/wp-json\/wp\/v2\/media?parent=173"}],"wp:term":[{"taxonomy":"category","embeddable":true,"href":"https:\/\/www.encontramontesclaros.com.br\/noticias\/wp-json\/wp\/v2\/categories?post=173"},{"taxonomy":"post_tag","embeddable":true,"href":"https:\/\/www.encontramontesclaros.com.br\/noticias\/wp-json\/wp\/v2\/tags?post=173"}],"curies":[{"name":"wp","href":"https:\/\/api.w.org\/{rel}","templated":true}]}}